{"id":247543,"date":"2025-11-21T05:50:45","date_gmt":"2025-11-21T05:50:45","guid":{"rendered":"https:\/\/www.europesays.com\/es\/247543\/"},"modified":"2025-11-21T05:50:45","modified_gmt":"2025-11-21T05:50:45","slug":"programa-de-navidad-2025-2026-ayuntamiento-de-alicante","status":"publish","type":"post","link":"https:\/\/www.europesays.com\/es\/247543\/","title":{"rendered":"Programa de Navidad 2025-2026 | Ayuntamiento de Alicante"},"content":{"rendered":"<p>El Excmo. Ayuntamiento de Alicante presenta la\u00a0<strong>programaci\u00f3n de\u00a0actividades navide\u00f1as<\/strong>\u00a0de la ciudad de Alicante 2025-2026.<\/p>\n<p>Programa &#8216;Alicante vive una Navidad Gigante&#8217;<\/p>\n<p>La concejal\u00eda de Fiestas del Excmo. Ayuntamiento de Alicante presenta un avance de la programaci\u00f3n navide\u00f1a de la ciudad de Alicante bajo el lema\u00a0<strong>&#8216;Alicante vive una Navidad Gigante&#8217;<\/strong>:<\/p>\n<ul>\n<li>El alumbrado navide\u00f1o\u00a0se inaugura el 21 de noviembre en la Av. Constituci\u00f3n.<\/li>\n<li>El Bel\u00e9n Gigante se inaugurar\u00e1 el 23\u00a0de noviembre en la plaza del Ayuntamiento.<\/li>\n<li>La cita previa para visitar la Casa de San Nicol\u00e1s se abre el d\u00eda 20 de noviembre y para visitar el Campamento de los Carteros Reales el d\u00eda 18 de diciembre. M\u00e1s informaci\u00f3n en\u00a0<a href=\"http:\/\/citaprevia.alicante.es\" target=\"_blank\" rel=\"nofollow noopener\">http:\/\/citaprevia.alicante.es<\/a>\u00a0&#8216;Tipo de servicio&#8217; &gt; Fiestas.<\/li>\n<li>La venta anticipada de sillas para la Cabalgata de Reyes Magos se puede realizar, desde las 10:00 horas del 26 de diciembre,\u00a0en\u00a0<a href=\"http:\/\/www.vivaticket.es\" target=\"_blank\" rel=\"nofollow noopener\">www.vivaticket.es<\/a>\u00a0o en las taquillas de la Plaza de Toros.<\/li>\n<li>Autob\u00fas de la Navidad. Gratuito. Del 22\u00a0de diciembre al 6 de enero.<\/li>\n<li>Ruta de los Belenes.<\/li>\n<li>Cotill\u00f3n infantil y Campanadas de Fin de A\u00f1o en la Rambla de M\u00e9ndez N\u00fa\u00f1ez\/Portal de Elche.<\/li>\n<\/ul>\n<p>Adem\u00e1s, el programa de Navidad lo completar\u00e1n las actividades de dinamizaci\u00f3n comercial en mercados, mercadillos y barrios de la ciudad, actividades deportivas como la carrera San Silvestre Solidaria, la &#8216;Papanoelada&#8217;, y las actividades organizadas por la Federaci\u00f3 de Les Fogueres de Sant Joan, &#8216;Fogueres en Nadal&#8217;, y la Entrada de Moros y Cristianos por parte de la Federaci\u00f3n Alicantina de Moros y Cristianos, entre otras iniciativas.\u00a0<\/p>\n<p><a class=\"boton\" href=\"https:\/\/www.alicante.es\/es\/noticias\/alicante-vive-navidad-gigante-mas-60-actos-programados-5-enero\" target=\"_blank\" rel=\"nofollow noopener\">M\u00e1s informaci\u00f3n<\/a><\/p>\n","protected":false},"excerpt":{"rendered":"El Excmo. Ayuntamiento de Alicante presenta la\u00a0programaci\u00f3n de\u00a0actividades navide\u00f1as\u00a0de la ciudad de Alicante 2025-2026. Programa &#8216;Alicante vive una&hellip;\n","protected":false},"author":2,"featured_media":247544,"comment_status":"","ping_status":"","sticky":false,"template":"","format":"standard","meta":{"footnotes":""},"categories":[5],"tags":[17,18,25,24,13,14,11,19,20,9,10,15,16,23,12,21,22],"class_list":{"0":"post-247543","1":"post","2":"type-post","3":"status-publish","4":"format-standard","5":"has-post-thumbnail","7":"category-titulares","8":"tag-breaking-news","9":"tag-breakingnews","10":"tag-es","11":"tag-espana","12":"tag-featured-news","13":"tag-featurednews","14":"tag-headlines","15":"tag-latest-news","16":"tag-latestnews","17":"tag-news","18":"tag-noticias","19":"tag-noticias-destacadas","20":"tag-noticiasdestacadas","21":"tag-spain","22":"tag-titulares","23":"tag-ultimas-noticias","24":"tag-ultimasnoticias"},"share_on_mastodon":{"url":"https:\/\/pubeurope.com\/@es\/115586126518867002","error":""},"_links":{"self":[{"href":"https:\/\/www.europesays.com\/es\/wp-json\/wp\/v2\/posts\/247543","targetHints":{"allow":["GET"]}}],"collection":[{"href":"https:\/\/www.europesays.com\/es\/wp-json\/wp\/v2\/posts"}],"about":[{"href":"https:\/\/www.europesays.com\/es\/wp-json\/wp\/v2\/types\/post"}],"author":[{"embeddable":true,"href":"https:\/\/www.europesays.com\/es\/wp-json\/wp\/v2\/users\/2"}],"replies":[{"embeddable":true,"href":"https:\/\/www.europesays.com\/es\/wp-json\/wp\/v2\/comments?post=247543"}],"version-history":[{"count":0,"href":"https:\/\/www.europesays.com\/es\/wp-json\/wp\/v2\/posts\/247543\/revisions"}],"wp:featuredmedia":[{"embeddable":true,"href":"https:\/\/www.europesays.com\/es\/wp-json\/wp\/v2\/media\/247544"}],"wp:attachment":[{"href":"https:\/\/www.europesays.com\/es\/wp-json\/wp\/v2\/media?parent=247543"}],"wp:term":[{"taxonomy":"category","embeddable":true,"href":"https:\/\/www.europesays.com\/es\/wp-json\/wp\/v2\/categories?post=247543"},{"taxonomy":"post_tag","embeddable":true,"href":"https:\/\/www.europesays.com\/es\/wp-json\/wp\/v2\/tags?post=247543"}],"curies":[{"name":"wp","href":"https:\/\/api.w.org\/{rel}","templated":true}]}}