{"id":247549,"date":"2025-11-21T05:59:07","date_gmt":"2025-11-21T05:59:07","guid":{"rendered":"https:\/\/www.europesays.com\/es\/247549\/"},"modified":"2025-11-21T05:59:07","modified_gmt":"2025-11-21T05:59:07","slug":"harry-kane-sube-enteros-en-el-barca","status":"publish","type":"post","link":"https:\/\/www.europesays.com\/es\/247549\/","title":{"rendered":"Harry Kane sube enteros en el Bar\u00e7a"},"content":{"rendered":"<p data-gtm-element-container=\"modulo-texto-link\" class=\"paragraph\">El <strong>FC Barcelona<\/strong> va analizando a la vez el rendimiento de sus jugadores y el mercado para ir haci\u00e9ndose una idea de lo que necesitar\u00e1 el pr\u00f3ximo verano y de lo que le puede costar. El gran objetivo es un delantero centro dado que <strong>Robert Lewandowski<\/strong> acaba contrato y en agosto de 2026 cumplir\u00e1 38 a\u00f1os. Y aunque todav\u00eda no hay nada decidido, en ese futuro escenario post-<strong>Lewandowski <\/strong>en las \u00faltimas semanas est\u00e1 subiendo enteros la opci\u00f3n de <strong>Harry Kane <\/strong>(32 a\u00f1os). En la lista del <strong>Bar\u00e7a<\/strong>, teniendo en cuenta que hace falta un gran delantero y tambi\u00e9n que si es medi\u00e1tico ilusionar\u00e1 m\u00e1s a la afici\u00f3n cul\u00e9, el nombre de <strong>Juli\u00e1n \u00c1lvarez <\/strong>(25 a\u00f1os) est\u00e1 muy bien situado. Sin embargo, su contrato hasta 2030 y que el <strong>Atl\u00e9tico <\/strong>no quiera vender le hacen un objetivo complicado. En este contexto el nombre de <strong>Kane<\/strong>, el delantero del <strong>Bayern<\/strong>, ha ido ganando peso en las oficinas del <strong>Bar\u00e7a<\/strong>.<\/p>\n<p data-gtm-element-container=\"modulo-texto-link\" class=\"paragraph\">Los motivos son variados. En primer lugar, que est\u00e1 a tiro por la cl\u00e1usula de liberaci\u00f3n para el pr\u00f3ximo verano que tiene en su contrato hasta 2027, cifrada en unos 65 millones de euros, un precio de mercado m\u00e1s que ajustado en vista de la inflaci\u00f3n actual tras haber pagado el <strong>Liverpool <\/strong>145 millones por <strong>Aleksander Isak <\/strong>y 95 por <strong>Hugo Ekitik\u00e9 <\/strong>hace unos meses. <strong>Erling Haaland<\/strong>, si el <strong>Manchester City <\/strong>accediera a venderlo, tambi\u00e9n costar\u00eda un dineral.<\/p>\n<p data-gtm-element-container=\"modulo-texto-link\" class=\"paragraph\">Otra raz\u00f3n de peso es la gran capacidad goleadora de <strong>Kane<\/strong>. Sus cifras de esta temporada (23 goles en 17 partidos) y de toda su carrera (404 a nivel de club con 280 en 435 presencias en el <strong>Tottenham <\/strong>y 108 en el <strong>Bayern <\/strong>en 113 duelos m\u00e1s 78 en 112 entorchados con Inglaterra) hablan por s\u00ed solas.<\/p>\n<p data-gtm-element-container=\"modulo-texto-link\" class=\"paragraph\">Adem\u00e1s, <strong>Kane <\/strong>no s\u00f3lo es un delantero de \u00e1rea sino que adem\u00e1s sabe jugar fuera, lo que le hace un jugador muy valioso. Con 127 asistencias entre clubs y selecci\u00f3n, sabe moverse muy bien de espaldas a porter\u00eda participando en el f\u00fatbol asociativo. Adem\u00e1s, tambi\u00e9n tiene un perfil medi\u00e1tico importante dado que es el \u20189\u2019 y capit\u00e1n de la selecci\u00f3n inglesa desde hace a\u00f1os con una intachable reputaci\u00f3n como profesional y padre de cuatro hijos con <strong>Katie<\/strong>, su novia desde que se conocieron en la escuela secundaria.<\/p>\n<p>    Lee tambi\u00e9n<\/p>\n<p data-gtm-element-container=\"modulo-texto-link\" class=\"paragraph\">Tambi\u00e9n tiene su importancia que en el <strong>Bar\u00e7a <\/strong>est\u00e1n convencidos de que el ingl\u00e9s dar\u00eda un rendimiento inmediato a corto plazo porque es un especialista del gol. Y <strong>Juli\u00e1n <\/strong>gusta mucho pero no se le ve tan goleador como el ingl\u00e9s, cuyo remate de cabeza con sus 188 cent\u00edmetros es otro de sus avales. En <strong>M\u00fanich<\/strong>, donde lleva 16 meses ya ha demostrado su r\u00e1pida adaptaci\u00f3n en su primera experiencia lejos de las <strong>Islas Brit\u00e1nicas<\/strong>.<\/p>\n<p data-gtm-element-container=\"modulo-texto-link\" class=\"paragraph\">En todo caso, el <strong>Bar\u00e7a <\/strong>a\u00fan no ha decidido nada al cien por cien sobre sus objetivos de mercado para la pr\u00f3xima temporada, algo que empezar\u00e1 a plantearse en serio a partir de enero. Lo que est\u00e1 claro es que, como avanz\u00f3 <strong>Mundo Deportivo<\/strong>, en el \u00e1rea econ\u00f3mica del club creen que se podr\u00e1 fichar un gran delantero si lo piden desde el \u00e1rea deportiva pero partiendo de la base de que se hace necesaria la salida de <strong>Lewandowski <\/strong>dado que su impacto en la econom\u00eda del club es de 40 millones de euros.  Tambi\u00e9n empieza a quedar claro que, si se puede, ser\u00eda interesante reforzar el lateral izquierdo para dar una alternativa de peso a <strong>Balde<\/strong>, con <strong>Alejandro Grimaldo <\/strong>bien situado tal como explic\u00f3 este diario el pasado lunes.<\/p>\n","protected":false},"excerpt":{"rendered":"El FC Barcelona va analizando a la vez el rendimiento de sus jugadores y el mercado para ir&hellip;\n","protected":false},"author":2,"featured_media":247550,"comment_status":"","ping_status":"","sticky":false,"template":"","format":"standard","meta":{"footnotes":""},"categories":[268],"tags":[168,25,24,280,282,281,23,167],"class_list":{"0":"post-247549","1":"post","2":"type-post","3":"status-publish","4":"format-standard","5":"has-post-thumbnail","7":"category-futbol","8":"tag-deportes","9":"tag-es","10":"tag-espana","11":"tag-football","12":"tag-futbol","13":"tag-soccer","14":"tag-spain","15":"tag-sports"},"share_on_mastodon":{"url":"https:\/\/pubeurope.com\/@es\/115586162104289806","error":""},"_links":{"self":[{"href":"https:\/\/www.europesays.com\/es\/wp-json\/wp\/v2\/posts\/247549","targetHints":{"allow":["GET"]}}],"collection":[{"href":"https:\/\/www.europesays.com\/es\/wp-json\/wp\/v2\/posts"}],"about":[{"href":"https:\/\/www.europesays.com\/es\/wp-json\/wp\/v2\/types\/post"}],"author":[{"embeddable":true,"href":"https:\/\/www.europesays.com\/es\/wp-json\/wp\/v2\/users\/2"}],"replies":[{"embeddable":true,"href":"https:\/\/www.europesays.com\/es\/wp-json\/wp\/v2\/comments?post=247549"}],"version-history":[{"count":0,"href":"https:\/\/www.europesays.com\/es\/wp-json\/wp\/v2\/posts\/247549\/revisions"}],"wp:featuredmedia":[{"embeddable":true,"href":"https:\/\/www.europesays.com\/es\/wp-json\/wp\/v2\/media\/247550"}],"wp:attachment":[{"href":"https:\/\/www.europesays.com\/es\/wp-json\/wp\/v2\/media?parent=247549"}],"wp:term":[{"taxonomy":"category","embeddable":true,"href":"https:\/\/www.europesays.com\/es\/wp-json\/wp\/v2\/categories?post=247549"},{"taxonomy":"post_tag","embeddable":true,"href":"https:\/\/www.europesays.com\/es\/wp-json\/wp\/v2\/tags?post=247549"}],"curies":[{"name":"wp","href":"https:\/\/api.w.org\/{rel}","templated":true}]}}