{"id":247551,"date":"2025-11-21T06:00:21","date_gmt":"2025-11-21T06:00:21","guid":{"rendered":"https:\/\/www.europesays.com\/es\/247551\/"},"modified":"2025-11-21T06:00:21","modified_gmt":"2025-11-21T06:00:21","slug":"marta-sanchez-revoluciona-las-redes-con-unas-fotos-virales-en-las-que-su-rostro-esta-totalmente-cambiado-ni-la-ia-es-capaz-de-reconocerla","status":"publish","type":"post","link":"https:\/\/www.europesays.com\/es\/247551\/","title":{"rendered":"Marta S\u00e1nchez revoluciona las redes con unas fotos virales en las que su rostro est\u00e1 totalmente cambiado: \u00abNi la IA es capaz de reconocerla\u00bb"},"content":{"rendered":"<p class=\"v-mdl-ath__p v-mdl-ath__p--6\">\nJueves, 20 de noviembre 2025, 17:26<\/p>\n<p class=\"v-p\"><a href=\"https:\/\/www.lasprovincias.es\/culturas\/tv\/rajoy-duele-ver-gente-manifiesta-mazon-oigan-20251113222332-nt.html\" target=\"_blank\" title=\"www.lasprovincias.es\" data-voc-vtm-id=\"in-text-traffic\" data-mrf-link=\"www.lasprovincias.es\" rel=\"nofollow noopener\">&#8216;El Hormiguero&#8217;<\/a> cierra la programaci\u00f3n semanal con el foco puesto en encabezar el ranking de audiencias en el que compite con otros programas de su franja horaria como &#8216;La Revuelta&#8217; de David Broncano. <\/p>\n<p class=\"v-p\">Tras la visita de <a href=\"https:\/\/www.lasprovincias.es\/culturas\/tv\/desconocido-negocio-morancos-conseguido-cancelar-14000000-euros-20251119172709-nt.html\" target=\"_blank\" title=\"-www.lasprovincias.es\" data-voc-vtm-id=\"in-text-traffic\" data-mrf-link=\"www.lasprovincias.es\" rel=\"nofollow noopener\">&#8216;Los Morancos&#8217;<\/a>, este jueves es el turno de Marta S\u00e1nchez. La artista pop acude al programa presentado por <a href=\"https:\/\/www.lasprovincias.es\/culturas\/tv\/pablo-motos-juan-val-pasan-puntillas-dimision-20251104230657-nt.html\" target=\"_blank\" title=\"www.lasprovincias.es\" data-voc-vtm-id=\"in-text-traffic\" data-mrf-link=\"www.lasprovincias.es\" rel=\"nofollow noopener\">Pablo Motos<\/a> para presentar su nuevo disco, &#8217;40 a\u00f1os 1985-2025&#8242;.<\/p>\n<p class=\"v-p\">Este carrusel de imagenes ha hecho que muchos usuarios no hayan podido centrar su atenci\u00f3n en otra cosa que no sea la propia cantante. Y es que el cambio radical en su rostro ha generado infinidad de comentarios tanto en X como en Instagram.<\/p>\n<p class=\"v-p\">La artista aparece en ellas con una gran cantidad de maquillaje, en resumidas cuentas, parece otra persona. De hecho, un usuario asegura haber utilizado la herramienta de reconocimiento de Google y muestra como el sistema identifica a Mal\u00fa en vez de a Marta S\u00e1nchez.<\/p>\n<p class=\"v-p\">Seg\u00fan explica @santilibienarado, \u00abni la inteligencia artificial es capaz de reconocerla\u00bb, algo que ha generado bastante humor entre los usuarios que tachan de &#8216;irreconocible&#8217; el rostro de la madrile\u00f1a y hablan de un uso excesivo del maquillaje e incluso un poco de Photoshop.<\/p>\n<p class=\"v-p\">Aun as\u00ed, la gran mayor\u00eda de comentarios han mostrado mucho cari\u00f1o y apoyo a la cantante y han celebrado este momento tan se\u00f1alado en la carrera del artista.<\/p>\n<p class=\"v-p\">Marta S\u00e1nchez llega a &#8216;El Hormiguero para hablar sobre su presente profesional, sus pr\u00f3ximos proyectos musicales y el momento personal que atraviesa.<\/p>\n<p>Reporta un error<\/p>\n","protected":false},"excerpt":{"rendered":"Jueves, 20 de noviembre 2025, 17:26 &#8216;El Hormiguero&#8217; cierra la programaci\u00f3n semanal con el foco puesto en encabezar&hellip;\n","protected":false},"author":2,"featured_media":247552,"comment_status":"","ping_status":"","sticky":false,"template":"","format":"standard","meta":{"footnotes":""},"categories":[174],"tags":[6639,255,146,147,25,24,256,1636,1641,14494,3088,3638,63074,2311,35473,199,23,18169],"class_list":{"0":"post-247551","1":"post","2":"type-post","3":"status-publish","4":"format-standard","5":"has-post-thumbnail","7":"category-famosos","8":"tag-capaz","9":"tag-celebrities","10":"tag-entertainment","11":"tag-entretenimiento","12":"tag-es","13":"tag-espana","14":"tag-famosos","15":"tag-ia","16":"tag-imagenes","17":"tag-marta","18":"tag-parece","19":"tag-persona","20":"tag-reconocerla","21":"tag-redes","22":"tag-revoluciona","23":"tag-sanchez","24":"tag-spain","25":"tag-virales"},"share_on_mastodon":{"url":"https:\/\/pubeurope.com\/@es\/115586165805737437","error":""},"_links":{"self":[{"href":"https:\/\/www.europesays.com\/es\/wp-json\/wp\/v2\/posts\/247551","targetHints":{"allow":["GET"]}}],"collection":[{"href":"https:\/\/www.europesays.com\/es\/wp-json\/wp\/v2\/posts"}],"about":[{"href":"https:\/\/www.europesays.com\/es\/wp-json\/wp\/v2\/types\/post"}],"author":[{"embeddable":true,"href":"https:\/\/www.europesays.com\/es\/wp-json\/wp\/v2\/users\/2"}],"replies":[{"embeddable":true,"href":"https:\/\/www.europesays.com\/es\/wp-json\/wp\/v2\/comments?post=247551"}],"version-history":[{"count":0,"href":"https:\/\/www.europesays.com\/es\/wp-json\/wp\/v2\/posts\/247551\/revisions"}],"wp:featuredmedia":[{"embeddable":true,"href":"https:\/\/www.europesays.com\/es\/wp-json\/wp\/v2\/media\/247552"}],"wp:attachment":[{"href":"https:\/\/www.europesays.com\/es\/wp-json\/wp\/v2\/media?parent=247551"}],"wp:term":[{"taxonomy":"category","embeddable":true,"href":"https:\/\/www.europesays.com\/es\/wp-json\/wp\/v2\/categories?post=247551"},{"taxonomy":"post_tag","embeddable":true,"href":"https:\/\/www.europesays.com\/es\/wp-json\/wp\/v2\/tags?post=247551"}],"curies":[{"name":"wp","href":"https:\/\/api.w.org\/{rel}","templated":true}]}}