{"id":247555,"date":"2025-11-21T06:04:09","date_gmt":"2025-11-21T06:04:09","guid":{"rendered":"https:\/\/www.europesays.com\/es\/247555\/"},"modified":"2025-11-21T06:04:09","modified_gmt":"2025-11-21T06:04:09","slug":"suerte-es-que-tus-amigos-quieran-seguir-tocando-contigo","status":"publish","type":"post","link":"https:\/\/www.europesays.com\/es\/247555\/","title":{"rendered":"Suerte es que tus amigos quieran seguir tocando contigo"},"content":{"rendered":"\n<p> \u00abToda la gente que quiero est\u00e1 perdiendo la cabeza\u00bb. As\u00ed arranca <a href=\"https:\/\/www.youtube.com\/watch?v=l16AsnrwHZs\" target=\"_blank\" rel=\"nofollow noopener\">una de las canciones m\u00e1s emotivas <\/a>de Todas las cosas buenas, el nuevo \u00e1lbum de <strong>Rufus T. Firefly, <\/strong>un grupo espa\u00f1ol de m\u00fasica independiente que dej\u00f3 hace tiempo de ser \u00abemergente\u00bb. La banda originaria del municipio madrile\u00f1o de <strong>Aranjuez<\/strong>, conformada por el t\u00e1ndem creativo <strong>V\u00edctor Cabezuelo y Julia Mart\u00edn-Maestro, <\/strong>ha sabido aguantar gracias a su pasi\u00f3n por la m\u00fasica pese a los males de la industria musical hoy en d\u00eda. Nutridos por la alegr\u00eda de seguir tocando juntos, la cual impregna cada unos de sus discos, se han enfrentado al paso del tiempo y a los avatares de la vida adulta con gran solvencia. <\/p>\n<p> Prueba de ello es <a href=\"https:\/\/rufustfirefly.bandcamp.com\/album\/todas-las-cosas-buenas\" target=\"_blank\" rel=\"nofollow noopener\">Todas las cosas buenas,<\/a> un \u00e1lbum que re\u00fane, sintetiza y prosigue su personal\u00edsimo rock de autor que combina sintetizadores psicod\u00e9licos con solos de guitarra de dif\u00edcil ejecuci\u00f3n, piezas inspiradas en el soul ochentero y letras conmovedoras. Como siempre, en este nuevo episodio les acompa\u00f1a a la producci\u00f3n su inseparable <strong>Manuel Cabezal\u00ed<\/strong> (productor e integrante de proyectos de lo m\u00e1s diversos en la escena independiente), y su formaci\u00f3n consolidada desde El largo ma\u00f1ana, <strong>(con Carlos Campos a la guitarra, Miguel de Lucas al bajo, Juan Feo a la percusi\u00f3n y Manola a los teclados<\/strong>). <\/p>\n<p> A lo largo de sus ya casi 20 a\u00f1os de carrera, Rufus T. Firefly han disfrutado de momentos \u00fanicos que han servido de empuj\u00f3n para seguir componiendo, grabando y tocando. <strong>V\u00edctor y Julia son m\u00e1s conscientes que nunca de que el \u00e9xito m\u00e1s grande no pasa por llenar un estadio o varias Rivieras<\/strong>, que tambi\u00e9n reside en <a href=\"https:\/\/cultura.getafe.es\/agenda-cultura\/concierto-rufus-t-firefly\/\" target=\"_blank\" rel=\"nofollow noopener\">dar conciertos en locales reducidos y ambientados para la ocasi\u00f3n en el m\u00e1s puro silencio.<\/a> Que lo importante es juntarse para tocar, tan solo eso; y en una \u00e9poca tan amenazada por la tecnolog\u00eda, los algoritmos y la cultura del FOMO, el cantante hace un repaso a casi 20 a\u00f1os de carrera en una entrevista a plena luz del d\u00eda en el centro de Madrid. <\/p>\n<p> <strong>P. Todas las cosas buenas es un t\u00edtulo muy optimista para un \u00e1lbum. \u00bfCu\u00e1les son las cosas que m\u00e1s valoras en la vida al margen de la m\u00fasica o de vivir siendo Rufus T. Firefly? <\/strong> <\/p>\n<p> R. S\u00ed, es optimista dentro de un contexto de mierda, pero s\u00ed. No creo que sea una lista. Esas \u201ccosas buenas\u201d son momentos en los que te das cuenta de que todo puede merecer un poco la pena y son b\u00e1sicos: dar un paseo con tu perro por el campo, <a href=\"https:\/\/www.elconfidencial.com\/alma-corazon-vida\/2023-09-12\/amistad-relaciones-social-aburrimiento-compartido_3730151\/\" target=\"_self\" rel=\"nofollow noopener\">quedar con amigos<\/a> para tomar una cerveza despu\u00e9s de haber tenido una semana mala\u2026. Esa clase de cosas son para m\u00ed las que m\u00e1s valor tienen, y el motivo por el que seguimos adelante, en caso contrario nos hundir\u00edamos tal y como est\u00e1 el mundo. Para m\u00ed, tiene que ver con hacer algo bonito a pesar de estar enmarcado en un contexto oscuro. <\/p>\n<p> <a name=\"docs-internal-guid-7937ea01-7fff-e38e-c1cb-54bc6c9c8e80\"\/> <strong>P. Han pasado ocho a\u00f1os desde el lanzamiento de Magnolia, el disco que asent\u00f3 vuestro sonido y tambi\u00e9n os abri\u00f3 al gran p\u00fablico. \u00bfQu\u00e9 hab\u00e9is conservado y desechado desde entonces? <\/strong> <\/p>\n<p> R. <a href=\"https:\/\/open.spotify.com\/intl-es\/album\/0AQBHSNjQLKEqrkBJFGI4k\" target=\"_blank\" rel=\"nofollow noopener\">Magnolia<\/a>, adem\u00e1s de ser nuestro disco m\u00e1s escuchado, para nosotros supuso una segunda oportunidad porque lo \u00edbamos a dejar para siempre. Fue el disco que hicimos de despedida, no hab\u00eda ni banda, los dos miembros originales se hab\u00edan ido. Yo me lo tom\u00e9 como un reto personal, lo trabaj\u00e9 much\u00edsimo. Era una especie de \u00e1lbum de despedida para mostrar las cosas que sab\u00eda hacer de producci\u00f3n musical, porque sab\u00eda que Rufus se acababa y quer\u00eda tener una especie de carta de presentaci\u00f3n para lo pr\u00f3ximo que har\u00eda despu\u00e9s. En la gira de Nueve, solo ten\u00edamos p\u00fablico de ocho o diez personas en ciudades importantes. Y, de repente, con Magnolia, las salas se empezaron a llenar, sal\u00edamos en la radio\u2026 y nos pasaron cosas que nunca nos hab\u00edan pasado. Nos agarramos a esa mano que nos sacaba del agua. Y a d\u00eda de hoy guardamos un cari\u00f1o infinito a Magnolia, cambi\u00f3 el discurso y el rumbo de Rufus. <\/p>\n<p class=\"bodyObject bodyBlockquote\">\u00abLa m\u00fasica ha cambiado mucho. Ahora mismo est\u00e1 muy enfocada en la inmediatez, en conseguir algo muy r\u00e1pido y muy grande\u00bb<\/p>\n<p> En aquel entonces, \u00e9ramos un grupo muy oscuro con letras muy deprimentes, y Magnolia fue un disco que canta al amor, a la naturaleza, a la belleza, a la gente a la que quieres. Y a lo mejor fue ese cambio de discurso lo que le gust\u00f3 a la gente. Yo nunca hab\u00eda hecho una canci\u00f3n como \u201c<a href=\"https:\/\/www.youtube.com\/watch?v=z-xZyOpoNmU\" target=\"_blank\" rel=\"nofollow noopener\">Nebulosa Jade<\/a>\u201d. Me parec\u00eda muy mo\u00f1as, y de hecho cuando la grabamos con Manu, \u00e9l me dijo que si estaba seguro de sacarla. Y ya ves, ahora es la canci\u00f3n m\u00e1s escuchada de Rufus con diferencia. A partir de que gust\u00f3 esa canci\u00f3n me di cuenta de que ten\u00eda un lado m\u00e1s sensible y m\u00e1s mo\u00f1as, y que eso tambi\u00e9n formaba parte de mi, y no debo tener verg\u00fcenza. <\/p>\n<p> <strong>P. Y luego, tras la pandemia, baj\u00e1is las revoluciones con El largo ma\u00f1ana, apostando por los desarrollos de sintetizador y ambientes sonoros. \u00bfEs Todas las cosas buenas una s\u00edntesis de estos dos mundos de Rufus? <\/strong> <\/p>\n<p> R. En este nuevo \u00e1lbum hay un sonido que viene mucho de Nueve, hay mucho de discos de <a href=\"https:\/\/www.elconfidencial.com\/cultura\/2025-11-04\/radiohead-no-era-orgia-era-manicomio_4241754\/\" target=\"_self\" rel=\"nofollow noopener\">Radiohead<\/a> que nos fliparon e inspiraron en ese segundo disco y aqu\u00ed recuperamos esa influencia. Tambi\u00e9n hay psicodelia, synthpop, un poco de groove setentero\u2026 Hay otras que son m\u00e1s ca\u00f1eras, m\u00e1s folk\u2026 Hay un poco de todo lo que creemos que sabemos hacer, y hay trocitos de todos los discos. <\/p>\n<p> <strong>P. Hay un verso en<a href=\"https:\/\/www.youtube.com\/watch?v=coR0AdLz_IA\" target=\"_blank\" rel=\"nofollow noopener\"> \u201cTrueno Azul\u201d <\/a>que me parece muy bello: \u201cNo estoy hablando de amor, estoy hablando de sobrevivir\u201d. \u00bfSe necesita estar enamorado para sobrevivir en el mundo de hoy en d\u00eda?<\/strong> <\/p>\n<p> R. No, no es que haya que estar enamorado de alguien, sino de lo que sea, de cualquier cosa. Hace falta que te levantes por la ma\u00f1ana y aparezca una peque\u00f1a luz en tu cabeza de algo que te motive hacer, aunque sea arreglar un mueble el fin de semana. Pero necesitamos algo, una motivaci\u00f3n. La <a href=\"https:\/\/www.vanitatis.elconfidencial.com\/vida-saludable\/2025-04-01\/monotonia-pareja-causas-consecuencias-1qrt_4097359\/\" target=\"_self\" rel=\"nofollow noopener\">monoton\u00eda<\/a> nos destroza y mirar el m\u00f3vil todo el d\u00eda nos deja el encefalograma plano. Necesitamos hacer cosas con nuestras manos. <\/p>\n<p> Por eso, la inteligencia artificial no va a terminar de funcionar del todo, porque el ser humano necesita hacer cosas. No se trata de hacer la mejor canci\u00f3n, seguro que <a href=\"https:\/\/www.elconfidencial.com\/cultura\/2023-04-30\/canciones-ia-grupo-barrio-versiones-malas-acdc_3617587\/\" target=\"_self\" rel=\"nofollow noopener\">en un a\u00f1o una IA te la hace<\/a>. Se trata de coger una guitarra y tocar. Eso es lo que nos va a mantener vivos. Lo artesanal, lo manual. La IA nunca te va a dar un abrazo. Esas son \u201ctodas las cosas buenas\u201d. <\/p>\n<p> <a name=\"docs-internal-guid-c104adcd-7fff-053d-789d-56285098b071\"\/> <strong>P. Llama la atenci\u00f3n que la que creo que es la canci\u00f3n m\u00e1s deprimente del disco se llame \u201cPremios de la M\u00fasica Independiente\u201d. Hay versos muy crudos en ella, aunque al final hac\u00e9is un llamamiento a la lucha. Cuando la escuch\u00e9, pens\u00e9 en el libro de El entusiasmo de Remedios Zafra. \u00bfHasta qu\u00e9 punto las profesiones creativas, como la m\u00fasica, son una trampa? <\/strong> <\/p>\n<p> R. Cuando una persona crea m\u00fasica o cualquier otro tipo de arte lo hace porque tiene una sensibilidad muy desarrollada, porque hay algo en su interior que le obliga a sacar todo eso. Las personas m\u00e1s sensibles son las que mejor <a href=\"https:\/\/www.elconfidencial.com\/cultura\/2023-11-21\/numeros-uno-espana-desde-1980-hasta-actualidad_3774320\/\" target=\"_self\" rel=\"nofollow noopener\">canciones<\/a> pueden hacer, pero a la vez m\u00e1s expuestas est\u00e1n a todo, a las cr\u00edticas, a los maltratos de la industria\u2026 Son las personas que m\u00e1s sufren y que m\u00e1s pueden acabar destrozadas, porque hay gente que le da igual lo que le digan, pero otra gente no. Yo creo que muchos artistas acaban poni\u00e9ndose escudos. La gente m\u00e1s sensible es capaz de llegar m\u00e1s lejos a nivel emocional pero tambi\u00e9n corre el riesgo de volverse loca. <\/p>\n<p> <a name=\"docs-internal-guid-c3376848-7fff-569c-339f-00dd80586d05\"\/> <strong>P. En <a href=\"https:\/\/www.youtube.com\/watch?v=SN_XK_M5pf0\" target=\"_blank\" rel=\"nofollow noopener\">\u201cCeci n\u2019est pas une pipe\u201d<\/a> canta Julia, al igual que en el directo cuando interpret\u00e1is \u00abCanta por m\u00ed\u00bb, una versi\u00f3n de El \u00daltimo de la Fila. \u00bfCu\u00e1l ha sido la raz\u00f3n por la que finalmente se ha atrevido a tomar el micr\u00f3fono? <\/strong> <\/p>\n<p> R. Yo siempre la animo para que cante. Julia es una artista total, de esas personas sensibles de las que habl\u00e1bamos. Pero le cuesta exponerse, le da verg\u00fcenza cantar, teme no hacerlo bien\u2026. Ella con la bater\u00eda va sobrada. Le ha costado muchos a\u00f1os tocar como toca, y piensa que para cantar tiene que hacer lo mismo. Pero es que ya sabe. Ya puede hacerlo. Hay que empujarla, y ojal\u00e1 en el pr\u00f3ximo disco cante m\u00e1s. Yo estar\u00eda superfeliz si no canto en ninguna canci\u00f3n, ah\u00ed a gusto con mis sintes. Me gusta que seamos una especie de <a href=\"https:\/\/www.elconfidencial.com\/cultura\/2024-10-17\/fleetwood-mac-boom-bandas-tributo_3979740\/\" target=\"_self\" rel=\"nofollow noopener\">Fleetwood Mac<\/a>, que cualquiera pueda cantar. Ahora tambi\u00e9n Manola se pone al micr\u00f3fono. Me gusta que seamos una banda abierta. <\/p>\n<p>               Rufus T. Firefly en una imagen de su concierto en el Sonorama Ribera este a\u00f1o. (Gloria NM)             <\/p>\n<p> <strong>P. Hab\u00e9is lanzado la cara B \u201c<a href=\"https:\/\/www.youtube.com\/watch?v=3jOXcVJSAfk&amp;list=RD3jOXcVJSAfk&amp;start_radio=1\" target=\"_blank\" rel=\"nofollow noopener\">He so\u00f1ado que tocaba en Tri\u00e1ngulo de Amor Bizarro\u201d,<\/a> que el p\u00fablico pudo escuchar en los conciertos con auriculares. Tambi\u00e9n hab\u00e9is lanzado versi\u00f3n de<a href=\"https:\/\/www.youtube.com\/watch?v=2mZo5PwQor4&amp;list=RD2mZo5PwQor4&amp;start_radio=1\" target=\"_blank\" rel=\"nofollow noopener\"> \u201cEstrella Solitaria\u201d.<\/a> Tri\u00e1ngulo y Rufus sois ya grupos maduros y consagrados de la m\u00fasica independiente en Espa\u00f1a. \u00bfC\u00f3mo es vuestra relaci\u00f3n personal?<\/strong> <\/p>\n<p> R. De puro amor. Siempre que coincidimos me da much\u00edsima alegr\u00eda. Primero, porque disfrutan mucho de lo que hacen. Que eso para m\u00ed es fundamental en la <a href=\"https:\/\/www.elconfidencial.com\/cultura\/2025-10-06\/musica-canciones-suenan-igual-spotify_4222122\/\" target=\"_self\" rel=\"nofollow noopener\">m\u00fasica<\/a>, a veces hablas con gente que va a tocar y est\u00e1 jodida. Pero a ellos les pasa como a nosotros, sienten que el hecho de dar un concierto es un regalo de la vida. Han sido muy fieles a ellos mismos, siempre al margen de cualquier tipo de moda. Para m\u00ed son un faro en medio de la oscuridad. <\/p>\n<p> <strong>P. \u00bfQu\u00e9 te dijeron de la canci\u00f3n? <\/strong> <\/p>\n<p> R. A ellos no les gusta que les halaguen. Se sienten intimidados con esta expresi\u00f3n de amor. Pero est\u00e1n contentos, nos han invitado a tocar con ellos en el pr\u00f3ximo bolo que van a hacer\u2026 Nos queremos mucho. Al final, no se dejan llevar por la moda o las tendencias, y eso es de agradecer y valorar. <\/p>\n<p> <a name=\"docs-internal-guid-7747973c-7fff-8a6c-cfe2-6b7ea8faaac9\"\/> <strong>P. Muchas de las canciones de Todas las cosas buenas contienen instrumentaciones que resuenan a Radiohead. \u00bfHab\u00e9is ido a verles en estos \u00faltimos conciertos de Madrid? \u00bfQu\u00e9 os han parecido?<\/strong> <\/p>\n<p> R. Una mierda. Me ha gustado porque son <a href=\"https:\/\/www.elconfidencial.com\/espana\/comunidad-valenciana\/2024-01-13\/radiohead-valencia-fascinacion-bostexo-1995_3810091\/\" target=\"_self\" rel=\"nofollow noopener\">Radiohead<\/a>, les admiro al m\u00e1ximo, es mi grupo favorito y estar en el mismo lugar que ellos es como un regalo. Pero, a nivel de sonido, fatal. Yo entiendo que alguien que nunca les haya visto pueda flipar, pero yo que les he visto ya varias veces, y antes ten\u00edan algo muy caracter\u00edstico, que es que o\u00edas hasta el momento en el que la p\u00faa chocaba con las cuerdas de la guitarra. Todo estaba cuidado al detalle. Y lo del otro d\u00eda fue un horror, era una bola de sonido absurda, no sab\u00edas ni qu\u00e9 canci\u00f3n estaban tocando. Bueno, al final con lo que me quedo es con lo que dijo alguien en Twitter: \u201cAcabo de ver a Radiohead con mi yo de hace 20 a\u00f1os\u201d. <\/p>\n<p> <strong>P. La semana pasada sali\u00f3 el cartel del Madcool y aparec\u00edan The Cure y otros grupos que vivieron su apogeo hace m\u00e1s de 30 a\u00f1os. Pienso tambi\u00e9n en la gira de Oasis. \u00bfQu\u00e9 opinas de la industria de la nostalgia, no hay relevo entre las superestrellas?<\/strong> <\/p>\n<p> R. No, es que <a href=\"https:\/\/www.elconfidencial.com\/cultura\/2024-12-09\/the-cure-ha-hecho-el-disco-del-ano_4017658\/\" target=\"_self\" rel=\"nofollow noopener\">no lo hay<\/a>. La m\u00fasica ha cambiado mucho. Ahora mismo est\u00e1 muy enfocada en la inmediatez, en conseguir algo muy r\u00e1pido y muy grande. Se ha partido el proceso, la gente ya no compone libremente, antes s\u00ed. Es muy raro escuchar una canci\u00f3n de m\u00e1s de cuatro minutos. Nosotros las tenemos, pero entendemos que no nos van a poner en las grandes radios, y que a la gente le puedan aburrir nuestros temas. <\/p>\n<p class=\"bodyObject bodyBlockquote\">\u00abCuando los m\u00fasicos nos plantemos yo creo que las cosas cambiar\u00e1n. \u00bfPor qu\u00e9 no sucede? Porque pensamos que la guerra es individual\u00bb<\/p>\n<p> Ha habido algo extra\u00f1o y a lo mejor tiene que ver con que no ha habido un relevo generacional\u2026 Me hace ilusi\u00f3n ver lo que ha pasado con <a href=\"https:\/\/www.elconfidencial.com\/cultura\/2024-10-26\/banda-carolina-durante-menos-rabia-mas-ternura_3990461\/\" target=\"_self\" rel=\"nofollow noopener\">Carolina Durante<\/a>, pero no s\u00e9 hasta qu\u00e9 punto se hablar\u00e1 dentro de 30 a\u00f1os de ellos como hablamos ahora de Radio Futura o H\u00e9roes del Silencio. No lo tengo muy claro. Tiene que ver con un componente art\u00edstico que ya no est\u00e1 tan presente en la m\u00fasica. <\/p>\n<p> <a name=\"docs-internal-guid-dd96edd4-7fff-db0e-650c-18d453e300b5\"\/> <strong>P. Hab\u00e9is anunciado concierto en la Riviera para el mes de abril del a\u00f1o que viene. Este ser\u00eda la tercera vez que toc\u00e1is all\u00ed en 20 a\u00f1os de carrera. Ahora, <a href=\"https:\/\/pasioneventos.es\/ultraligera-hace-historia-cuatro-sold-out-en-la-misma-semana-en-la-riviera\/\" target=\"_blank\" rel=\"nofollow noopener\">hay grupos que tan solo tienen un disco<\/a> y que han anunciado hasta siete d\u00edas consecutivos en este espacio. \u00bfEsto es una muestra de esa inmediatez que impera en la m\u00fasica? <\/strong> <\/p>\n<p> R. Lo primero, me alegro mucho por ellos. Y, lo segundo, es que no entiendo nada. Hay un punto\u2026 me da un poco de perezilla de hacer el mayor n\u00famero de conciertos posibles en la Riviera. Yo all\u00ed he visto a Tame Impala, a <a href=\"https:\/\/www.elconfidencial.com\/cultura\/2025-07-13\/mad-cool-2025-cronica-muse-nine-inch-nails_4171491\/\" target=\"_self\" rel=\"nofollow noopener\">Muse<\/a>, a <a href=\"https:\/\/www.elconfidencial.com\/cultura\/2019-07-13\/mad-cool-concierto-the-national-smashing-pumkins_2123371\/\" target=\"_self\" rel=\"nofollow noopener\">Smashing Pumpkies<\/a> con 17 a\u00f1os y pensaba\u2026 \u201csi llego a tocar alg\u00fan d\u00eda aqu\u00ed me muero\u201d. Y ahora parece que no vale nada. Creo que cada concierto importa, es un d\u00eda especial y hay que disfrutarlo, s\u00ed. Pero no s\u00e9 lo que pasa. <\/p>\n<p> <strong>P. Vosotros parece que disfrut\u00e1is m\u00e1s del formato \u00edntimo, como los conciertos que hicisteis con auriculares. \u00bfEra algo que hab\u00edas pensado desde hace tiempo? <\/strong> <\/p>\n<p> R. Se me ocurri\u00f3 hablando con Cabezal\u00ed un d\u00eda. Y s\u00ed, lo llev\u00e1bamos tiempo pensando e investigando desde siempre. Al final, es como un sue\u00f1o igual de importante que tocar en <a href=\"https:\/\/www.elconfidencial.com\/cultura\/2024-04-05\/vvv-trippin-you-riviera-musica-madrid-vaciador_3860416\/\" target=\"_self\" rel=\"nofollow noopener\">la Riviera<\/a>. <\/p>\n<p> <a name=\"docs-internal-guid-cbb89afe-7fff-edc8-49f2-c7b86145b4a4\"\/> <strong>P. En lo referente a la industria musical, fuisteis una de las bandas m\u00e1s afectadas por la entrada en concurso de acreedores de la tiquetera WeGow. T\u00fa, V\u00edctor, dijiste en una entrevista que esta crisis era una oportunidad para que los m\u00fasicos hicieran las cosas de otra manera, implic\u00e1ndose m\u00e1s en los procesos y acortando intermediarios. \u00bfQu\u00e9 ha quedado de todo eso a d\u00eda de hoy? <\/strong> <\/p>\n<p> R. Siempre que pasa algo malo en la m\u00fasica pienso en si a ver por fin hemos llegado a un punto l\u00edmite en el que todos nos plantemos y digamos hasta aqu\u00ed. Pero parece que ese l\u00edmite est\u00e1 muy abajo, que nos pueden pisotear todav\u00eda mucho m\u00e1s. Yo todo lo malo lo veo como una oportunidad, aunque luego al final nunca pase nada. <\/p>\n<p> <a name=\"docs-internal-guid-48a70f14-7fff-5849-ee8c-41881545a8b6\"\/> <strong>P. Recientemente, sali\u00f3 el libro  Antineutral de Pepo M\u00e1rquez en el que pide urgentemente la creaci\u00f3n de un sindicato de m\u00fasicos para luchar contra la precariedad o elaborar un convenio justo que garantice unas prestaciones sociales a los profesionales de la m\u00fasica cuando no est\u00e1n girando. \u00bfPor qu\u00e9 crees que es tan dif\u00edcil?<\/strong> <\/p>\n<p> R. Claro que se puede, solo que no somos conscientes de la fuerza que tenemos los m\u00fasicos. Seguimos pensando que si no tocamos en determinados <a href=\"https:\/\/www.vanitatis.elconfidencial.com\/famosos\/2025-11-14\/dani-martin-consagra-cima-10-sold-out-madrid-millones-beneficio_4246760\/\" target=\"_self\" rel=\"nofollow noopener\">conciertos<\/a> o espacios hemos dejado pasar la oportunidad de nuestra vida, seguimos pensando que hacemos la guerra cada uno por su cuenta, pero luego en realidad estamos todos metidos en el mismo saco. Y podr\u00eda llegar el momento en el que nos plantemos todos para que los organizadores de tal <a href=\"https:\/\/blogs.elconfidencial.com\/espana\/comunidad-valenciana\/valencia-monitor\/2025-05-30\/festivales-musicales-impacto-economico-1hms_4138354\/\" target=\"_self\" rel=\"nofollow noopener\">festival<\/a> den de alta al grupo emergente y que todo est\u00e9 en regla. En el momento en el que empecemos a plantarnos y defendernos entre nosotros\u2026 yo creo que las cosas cambiar\u00e1n. \u00bfPor qu\u00e9 no lo hacemos? Porque pensamos que la guerra es individual. <\/p>\n<p> <strong>P. Hab\u00e9is sacado una versi\u00f3n reducida en Spotify, una plataforma de streaming en el punto de mira por financiar campa\u00f1as militares y pagar apenas nada a los m\u00fasicos. Tambi\u00e9n muchos artistas est\u00e1n haciendo lo mismo, sacando versiones reducidas de sus discos en la plataforma. \u00bfEs suficiente? \u00bfQu\u00e9 se puede hacer contra ese gigante empresarial?<\/strong> <\/p>\n<p> R. S\u00ed, hay alternativas. Yo creo que no est\u00e1 muy lejos el d\u00eda en que <a href=\"https:\/\/www.elconfidencial.com\/cultura\/2025-11-08\/aun-no-somos-conscientes-ha-hecho-rosalia_4243828\/\" target=\"_self\" rel=\"nofollow noopener\">un artista grande como Rosal\u00eda<\/a> retire su cat\u00e1logo de Spotify. Y el d\u00eda en que esto pase, va a cambiar todo. <\/p>\n<p> <strong>P. \u00bfCu\u00e1l es la responsabilidad del p\u00fablico en todo esto?<\/strong> <\/p>\n<p> R. La experiencia de la escucha ha cambiado entre el p\u00fablico mayoritario. Para m\u00ed el problema de todo esto es que es gratis. Te puedes <a href=\"https:\/\/www.elconfidencial.com\/tecnologia\/2025-03-06\/aplicacion-musica-gratis-cierre-apk-spotify-1qrt_4079985\/\" target=\"_self\" rel=\"nofollow noopener\">escuchar toda la m\u00fasica del mundo gratis<\/a>. Es maravilloso, pero a la vez un problema, porque cuando algo es gratis lo dejas de valorar. No s\u00e9 en qu\u00e9 momento se acept\u00f3 ese trato y que pas\u00e1ramos todos por ah\u00ed. Tambi\u00e9n entiendo que es dif\u00edcil convencer al oyente de que pague cuando lo ha tenido gratis. Es un debate m\u00e1s grande que afecta a otros \u00e1mbitos: a lo mejor tienes que dejar de comprar en el Mercadona e ir a la fruter\u00eda o carnicer\u00eda de tu barrio. O dejar de comprar productos que vengan de Alemania, de China o de donde sea. <\/p>\n<p> <a name=\"docs-internal-guid-8d9c1aba-7fff-8bcb-0403-5b8576f97757\"\/> <strong>P. Por otro lado, la gesti\u00f3n de las redes empuja al m\u00fasico a comportarse como un \u2018influencer\u2019. Hace poco, Pol Rodellar, de Mujeres, publicaba <a href=\"https:\/\/www.fnac.es\/Por-que-los-nuevos-grupos-de-musica-no-paran-de-tuitear\/cp15888\/w-4\" target=\"_blank\" rel=\"nofollow noopener\">una columna<\/a> en la que asociaba el \u00e9xito a tuitear mucho, como ha sucedido con bandas como Alcal\u00e1 Norte. En vuestro caso, funciona al rev\u00e9s: t\u00fa has reconocido en varias entrevistas que \u201cvuestros tuits os han cerrado puertas\u201d. \u00bfTe arrepientes de haber hablado a veces demasiado?<\/strong> <\/p>\n<p> R. Tenemos la suerte de no tener que estar encima todo el rato. No subimos mucho <a href=\"https:\/\/www.instagram.com\/rufustefirefly\/?hl=es\" target=\"_blank\" rel=\"nofollow noopener\">contenido a Instagram<\/a>. Nos lo tomamos desde un punto de vista informativo y honesto, para anunciar conciertos y poco m\u00e1s. A veces me abro m\u00e1s a nivel personal, s\u00ed. Yo no quiero llamar la atenci\u00f3n en las redes ni actuar o performar una vida que no tengo. Entiendo que la pol\u00e9mica llama a las visitas, pero nosotros al final tenemos que responder con la m\u00fasica. No estamos haciendo S\u00e1lvame. <\/p>\n<p class=\"bodyObject bodyBlockquote\">\u00abMe hace ilusi\u00f3n ver el \u00e9xito de Carolina Durante, pero no s\u00e9 hasta qu\u00e9 punto se hablar\u00e1 dentro de 30 a\u00f1os de ellos\u00bb<\/p>\n<p> T\u00fa puedes crear una gran infraestructura a tu alrededor con mucha gente que interact\u00fae, pero si luego no hay nada musicalmente, pues habr\u00e1 &#8216;hype&#8217; para un a\u00f1o o unos meses que te consiga abrir puertas, pero tiene que haber una base musical s\u00f3lida y la gente que vaya a tus conciertos tiene que flipar. Eso sigue siendo lo m\u00e1s importante. Una carrera basada en cosas no musicales no s\u00e9 hasta qu\u00e9 punto me apetecer\u00eda, habr\u00e1 gente que s\u00ed, a m\u00ed no. Me gusta que la gente <a href=\"https:\/\/www.elconfidencial.com\/cultura\/2020-08-25\/spotify-youtube-apple-amazon-streaming-musica_2723263\/\" target=\"_self\" rel=\"nofollow noopener\">hable de nuestra m\u00fasica<\/a>. <\/p>\n<p> <strong>P. \u00bfSe puede vivir de la m\u00fasica realmente? \u00bfCu\u00e1l es la clave para que una banda como Rufus aguante a nivel econ\u00f3mico? <\/strong> <\/p>\n<p> R. La suerte. Eso sobre todo. Mayoritariamente <a href=\"https:\/\/www.elconfidencial.com\/alma-corazon-vida\/2015-03-20\/como-funciona-la-suerte-y-de-que-manera-puedes-cambiarla-a-tu-favor_728976\/\" target=\"_self\" rel=\"nofollow noopener\">la suerte<\/a>. La vida nos ha llevado a un sitio en el que puedo seguir tocando. Hemos tenido suerte de estar m\u00e1s o menos centralizados, de vivir en Aranjuez, que aunque no sea Madrid, es m\u00e1s o menos accesible. He tenido mucha suerte de que mis amigos hayan querido seguir tocando conmigo\u2026 Por eso puedo seguir. Digamos que conseguimos hacerlo rentable al compaginarlo con muchas otras cosas, hacer producciones para otros artistas, tocando con m\u00e1s bandas\u2026 un mont\u00f3n de cosas que hacen que pueda vivir de esto, siempre al l\u00edmite, siempre mirando c\u00f3mo acabar el a\u00f1o, pero de alguna manera siempre lo consigues. <\/p>\n<p> <strong>P. \u00bfCu\u00e1l es lo que m\u00e1s echas de menos del Rufus de anta\u00f1o, del que no triunfaba? <\/strong> <\/p>\n<p> R. La <a href=\"https:\/\/www.elconfidencial.com\/cultura\/2022-04-16\/no-recuerdas-juventud-todo-mejor-antes_3408297\/\" target=\"_self\" rel=\"nofollow noopener\">juventud<\/a> que ten\u00edamos. Esa frescura de juntarte con cuatro amigos con toda la ilusi\u00f3n del mundo en un local y todo era una maravilla aunque fuera una mierda. El hecho de hacer ruido juntos por primera vez. Pero no soy nost\u00e1lgico respecto a eso, porque entonces echar\u00eda de menos todo. Hay que aceptar que te vas haciendo mayor y est\u00e1 guay. <\/p>\n<p> <strong>P. \u00bfY un sue\u00f1o por cumplir de ahora en adelante? <\/strong> <\/p>\n<p> R. Hacer un concierto como el de <a href=\"https:\/\/www.elconfidencial.com\/tecnologia\/2010-08-14\/lo-que-radiohead-te-da-la-industria-te-lo-quita_774311\/\" target=\"_self\" rel=\"nofollow noopener\">Radiohead<\/a>, pero con cascos. <\/p>\n<p>         <script async src=\"\/\/www.instagram.com\/embed.js\"><\/script><\/p>\n","protected":false},"excerpt":{"rendered":"\u00abToda la gente que quiero est\u00e1 perdiendo la cabeza\u00bb. As\u00ed arranca una de las canciones m\u00e1s emotivas de&hellip;\n","protected":false},"author":2,"featured_media":247556,"comment_status":"","ping_status":"","sticky":false,"template":"","format":"standard","meta":{"footnotes":""},"categories":[170],"tags":[146,147,25,24,184,185,23],"class_list":{"0":"post-247555","1":"post","2":"type-post","3":"status-publish","4":"format-standard","5":"has-post-thumbnail","7":"category-musica","8":"tag-entertainment","9":"tag-entretenimiento","10":"tag-es","11":"tag-espana","12":"tag-music","13":"tag-musica","14":"tag-spain"},"share_on_mastodon":{"url":"https:\/\/pubeurope.com\/@es\/115586181536854284","error":""},"_links":{"self":[{"href":"https:\/\/www.europesays.com\/es\/wp-json\/wp\/v2\/posts\/247555","targetHints":{"allow":["GET"]}}],"collection":[{"href":"https:\/\/www.europesays.com\/es\/wp-json\/wp\/v2\/posts"}],"about":[{"href":"https:\/\/www.europesays.com\/es\/wp-json\/wp\/v2\/types\/post"}],"author":[{"embeddable":true,"href":"https:\/\/www.europesays.com\/es\/wp-json\/wp\/v2\/users\/2"}],"replies":[{"embeddable":true,"href":"https:\/\/www.europesays.com\/es\/wp-json\/wp\/v2\/comments?post=247555"}],"version-history":[{"count":0,"href":"https:\/\/www.europesays.com\/es\/wp-json\/wp\/v2\/posts\/247555\/revisions"}],"wp:featuredmedia":[{"embeddable":true,"href":"https:\/\/www.europesays.com\/es\/wp-json\/wp\/v2\/media\/247556"}],"wp:attachment":[{"href":"https:\/\/www.europesays.com\/es\/wp-json\/wp\/v2\/media?parent=247555"}],"wp:term":[{"taxonomy":"category","embeddable":true,"href":"https:\/\/www.europesays.com\/es\/wp-json\/wp\/v2\/categories?post=247555"},{"taxonomy":"post_tag","embeddable":true,"href":"https:\/\/www.europesays.com\/es\/wp-json\/wp\/v2\/tags?post=247555"}],"curies":[{"name":"wp","href":"https:\/\/api.w.org\/{rel}","templated":true}]}}