{"id":247557,"date":"2025-11-21T06:05:09","date_gmt":"2025-11-21T06:05:09","guid":{"rendered":"https:\/\/www.europesays.com\/es\/247557\/"},"modified":"2025-11-21T06:05:09","modified_gmt":"2025-11-21T06:05:09","slug":"documental-narcosubmarinos-la-amenaza-invisible-entre-espana-y-colombia-espana","status":"publish","type":"post","link":"https:\/\/www.europesays.com\/es\/247557\/","title":{"rendered":"Documental |Narcosubmarinos, la amenaza invisible entre Espa\u00f1a y Colombia | Espa\u00f1a"},"content":{"rendered":"<p>Direcci\u00f3n y guion:  Patricia Ortega\u00a0<\/p>\n<p>Producci\u00f3n ejecutiva:  Nicol\u00e1s Ortiz<\/p>\n<p>Producci\u00f3n:  Mar\u00eda Herrera<\/p>\n<p>Imagen:  Jaime Massieu, Luis Almodovar, Mar\u00eda Page<\/p>\n<p>Montaje:  Pedro Mokrzycki<br \/>\n <\/p>\n<p>Grafismo:  Eduardo Ortiz<\/p>\n<p>Productor delegado EL PA\u00cdS:  Carlos de Vega<\/p>\n<p>Agradecimientos:  Polic\u00eda Nacional, Comisario principal Antonio Mart\u00ednez Duarte, Inspector Jefe Blas Garc\u00eda M\u00fajica, Comisario Principal Javier Pe\u00f1a Echeverr\u00eda, Inspector Jefe Antonio Puertas, Oficina de Comunicaci\u00f3n de la Polic\u00eda Nacional, Armada de Colombia, Capit\u00e1n de nav\u00edo Ibo Plazas Moreno, Teniente de corbeta Nataly Tob\u00f3n Lucero, Polic\u00eda Nacional de Colombia<\/p>\n","protected":false},"excerpt":{"rendered":"Direcci\u00f3n y guion: Patricia Ortega\u00a0 Producci\u00f3n ejecutiva: Nicol\u00e1s Ortiz Producci\u00f3n: Mar\u00eda Herrera Imagen: Jaime Massieu, Luis Almodovar, Mar\u00eda&hellip;\n","protected":false},"author":2,"featured_media":247558,"comment_status":"","ping_status":"","sticky":false,"template":"","format":"standard","meta":{"footnotes":""},"categories":[169],"tags":[177,1803,794,146,147,25,24,176,175,17922,7337,23,63075,63076],"class_list":{"0":"post-247557","1":"post","2":"type-post","3":"status-publish","4":"format-standard","5":"has-post-thumbnail","7":"category-cine","8":"tag-cine","9":"tag-colombia","10":"tag-drogas","11":"tag-entertainment","12":"tag-entretenimiento","13":"tag-es","14":"tag-espana","15":"tag-film","16":"tag-movies","17":"tag-narcotraficantes","18":"tag-narcotrafico","19":"tag-spain","20":"tag-trafico-cocaina","21":"tag-trafico-drogas-diseno"},"share_on_mastodon":{"url":"","error":""},"_links":{"self":[{"href":"https:\/\/www.europesays.com\/es\/wp-json\/wp\/v2\/posts\/247557","targetHints":{"allow":["GET"]}}],"collection":[{"href":"https:\/\/www.europesays.com\/es\/wp-json\/wp\/v2\/posts"}],"about":[{"href":"https:\/\/www.europesays.com\/es\/wp-json\/wp\/v2\/types\/post"}],"author":[{"embeddable":true,"href":"https:\/\/www.europesays.com\/es\/wp-json\/wp\/v2\/users\/2"}],"replies":[{"embeddable":true,"href":"https:\/\/www.europesays.com\/es\/wp-json\/wp\/v2\/comments?post=247557"}],"version-history":[{"count":0,"href":"https:\/\/www.europesays.com\/es\/wp-json\/wp\/v2\/posts\/247557\/revisions"}],"wp:featuredmedia":[{"embeddable":true,"href":"https:\/\/www.europesays.com\/es\/wp-json\/wp\/v2\/media\/247558"}],"wp:attachment":[{"href":"https:\/\/www.europesays.com\/es\/wp-json\/wp\/v2\/media?parent=247557"}],"wp:term":[{"taxonomy":"category","embeddable":true,"href":"https:\/\/www.europesays.com\/es\/wp-json\/wp\/v2\/categories?post=247557"},{"taxonomy":"post_tag","embeddable":true,"href":"https:\/\/www.europesays.com\/es\/wp-json\/wp\/v2\/tags?post=247557"}],"curies":[{"name":"wp","href":"https:\/\/api.w.org\/{rel}","templated":true}]}}