{"id":247559,"date":"2025-11-21T06:06:13","date_gmt":"2025-11-21T06:06:13","guid":{"rendered":"https:\/\/www.europesays.com\/es\/247559\/"},"modified":"2025-11-21T06:06:13","modified_gmt":"2025-11-21T06:06:13","slug":"a-horas-de-la-rueda-de-prensa-de-marcelo-bielsa-directiva-de-uruguay-toma-una-decision-sobre-el-futuro-del-tecnico","status":"publish","type":"post","link":"https:\/\/www.europesays.com\/es\/247559\/","title":{"rendered":"A horas de la rueda de prensa de Marcelo Bielsa: directiva de Uruguay toma una decisi\u00f3n sobre el futuro del t\u00e9cnico"},"content":{"rendered":"<p class=\"article-body__paragraph\">Horas claves viven <b>Marcelo Bielsa<\/b> y la selecci\u00f3n uruguaya. Pese a que la Celeste clasific\u00f3 al pr\u00f3ximo Mundial con holgura y tuvo triunfos ante Brasil y Argentina, los \u00faltimos resultados pusieron en duda la continuidad del t\u00e9cnico transandino en la banca de los rioplatenses. <\/p>\n<p class=\"article-body__paragraph\">El empate sin goles ante M\u00e9xico y la derrota por goleada que les propin\u00f3 Estados Unidos (5-1), provocaron una reacci\u00f3n en cadena en el mencionado pa\u00eds.<a href=\"https:\/\/www.latercera.com\/el-deportivo\/noticia\/una-paliza-vergonzosa-el-duro-analisis-de-la-prensa-uruguaya-a-bielsa-tras-la-goleada-recibida-ante-estados-unidos\/\" target=\"_self\" rel=\"nofollow noopener\" title=\"https:\/\/www.latercera.com\/el-deportivo\/noticia\/una-paliza-vergonzosa-el-duro-analisis-de-la-prensa-uruguaya-a-bielsa-tras-la-goleada-recibida-ante-estados-unidos\/\"> Lugar donde calificaron los resultados como \u201cvergonzosos\u201d<\/a> y hablaron de la salida anticipada del estratega.<\/p>\n<p class=\"article-body__paragraph\">Pero fue el propio Bielsa, qui\u00e9n aliment\u00f3 la hoguera. Tras decir que \u201cestoy seguro que pasa por una responsabilidad en la forma en que estoy llevando esto adelante\u201d, <a href=\"https:\/\/www.google.com\/url?sa=t&amp;source=web&amp;rct=j&amp;opi=89978449&amp;url=https:\/\/www.latercera.com\/el-deportivo\/noticia\/se-va-de-uruguay-marcelo-bielsa-convoca-a-conferencia-de-prensa-en-medio-de-los-rumores-de-un-posible-adios\/&amp;ved=2ahUKEwipjbbZiYGRAxV7rZUCHY4WCmIQFnoECB0QAQ&amp;usg=AOvVaw3DbANMK3GJYCOdFOBT4X8I\" target=\"_self\" rel=\"nofollow noopener\" title=\"https:\/\/www.google.com\/url?sa=t&amp;source=web&amp;rct=j&amp;opi=89978449&amp;url=https:\/\/www.latercera.com\/el-deportivo\/noticia\/se-va-de-uruguay-marcelo-bielsa-convoca-a-conferencia-de-prensa-en-medio-de-los-rumores-de-un-posible-adios\/&amp;ved=2ahUKEwipjbbZiYGRAxV7rZUCHY4WCmIQFnoECB0QAQ&amp;usg=AOvVaw3DbANMK3GJYCOdFOBT4X8I\">llam\u00f3 a una rueda de prensa que se desarrollar\u00e1 este jueves 20 de noviembre<\/a>. La misma que se iba a desarrollar a las 17 horas, pero que \u201cpor cambios en la planificaci\u00f3n de los vuelos\u201d -viene desde Norteam\u00e9rica con sus dirigidos- finalmente se program\u00f3 para las 20 horas en el Museo del F\u00fatbol de Montevideo. <\/p>\n<p><img alt=\"\" class=\"global-image\" decoding=\"async\"  src=\"https:\/\/www.europesays.com\/es\/wp-content\/uploads\/2025\/11\/H63OWPKETJAZ3HZIUDA3AEJW7M.jpg\"  fetchpriority=\"low\" loading=\"lazy\"\/>Foto: Andr\u00e9s Pi\u00f1a\/Photosport. ANDRES PINA\/PHOTOSPORT Dirigencia uruguaya toma una decisi\u00f3n sobre el futuro de Bielsa<\/p>\n<p class=\"article-body__paragraph\">En medio de esta tormenta, la regencia de la Asociaci\u00f3n Uruguaya de F\u00fatbol (AUF) se reuni\u00f3 de urgencia. All\u00ed se habl\u00f3 de la continuidad del rosarino y seg\u00fan cuenta el diario Ovaci\u00f3n, \u201ctambi\u00e9n hubo di\u00e1logo con el director de selecciones, Jorge Giordano, quien <a href=\"https:\/\/www.latercera.com\/el-deportivo\/noticia\/me-hago-responsable-marcelo-bielsa-pone-en-duda-su-continuidad-en-uruguay-tras-catastrofica-goleada-ante-estados-unidos\/\" target=\"_self\" rel=\"nofollow noopener\" title=\"https:\/\/www.latercera.com\/el-deportivo\/noticia\/me-hago-responsable-marcelo-bielsa-pone-en-duda-su-continuidad-en-uruguay-tras-catastrofica-goleada-ante-estados-unidos\/\">respald\u00f3 plenamente la gesti\u00f3n del DT<\/a>\u201d.<\/p>\n<p class=\"article-body__paragraph\">El medio tambi\u00e9n agreg\u00f3 que de no dimitir en la conferencia mencionada, \u201c<b>este viernes se realizar\u00eda una reuni\u00f3n del Ejecutivo para tratar el tema Bielsa<\/b>. Gran parte de la delegaci\u00f3n llegar\u00e1 este jueves por la ma\u00f1ana de Estados Unidos y al otro d\u00eda se desarrollar\u00eda este encuentro para escuchar las distintas opiniones. Claro est\u00e1, la voz del presidente (Ignacio Alonso Labat) es la m\u00e1s importante y, sin dudas, es el que terminar\u00e1 tomando una decisi\u00f3n que, en principio, <b>ser\u00eda la de mantenerlo en su cargo<\/b>\u201d. <\/p>\n<p class=\"article-body__paragraph\">Al factor econ\u00f3mico, se le agrega el deportivo. Si Marcelo Bielsa es cesado o renuncia a la banca uruguaya, <a href=\"https:\/\/www.latercera.com\/el-deportivo\/noticia\/marcelo-bielsa-recargado-critica-el-mundial-de-48-selecciones-y-advierte-por-la-temperatura-en-estados-unidos\/\" target=\"_self\" rel=\"nofollow noopener\" title=\"https:\/\/www.latercera.com\/el-deportivo\/noticia\/marcelo-bielsa-recargado-critica-el-mundial-de-48-selecciones-y-advierte-por-la-temperatura-en-estados-unidos\/\">quedar\u00e1 muy poco tiempo para que un nuevo entrenador prepare al equipo para la cita planetaria<\/a> de norteamerica y tendr\u00e1 s\u00f3lo tres partidos para probar f\u00f3rmulas: los dos de la fecha FIFA de marzo y un amistoso antes de viajar a la fiesta universal. <\/p>\n<p class=\"article-body__paragraph\">Y aunque tambi\u00e9n preocupa las constantes discrepancias entre el argentino y los jugadores, al parecer el vestuario est\u00e1 entendi\u00e9ndose m\u00e1s con el adiestrador y as\u00ed lo dej\u00f3 claro<b> <\/b>Giorgian de Arrascaeta, el cual afirm\u00f3 que el v\u00ednculo con Bielsa \u201cpasa por un buen momento\u201d y los malos resultados de la gira era responsabilidad de los futbolistas y no de la banca.<\/p>\n<p class=\"article-body__paragraph\">Lo cierto es que habr\u00e1 que esperar que dice el DT, aunque Ovaci\u00f3n asever\u00f3 que no se ir\u00e1. \u201c<b>Dos fuentes importantes de la AUF confirmaron que<\/b> <b>no piensa en renunciar<\/b>, que tiene la intenci\u00f3n de revertir esta situaci\u00f3n, en la que solo pudo ganar cinco de los \u00faltimos 18 partidos y jugando menos que el rival en la mayor\u00eda de esos encuentros\u00bb, informaron.<\/p>\n","protected":false},"excerpt":{"rendered":"Horas claves viven Marcelo Bielsa y la selecci\u00f3n uruguaya. Pese a que la Celeste clasific\u00f3 al pr\u00f3ximo Mundial&hellip;\n","protected":false},"author":2,"featured_media":247560,"comment_status":"","ping_status":"","sticky":false,"template":"","format":"standard","meta":{"footnotes":""},"categories":[93],"tags":[63079,168,25,24,1698,63077,1070,63078,23,167,13862],"class_list":{"0":"post-247559","1":"post","2":"type-post","3":"status-publish","4":"format-standard","5":"has-post-thumbnail","7":"category-deportes","8":"tag-auf","9":"tag-deportes","10":"tag-es","11":"tag-espana","12":"tag-futbol-internacional","13":"tag-marcelo-bielsa","14":"tag-mundial","15":"tag-seleccion-uruguaya","16":"tag-spain","17":"tag-sports","18":"tag-uruguay"},"share_on_mastodon":{"url":"https:\/\/pubeurope.com\/@es\/115586189936254100","error":""},"_links":{"self":[{"href":"https:\/\/www.europesays.com\/es\/wp-json\/wp\/v2\/posts\/247559","targetHints":{"allow":["GET"]}}],"collection":[{"href":"https:\/\/www.europesays.com\/es\/wp-json\/wp\/v2\/posts"}],"about":[{"href":"https:\/\/www.europesays.com\/es\/wp-json\/wp\/v2\/types\/post"}],"author":[{"embeddable":true,"href":"https:\/\/www.europesays.com\/es\/wp-json\/wp\/v2\/users\/2"}],"replies":[{"embeddable":true,"href":"https:\/\/www.europesays.com\/es\/wp-json\/wp\/v2\/comments?post=247559"}],"version-history":[{"count":0,"href":"https:\/\/www.europesays.com\/es\/wp-json\/wp\/v2\/posts\/247559\/revisions"}],"wp:featuredmedia":[{"embeddable":true,"href":"https:\/\/www.europesays.com\/es\/wp-json\/wp\/v2\/media\/247560"}],"wp:attachment":[{"href":"https:\/\/www.europesays.com\/es\/wp-json\/wp\/v2\/media?parent=247559"}],"wp:term":[{"taxonomy":"category","embeddable":true,"href":"https:\/\/www.europesays.com\/es\/wp-json\/wp\/v2\/categories?post=247559"},{"taxonomy":"post_tag","embeddable":true,"href":"https:\/\/www.europesays.com\/es\/wp-json\/wp\/v2\/tags?post=247559"}],"curies":[{"name":"wp","href":"https:\/\/api.w.org\/{rel}","templated":true}]}}