{"id":247571,"date":"2025-11-21T06:19:13","date_gmt":"2025-11-21T06:19:13","guid":{"rendered":"https:\/\/www.europesays.com\/es\/247571\/"},"modified":"2025-11-21T06:19:13","modified_gmt":"2025-11-21T06:19:13","slug":"mario-cipollini-hospitalizado-por-problemas-cardiacos","status":"publish","type":"post","link":"https:\/\/www.europesays.com\/es\/247571\/","title":{"rendered":"Mario Cipollini, hospitalizado por problemas cardiacos"},"content":{"rendered":"<p>                    \u00abMi coraz\u00f3n sigue d\u00e1ndome problemas; los m\u00e9dicos ver\u00e1n qu\u00e9 hay que hacer. Espero que no sea necesario el desfibrilador\u00bb, dice el m\u00edtico ex ciclista italiano, de 58 a\u00f1os.<\/p>\n<p class=\"c-news-list__author\">EFE. Foto: Instagram @Mario_Cipollini<\/p>\n<p class=\"c-mainarticle__date\">\n<p>                    20 de noviembre de 2025 (10:00 CET)<\/p>\n<p>                                                                                                                                        <img fetchpriority=\"high\" decoding=\"async\" src=\"https:\/\/www.europesays.com\/es\/wp-content\/uploads\/2025\/11\/mario-cipollini-hospitalizado-por-problemas-cardiacos.jpeg\" alt=\"Mario Cipollini, hospitalizado por problemas cardiacos\" title=\"Mario Cipollini, hospitalizado por problemas cardiacos\" class=\"c-mainarticle__img\" loading=\"eager\" width=\"790\" height=\"454\"\/><\/p>\n<p>                    Mario Cipollini, hospitalizado por problemas cardiacos<\/p>\n<p>El exciclista italiano <strong>Mario Cipollini<\/strong>, de 58 a\u00f1os, ha explicado en sus redes sociales que tuvo que ser <strong>hospitalizado por problemas card\u00edacos<\/strong>, y se\u00f1al\u00f3 que su coraz\u00f3n sigue d\u00e1ndole problemas.<\/p>\n<p>El campe\u00f3n del mundo en 2002 y ganador de cuarenta y dos etapas del Giro de Italia y doce del Tour de Francia, <strong>se enfrenta a nuevos problemas de salud, siempre relacionados con el coraz\u00f3n<\/strong>. <a data-external=\"1\" href=\"https:\/\/www.ciclismoafondo.es\/competicion\/noticias-resultados-ciclismo\/mario-cipollini-operado-del-corazon_47210_102.html\" rel=\"nofollow noopener\" target=\"_blank\" title=\"Fue operado en 2019\">Fue operado en 2019<\/a> tras descubrirse que padec\u00eda miocarditis viral, y el a\u00f1o pasado le implantaron un marcapasos.<\/p>\n<p>\u00ab<strong>Mi coraz\u00f3n sigue d\u00e1ndome problemas<\/strong>, ellos (los m\u00e9dicos) ver\u00e1n qu\u00e9 hay que hacer. <strong>Espero que no sea necesario el desfibrilador<\/strong>, pero tengo plena confianza en el equipo que me apoya\u00bb, revela Cipollini en Instagram<\/p>\n<p>\u00abOs mantendr\u00e9 informados. <strong>As\u00ed es la vida: hay que seguir adelante, nunca rendirse<\/strong>. Por supuesto, hubiera preferido hacer una salida por la regi\u00f3n de Lucca (donde naci\u00f3), pero por ahora estoy aqu\u00ed\u00bb, agrega.<\/p>\n<blockquote class=\"instagram-media\" data-instgrm-captioned=\"\" data-instgrm-permalink=\"https:\/\/www.instagram.com\/reel\/DRNMJj3DDwf\/?utm_source=ig_embed&amp;utm_campaign=loading\" data-instgrm-version=\"14\" style=\" background:#FFF; border:0; border-radius:3px; box-shadow:0 0 1px 0 rgba(0,0,0,0.5),0 1px 10px 0 rgba(0,0,0,0.15); margin: 1px; max-width:540px; min-width:326px; padding:0; width:99.375%; width:-webkit-calc(100% - 2px); width:calc(100% - 2px);\"><p>&#13;<br \/>\n&#13;\n<\/p><\/blockquote>\n<p>\u00a0<\/p>\n<p><script async src=\"\/\/www.instagram.com\/embed.js\"><\/script><\/p>\n","protected":false},"excerpt":{"rendered":"\u00abMi coraz\u00f3n sigue d\u00e1ndome problemas; los m\u00e9dicos ver\u00e1n qu\u00e9 hay que hacer. Espero que no sea necesario el&hellip;\n","protected":false},"author":2,"featured_media":247572,"comment_status":"","ping_status":"","sticky":false,"template":"","format":"standard","meta":{"footnotes":""},"categories":[273],"tags":[313,312,168,25,24,23,167],"class_list":{"0":"post-247571","1":"post","2":"type-post","3":"status-publish","4":"format-standard","5":"has-post-thumbnail","7":"category-ciclismo","8":"tag-ciclismo","9":"tag-cycling","10":"tag-deportes","11":"tag-es","12":"tag-espana","13":"tag-spain","14":"tag-sports"},"share_on_mastodon":{"url":"https:\/\/pubeurope.com\/@es\/115586240877648051","error":""},"_links":{"self":[{"href":"https:\/\/www.europesays.com\/es\/wp-json\/wp\/v2\/posts\/247571","targetHints":{"allow":["GET"]}}],"collection":[{"href":"https:\/\/www.europesays.com\/es\/wp-json\/wp\/v2\/posts"}],"about":[{"href":"https:\/\/www.europesays.com\/es\/wp-json\/wp\/v2\/types\/post"}],"author":[{"embeddable":true,"href":"https:\/\/www.europesays.com\/es\/wp-json\/wp\/v2\/users\/2"}],"replies":[{"embeddable":true,"href":"https:\/\/www.europesays.com\/es\/wp-json\/wp\/v2\/comments?post=247571"}],"version-history":[{"count":0,"href":"https:\/\/www.europesays.com\/es\/wp-json\/wp\/v2\/posts\/247571\/revisions"}],"wp:featuredmedia":[{"embeddable":true,"href":"https:\/\/www.europesays.com\/es\/wp-json\/wp\/v2\/media\/247572"}],"wp:attachment":[{"href":"https:\/\/www.europesays.com\/es\/wp-json\/wp\/v2\/media?parent=247571"}],"wp:term":[{"taxonomy":"category","embeddable":true,"href":"https:\/\/www.europesays.com\/es\/wp-json\/wp\/v2\/categories?post=247571"},{"taxonomy":"post_tag","embeddable":true,"href":"https:\/\/www.europesays.com\/es\/wp-json\/wp\/v2\/tags?post=247571"}],"curies":[{"name":"wp","href":"https:\/\/api.w.org\/{rel}","templated":true}]}}