{"id":247575,"date":"2025-11-21T06:22:22","date_gmt":"2025-11-21T06:22:22","guid":{"rendered":"https:\/\/www.europesays.com\/es\/247575\/"},"modified":"2025-11-21T06:22:22","modified_gmt":"2025-11-21T06:22:22","slug":"alfon-tuve-ofertas-para-liberar-esa-clausula-pero-ni-se-me-paso-por-cabeza","status":"publish","type":"post","link":"https:\/\/www.europesays.com\/es\/247575\/","title":{"rendered":"Alfon: \u00abTuve ofertas para liberar esa cl\u00e1usula, pero ni se me pas\u00f3 por cabeza\u00bb"},"content":{"rendered":"<p>El albacete\u00f1o reconoce que varios clubes pensaron pagar los cinco millones de su libertad antes del 1 de julio, aunque \u00e9l se neg\u00f3: \u00abNo tuve dudas; venir aqu\u00ed era la mejor opci\u00f3n\u00bb<\/p>\n<p class=\"parrafo\">El atacante del <strong>Sevilla FC Alfon Gonz\u00e1lez<\/strong> ha sido este jueves el invitado del programa de Sevilla FC+ &#8216;El cubo&#8217;, donde ha reconocido de nuevo que pudo haberse marcharse durante el mes de junio a otro club pese al contrato cerrado por <strong>V\u00edctor Orta<\/strong>, pues \u00e9ste recog\u00eda la posibilidad de retractarse a cambio de <strong>cinco millones de euros<\/strong>. Se habl\u00f3 de varios clubes italianos interesados, aunque el albacete\u00f1o insiste en que nunca lo consider\u00f3 realmente: \u00ab<strong>Tuve ofertas para liberar esa cl\u00e1usula que ten\u00eda<\/strong>, <a href=\"https:\/\/www.estadiodeportivo.com\/futbol\/sevilla-fc\/contundente-mensaje-alfon-los-que-dudaban-fichaje-por-sevilla-20250705-502714.html\" target=\"_blank\" class=\"intext-link\" rel=\"nofollow noopener\">aunque en ning\u00fan momento ni se me pas\u00f3 por la cabeza<\/a>. <strong>No tuve dudas<\/strong>. <a href=\"https:\/\/www.estadiodeportivo.com\/futbol\/sevilla-fc\/las-primeras-palabras-alfon-como-jugador-del-sevilla-20250701-502068.html\" target=\"_blank\" class=\"intext-link\" rel=\"nofollow noopener\">Siempre dije a mi familia y a mi representante que hab\u00eda tomado la decisi\u00f3n de ir al Sevilla<\/a>, que era la <strong>mejor<\/strong> opci\u00f3n. Quer\u00eda ir, <strong>disfrutarla<\/strong>, si bien no se ha visto todav\u00eda mi mejor versi\u00f3n y creo que se va a ver\u00bb.<\/p>\n<p><img decoding=\"async\" src=\"https:\/\/www.europesays.com\/es\/wp-content\/uploads\/2025\/11\/01ca6581-1b9f-45ee-bfc7-b9f6cd79f31a_800x533.jpeg\" loading=\"lazy\"\/><\/p>\n<p class=\"parrafo\">El ex del <strong>RC Celta de Vigo<\/strong> entiende que la lesi\u00f3n que sufri\u00f3 le \u00ab<strong>fren\u00f3 un poco<\/strong>, <strong>pero ahora el tobillo est\u00e1 funcionando bien<\/strong>\u00ab, por lo que va \u00aba trabajar para que esa mejor versi\u00f3n sea lo antes posible\u00bb, porque le queda mucho por demostrar: \u00ab<strong>He llegado al Sevilla<\/strong>, <strong>pero no me conformo con eso<\/strong>. Estoy <strong>empezando<\/strong> y quiero que la afici\u00f3n y el club vean ese jugador que soy y disfruten. La semana pasada ya estaba <strong>perfecto<\/strong>, esta semana tambi\u00e9n y va respondiendo todo mucho mejor. <strong>Los parones no me gustan mucho por la espera<\/strong>, pero ya va quedando menos y la semana se va acabando. Si te pones a pensar, de un a\u00f1o para otro la vida cambia much\u00edsimo. Hay que tratar de disfrutar el momento y vivir el d\u00eda a d\u00eda lo mejor que se pueda. Estoy disfrutando del sevillismo y del <strong>S\u00e1nchez-Pizju\u00e1n<\/strong>. Era uno de los campos que ten\u00eda <strong>marcado<\/strong> cuando consigo llegar a <strong>Primera<\/strong> <strong>divisi\u00f3n<\/strong>. Ahora disfruto de algo que hace muchos a\u00f1os era un <strong>sue\u00f1o<\/strong>\u00ab. Adem\u00e1s, habl\u00f3 de otros temas en su charla.<\/p>\n<p>Ni Montequinto ni el Aljarafe<\/p>\n<p class=\"parrafo\">\u00abMucha gente me lo ha dicho, cuando me paran cerca del estadio o en el centro comercial y se <strong>sorprenden<\/strong>. Me gusta m\u00e1s una zona <strong>c\u00e9ntrica<\/strong>, para mi pareja tambi\u00e9n; en <strong>Vigo<\/strong> tambi\u00e9n viv\u00eda en el centro, muy cerquita del estadio. Estoy muy contento all\u00ed; la gente es muy amable y simp\u00e1tica\u00bb.<\/p>\n<p><a class=\"elementos-rel-t2\" href=\"https:\/\/www.estadiodeportivo.com\/futbol\/sevilla-fc\/baja-inesperada-incertidumbre-con-nianzou-regreso-confirmado-alfon-20251021-517274.html\" title=\"Baja inesperada, incertidumbre con Nianzou en el Sevilla y regreso confirmado de Alfon\" rel=\"nofollow noopener\" target=\"_blank\">Baja inesperada, incertidumbre con Nianzou en el Sevilla y regreso confirmado de Alfon<img decoding=\"async\" src=\"https:\/\/www.europesays.com\/es\/wp-content\/uploads\/2025\/11\/de288c37-a0ef-4e32-bd1e-0671a79c0f62_320x180.jpeg\" alt=\"Baja inesperada, incertidumbre con Nianzou en el Sevilla y regreso confirmado de Alfon\"\/><\/a><a class=\"elementos-rel-t2\" href=\"https:\/\/www.estadiodeportivo.com\/futbol\/sevilla-fc\/misterio-sin-resolver-segun-celta-fichaje-alfon-aun-que-paso-20251013-516246.html\" title=\"Misterio sin resolver, seg\u00fan el Celta, en el fichaje de Alfon: &quot;A\u00fan no s\u00e9 qu\u00e9 pas\u00f3&quot;  \" rel=\"nofollow noopener\" target=\"_blank\">Misterio sin resolver, seg\u00fan el Celta, en el fichaje de Alfon: \u00abA\u00fan no s\u00e9 qu\u00e9 pas\u00f3\u00bb  <img decoding=\"async\" src=\"https:\/\/www.europesays.com\/es\/wp-content\/uploads\/2025\/11\/ee7c711b-8612-4706-9a19-3c44d39db516_320x180.jpeg\" alt=\"Misterio sin resolver, seg\u00fan el Celta, en el fichaje de Alfon: &quot;A\u00fan no s\u00e9 qu\u00e9 pas\u00f3&quot;  \"\/><\/a><a class=\"elementos-rel-t2\" href=\"https:\/\/www.estadiodeportivo.com\/futbol\/sevilla-fc\/mala-suerte-ceba-con-alfon-20250922-513092.html\" title=\"La mala suerte se ceba con Alfon \" rel=\"nofollow noopener\" target=\"_blank\">La mala suerte se ceba con Alfon <img decoding=\"async\" src=\"https:\/\/www.europesays.com\/es\/wp-content\/uploads\/2025\/09\/02e571fa-7fcf-4687-a60c-9285f66a92e3_320x180.jpeg\" alt=\"La mala suerte se ceba con Alfon \"\/><\/a>Reconocimiento tard\u00edo<\/p>\n<p class=\"parrafo\">\u00abHe pasado por varios sitios, varias ciudades, y <strong>no hay que rendirse nunca<\/strong>. Alguna vez puedes dar un <strong>paso atr\u00e1s<\/strong>, que sea como <strong>impulso<\/strong> para ir hacia adelante. Lo valoro much\u00edsimo m\u00e1s; hay otro tipo de compa\u00f1eros o futbolistas que su carrera ha sido diferente. Estoy <strong>orgulloso<\/strong> de mi carrera, pues la he <strong>disfrutado<\/strong> y la he <strong>trabajado<\/strong> mucho\u00bb.<\/p>\n<p><img decoding=\"async\" src=\"https:\/\/www.europesays.com\/es\/wp-content\/uploads\/2025\/11\/0d8f105b-32c8-42e8-b3da-a93c700f4134_800x643.jpeg\" loading=\"lazy\"\/>Almeyda<\/p>\n<p class=\"parrafo\">\u00abEstoy muy contento con \u00e9l; es un m\u00edster que tiene las cosas muy <strong>claras<\/strong>, tiene su idea y nos la sabe <strong>transmitir<\/strong>. Nos <strong>llega<\/strong>, que es lo m\u00e1s dif\u00edcil; saber transmitir las ideas es lo m\u00e1s complicado. Tenemos una idea muy clara que creo que se ve cada fin de semana. Cuando lo <strong>escuchas<\/strong> hablar, cuando empieza a <strong>transmitir<\/strong> de esa manera, dices &#8216;<strong>que empiece el partido<\/strong>, <strong>que me los como<\/strong>&#8216;. Es un entrenador muy <strong>cercano<\/strong>, que nos ayuda en el d\u00eda a d\u00eda much\u00edsimo, y se disfruta con \u00e9l\u00bb.<\/p>\n","protected":false},"excerpt":{"rendered":"El albacete\u00f1o reconoce que varios clubes pensaron pagar los cinco millones de su libertad antes del 1 de&hellip;\n","protected":false},"author":2,"featured_media":247576,"comment_status":"","ping_status":"","sticky":false,"template":"","format":"standard","meta":{"footnotes":""},"categories":[268],"tags":[31159,168,25,24,284,280,282,2993,281,23,167],"class_list":{"0":"post-247575","1":"post","2":"type-post","3":"status-publish","4":"format-standard","5":"has-post-thumbnail","7":"category-futbol","8":"tag-alfon","9":"tag-deportes","10":"tag-es","11":"tag-espana","12":"tag-estadio-deportivo","13":"tag-football","14":"tag-futbol","15":"tag-sevilla-futbol-club","16":"tag-soccer","17":"tag-spain","18":"tag-sports"},"share_on_mastodon":{"url":"https:\/\/pubeurope.com\/@es\/115586253225086207","error":""},"_links":{"self":[{"href":"https:\/\/www.europesays.com\/es\/wp-json\/wp\/v2\/posts\/247575","targetHints":{"allow":["GET"]}}],"collection":[{"href":"https:\/\/www.europesays.com\/es\/wp-json\/wp\/v2\/posts"}],"about":[{"href":"https:\/\/www.europesays.com\/es\/wp-json\/wp\/v2\/types\/post"}],"author":[{"embeddable":true,"href":"https:\/\/www.europesays.com\/es\/wp-json\/wp\/v2\/users\/2"}],"replies":[{"embeddable":true,"href":"https:\/\/www.europesays.com\/es\/wp-json\/wp\/v2\/comments?post=247575"}],"version-history":[{"count":0,"href":"https:\/\/www.europesays.com\/es\/wp-json\/wp\/v2\/posts\/247575\/revisions"}],"wp:featuredmedia":[{"embeddable":true,"href":"https:\/\/www.europesays.com\/es\/wp-json\/wp\/v2\/media\/247576"}],"wp:attachment":[{"href":"https:\/\/www.europesays.com\/es\/wp-json\/wp\/v2\/media?parent=247575"}],"wp:term":[{"taxonomy":"category","embeddable":true,"href":"https:\/\/www.europesays.com\/es\/wp-json\/wp\/v2\/categories?post=247575"},{"taxonomy":"post_tag","embeddable":true,"href":"https:\/\/www.europesays.com\/es\/wp-json\/wp\/v2\/tags?post=247575"}],"curies":[{"name":"wp","href":"https:\/\/api.w.org\/{rel}","templated":true}]}}