{"id":247577,"date":"2025-11-21T06:23:11","date_gmt":"2025-11-21T06:23:11","guid":{"rendered":"https:\/\/www.europesays.com\/es\/247577\/"},"modified":"2025-11-21T06:23:11","modified_gmt":"2025-11-21T06:23:11","slug":"diez-cosas-que-todavia-no-sabes-de-alejandro-sanz","status":"publish","type":"post","link":"https:\/\/www.europesays.com\/es\/247577\/","title":{"rendered":"diez cosas que todav\u00eda no sabes de Alejandro Sanz"},"content":{"rendered":"<p><strong>Alejandro Sanz<\/strong> (56 a\u00f1os) sigue sumando \u00e9xitos a su trayectoria profesional. Lleva 35 a\u00f1os subido a los escenarios. Aunque a veces <a href=\"https:\/\/www.lecturas.com\/television\/alejandro-sanz-se-sincera-hormiguero-sobre-preocupante-mensaje-que-hizo-saltar-todas-alarmas_169271\" target=\"_self\" rel=\"nofollow noopener\">le han flaqueado las ganas<\/a>, ahora reaparece\u00a0<strong>con la \u00abilusi\u00f3n recuperada\u00bb<\/strong>. Parece haber dejado atr\u00e1s el dif\u00edcil momento personal que atravesaba. Dan cuenta de ello su pr\u00f3ximo \u00e1lbum de estudio,&#8217;\u00bfY ahora qu\u00e9 +?&#8217;; el documental que estrenar\u00e1 con Movistar Plus + \u2013tras su ruptura con Netflix\u2013 y el musical que est\u00e1 a punto de estrenar. \u00abLlevamos mucho tiempo con este proyecto (del musical), que hab\u00edamos guardado en secreto, pero s\u00ed, estamos con ello\u00bb, confirmaba a EFE durante una entrevista.<\/p>\n<p>Se encuentra sumergido en la b\u00fasqueda del elenco, ultimando los detalles para empezar en unas semanas <strong>las lecturas del musical<\/strong>. Adem\u00e1s, hace apenas unos d\u00edas recog\u00eda dos Latin Gammy m\u00e1s por\u00a0el EP previo &#8216;\u00bfY ahora qu\u00e9?&#8217;. Alejandro Sanz ha dado un cambio en su vida para poder seguir haciendo lo que le gusta sin tener que hacer tantos sacrificios.<\/p>\n<p><img loading=\"lazy\" decoding=\"async\"   src=\"https:\/\/www.europesays.com\/es\/wp-content\/uploads\/2025\/11\/alejandro-sanz_9f53a87c_251120134334_1200x939.webp.webp\" alt=\"Alejandro Sanz \" class=\"lazyload\" width=\"1200\" height=\"939\" data-aspectratio=\"1200\/939\"\/><\/p>\n<p>Alejandro Sanz recogi\u00f3 dos galardones en la \u00faltima edici\u00f3n de los Latin Gammy<\/p>\n<p>&#13;Gtres<\/p>\n<p>\u201cHe aprendido a trabajar de otra forma sin tener que sacrificar tanto. Muchos de mis discos, casi todos los anteriores, <strong>han sido de mucho sacrificio personal<\/strong>\u201d, explicaba a EFE. \u00abHacen buenas letras, m\u00fasica, arreglos y producciones y he conseguido delegar algunas cosas, no en el sentido de que lo hagan los dem\u00e1s, sino de estar ah\u00ed presente y trabajarlo con otros\u00bb, a\u00f1ad\u00eda.\u00a0Mientras esperamos a escucharlas, repasamos su trayectoria con una decena de datos poco conocidos sobre su vida.<\/p>\n<p>Su profesi\u00f3n frustrada<\/p>\n<p>Alejandro Sanz siempre ha sentido un fuerte v\u00ednculo con la m\u00fasica. Comenz\u00f3 a dar clases de guitarra cuando era ni\u00f1o y con tan solo 11 a\u00f1os ya compon\u00eda sus primeras canciones. Incluso lleg\u00f3 a escaparse de casa de sus padres \u2013guitarra en mano\u2013 para tocar en diferentes locales de la costa andaluza. Sin embargo, el madrile\u00f1o <strong>quiso ser zapatero <\/strong>antes de enamorarse de la guitarra.<\/p>\n<p>Su otro nombre art\u00edstico\u00a0\u00a0<\/p>\n<p>Su verdadero nombre es Alejandro S\u00e1nchez Pizarro. Lo que muchos no saben es que de decantarse definitivamente por el nombre art\u00edstico de Alejandro Sanz tuvo otro seud\u00f3nimo. El madrile\u00f1o public\u00f3 un \u00e1lbum llamado &#8216;Los chulos son pa&#8217; cuidarlos&#8217;, con tintes flamenco-tecno, <strong>bajo el nombre de Alejandro Magno<\/strong>. Solo se editaron 500 copias, detalle que lo ha convertido en una pieza de coleccionista muy dif\u00edcil de conseguir. Los derechos del \u00e1lbum eran propiedad de la discogr\u00e1fica EMI, pero cuando esta decidi\u00f3 no reeditarlo, Jos\u00e9 Barroso, el propietario de Don Algod\u00f3n, los compr\u00f3 y se los regal\u00f3 al cantante.<\/p>\n<p>La verdadera historia de &#8216;Coraz\u00f3n part\u00edo&#8217;<\/p>\n<p>Alejandro Sanz no solo es cantante, tambi\u00e9n es compositor. Ha hecho canciones para artistas tan reconocidos como Laura Pausini o Kylie Minogue. El madrile\u00f1o siempre tiene una ardua tarea decidiendo qu\u00e9 temas se queda para \u00e9l mismo y cu\u00e1les cede a otros. De hecho, uno de sus \u00e9xitos m\u00e1s escuchados <strong>casi no lo interpreta \u00e9l mismo<\/strong>. Se trata de &#8216;Coraz\u00f3n part\u00edo&#8217;. \u00abPens\u00e9 que pod\u00eda ser una canci\u00f3n para Camela, una rumbita\u00bb, le cont\u00f3 a Bert\u00edn Osborne.\u00a0<\/p>\n<p><img loading=\"lazy\" decoding=\"async\"   src=\"https:\/\/www.europesays.com\/es\/wp-content\/uploads\/2025\/11\/bertin-osborne-y-alejandro-sanz_6ceff743_251120132637_1200x674.webp.webp\" alt=\"Bert\u00edn Osborne y Alejandro Sanz\" class=\"lazyload\" width=\"1200\" height=\"674\" data-aspectratio=\"1200\/674\"\/><\/p>\n<p>Alejandro Sanz le cont\u00f3 a\u00a0Bert\u00edn Osborne que cre\u00eda que &#8216;Coraz\u00f3n part\u00edo&#8217; era una buena canci\u00f3n para Camela<\/p>\n<p>&#13;RTVE<br \/>\nLas canciones que tienen una dedicatoria especial<\/p>\n<p>Alejandro, al igual que otros muchos cantantes, ha plasmado sus sentimientos a trav\u00e9s de su m\u00fasica.\u00a0No es de extra\u00f1ar que en su discograf\u00eda nos encontramos con canciones que ha dedicado <strong>a personas tan especiales como sus hijos<\/strong>. &#8216;Y solo se me ocurre amarte&#8217; (2001) la escribi\u00f3 pensando en su hija Manuela, mientras que &#8216;Capit\u00e1n tap\u00f3n&#8217; (2015) se la dedica a su hijo Dylan. La canci\u00f3n de &#8216;Mi persona favorita&#8217; (2019) es para su hija Alma. Tiene un cuarto hijo, Alexander, al que no le ha dedicado ninguna canci\u00f3n. Con \u00e9l comparte su pasi\u00f3n por la m\u00fasica; es quien le acompa\u00f1a en todos los conciertos.<\/p>\n<p>Un hombre \u00a1muy supersticioso!<\/p>\n<p>Alejandro ha confesado en varias ocasiones las muchas supersticiones que tiene, especialmente cuando se sube a un escenario. Una de ellas es que siente aversi\u00f3n por el amarillo. Est\u00e1 convencido de que da mala suerte y no permite que nadie de su equipo vaya vestido de ese color. Tambi\u00e9n tiene que santiguarse siete veces antes de subirse al escenario.\u00a0Le tiene p\u00e1nico a los aviones y a los aeropuertos, y le da mucha importancia a la\u00a0puntualidad.<\/p>\n<p>La decisi\u00f3n de la que se arrepiente<\/p>\n<p>En el grupo de amigos hay y hubo siempre rostros conocidos. Adem\u00e1s, es muy amigo de la familia Flores desde que es muy joven, tambi\u00e9n lo fue de Antonio Flores.\u00a0El madrile\u00f1o todav\u00eda se pregunta por qu\u00e9 no acudi\u00f3 a la casa familiar donde se encontraba el artista cuando este le llam\u00f3 por tel\u00e9fono. \u00abYo habl\u00e9 el d\u00eda anterior con \u00e9l. <strong>Me dijo que fuera a la caba\u00f1a de El Lerele, pero no fui<\/strong>\u2026 Me arrepentir\u00e9 toda mi vida\u00bb, ha confesado Sanz.<\/p>\n<p>El d\u00eda oficial de Alejandro Sanz<\/p>\n<p>S\u00ed, has le\u00eddo bien. Existe el d\u00eda oficial de Alejandro Sanz. En Los \u00c1ngeles, el d\u00eda <strong>30 de abril <\/strong>est\u00e1 dedicado al cantante. Los estadounidenses rinden as\u00ed su peculiar homenaje al m\u00fasico espa\u00f1ol.\u00a0\u00abEs un honor. Mi madre estar\u00eda muy orgullosa de m\u00ed\u00bb, afirm\u00f3 el cantante cuando se anunci\u00f3 la decisi\u00f3n de dedicarle una fecha.<\/p>\n<p>Si tiene su propio d\u00eda oficial, no es de extra\u00f1ar que\u00a0Alejandro Sanz tambi\u00e9n tenga su propia estrella en el Paseo de la Fama de Hollywood. De hecho, fue el noveno espa\u00f1ol en conseguir esta distinci\u00f3n internacional.<\/p>\n<p><img loading=\"lazy\" decoding=\"async\"   src=\"https:\/\/www.europesays.com\/es\/wp-content\/uploads\/2025\/11\/alejandro-sanz-y-candela-marquez_1d98955c_251120134428_1200x786.webp.webp\" alt=\"Alejandro Sanz y Candela M\u00e1rquez\" class=\"lazyload\" width=\"1200\" height=\"786\" data-aspectratio=\"1200\/786\"\/><\/p>\n<p>Alejandro Sanz comparte su d\u00eda a d\u00eda con la actriz Candela M\u00e1rquez<\/p>\n<p>&#13;Gtres<br \/>\nEs doctor honoris causa<\/p>\n<p>Alejandro Sanz fue investido en 2013 como doctor honoris causa por la prestigiosa Universidad de Berklee, Boston. La <strong>escuela de m\u00fasica m\u00e1s importante del mundo <\/strong>quer\u00eda resaltar la contribuci\u00f3n del espa\u00f1ol a la m\u00fasica contempor\u00e1nea y poner en valor sus tareas humanitarias: \u00abLa alegr\u00eda que sus canciones ha llevado a millones de personas alrededor del mundo\u00bb.<\/p>\n<p>Apasionado de la poes\u00eda<\/p>\n<p>Alejandro Sanz ha compuesto todas sus canciones y ha trabajado con algunos de los artistas m\u00e1s reconocidos internacionalmente. No es extra\u00f1o descubrir que el madrile\u00f1o es un <strong>apasionado de la poes\u00eda<\/strong>. Entre sus autores favoritos est\u00e1n Gustavo Adolfo B\u00e9cquer, Miguel Hern\u00e1ndez, Pablo Neruda, Rabindranath Tagore, Rosal\u00eda de Castro o Gabriel Garc\u00eda M\u00e1rquez.<\/p>\n<p>Intermediario entre David Broncano y Pablo Motos<\/p>\n<p>Alejandro Sanz acudi\u00f3 a &#8216;La Revuelta&#8217; cuando\u00a0David Broncano y Pablo Motos protagonizaban un intenso cruce de comentarios y reproches mientras compet\u00edan por la audiencia. Llevaba consigo un mensaje del presentador de &#8216;El Hormiguero&#8217; y consigui\u00f3 que el jiennense le contestase con una nota de voz.\u00a0<\/p>\n","protected":false},"excerpt":{"rendered":"Alejandro Sanz (56 a\u00f1os) sigue sumando \u00e9xitos a su trayectoria profesional. Lleva 35 a\u00f1os subido a los escenarios.&hellip;\n","protected":false},"author":2,"featured_media":247578,"comment_status":"","ping_status":"","sticky":false,"template":"","format":"standard","meta":{"footnotes":""},"categories":[174],"tags":[255,146,147,25,24,256,23],"class_list":{"0":"post-247577","1":"post","2":"type-post","3":"status-publish","4":"format-standard","5":"has-post-thumbnail","7":"category-famosos","8":"tag-celebrities","9":"tag-entertainment","10":"tag-entretenimiento","11":"tag-es","12":"tag-espana","13":"tag-famosos","14":"tag-spain"},"share_on_mastodon":{"url":"https:\/\/pubeurope.com\/@es\/115586256442583041","error":""},"_links":{"self":[{"href":"https:\/\/www.europesays.com\/es\/wp-json\/wp\/v2\/posts\/247577","targetHints":{"allow":["GET"]}}],"collection":[{"href":"https:\/\/www.europesays.com\/es\/wp-json\/wp\/v2\/posts"}],"about":[{"href":"https:\/\/www.europesays.com\/es\/wp-json\/wp\/v2\/types\/post"}],"author":[{"embeddable":true,"href":"https:\/\/www.europesays.com\/es\/wp-json\/wp\/v2\/users\/2"}],"replies":[{"embeddable":true,"href":"https:\/\/www.europesays.com\/es\/wp-json\/wp\/v2\/comments?post=247577"}],"version-history":[{"count":0,"href":"https:\/\/www.europesays.com\/es\/wp-json\/wp\/v2\/posts\/247577\/revisions"}],"wp:featuredmedia":[{"embeddable":true,"href":"https:\/\/www.europesays.com\/es\/wp-json\/wp\/v2\/media\/247578"}],"wp:attachment":[{"href":"https:\/\/www.europesays.com\/es\/wp-json\/wp\/v2\/media?parent=247577"}],"wp:term":[{"taxonomy":"category","embeddable":true,"href":"https:\/\/www.europesays.com\/es\/wp-json\/wp\/v2\/categories?post=247577"},{"taxonomy":"post_tag","embeddable":true,"href":"https:\/\/www.europesays.com\/es\/wp-json\/wp\/v2\/tags?post=247577"}],"curies":[{"name":"wp","href":"https:\/\/api.w.org\/{rel}","templated":true}]}}