{"id":247603,"date":"2025-11-21T06:44:09","date_gmt":"2025-11-21T06:44:09","guid":{"rendered":"https:\/\/www.europesays.com\/es\/247603\/"},"modified":"2025-11-21T06:44:09","modified_gmt":"2025-11-21T06:44:09","slug":"seria-un-error-mirar-su-clasificacion","status":"publish","type":"post","link":"https:\/\/www.europesays.com\/es\/247603\/","title":{"rendered":"Ser\u00eda un error mirar su clasificaci\u00f3n"},"content":{"rendered":"<p><strong>Luis Casimiro<\/strong>, entrenador del <a target=\"_blank\" href=\"https:\/\/www.elprogreso.es\/tags\/cb-breogan\/\" rel=\"nofollow noopener\">R\u00edo Breog\u00e1n<\/a>, desconf\u00eda de la situaci\u00f3n clasificatoria del <strong>San Pablo Burgos<\/strong>, un equipo que, a su juicio, podr\u00eda tener \u00abperfectamente\u00bb\u00a0dos victorias m\u00e1s en la tabla clasificatoria de la liga Endesa.<\/p>\n<p>\u00a0<\/p>\n<p>\u00abEs un equipo que est\u00e1 jugando muy bien al baloncesto. Los amantes de las <strong>estad\u00edsticas <\/strong>deben de saber que es el equipo que juega con m\u00e1s posesiones de la liga. Ese detalle ya dice bastante de ellos. Tenemos que tener much\u00edsimo respeto por el San Pablo Burgos, ser\u00eda un error fijarnos solo en la clasificaci\u00f3n\u00bb, indic\u00f3.<\/p>\n<p>Durante su comparecencia ante los periodistas, apunt\u00f3 que su pr\u00f3ximo rival mantiene \u00abmuchas cosas\u00bb de la pasada temporada, en la que tuvo \u00abmucho \u00e9xito\u00bb con el <strong>ascenso <\/strong>a la m\u00e1xima categor\u00eda.<\/p>\n<p>\u00abCada vez compiten mejor\u00bb<\/p>\n<p>\u00abEs un equipo que cada vez est\u00e1 compitiendo mejor. Podr\u00eda tener dos victorias m\u00e1s perfectamente y nadie se asustar\u00eda\u00bb, manifest\u00f3 Casimiro, que elogi\u00f3 al t\u00e9cnico brasile\u00f1o <strong>Bruno Savignani<\/strong>.\u00a0<\/p>\n<p>\u00abLo sigo desde que lleg\u00f3 al <strong>Betis<\/strong>. En ese momento me parec\u00eda que estaba con otro ritmo de baloncesto, pero su evoluci\u00f3n ha sido impresionante. Esa misma temporada ya avanz\u00f3 much\u00edsimo, creo que interpreta muy bien la competici\u00f3n en la que est\u00e1. Es un entrenador que <strong>ha evolucionado mucho<\/strong>, adem\u00e1s de que tiene las ideas muy claras\u00bb, subray\u00f3.<\/p>\n<p>El preparador del Breog\u00e1n advirti\u00f3 de que el San Pablo Burgos tiene un<strong> sistema defensivo\u00a0\u00abdiferente\u00bb\u00a0al del UCAM Murcia<\/strong>, por eso considera que no tendr\u00e1n \u00ablas mismas opciones\u00bb que ante el conjunto universitario \u00absimplemente por c\u00f3mo trabajan su defensa\u00bb.<\/p>\n<p>\u00abCada partido es un mundo diferente, seguramente intentar\u00e1n pararnos m\u00e1s arriba para no dejarnos llegar tan cerca del aro\u00bb, augur\u00f3 Casimiro, para quien ser\u00e1 <strong>fundamental <\/strong>estar bien \u00ab<strong>en defensa, en el rebote y en el ritmo<\/strong>\u00ab.<\/p>\n<p>\u00abQuiero pensar que nuestro techo es mucho m\u00e1s alto\u00bb<\/p>\n<p>\u00abEst\u00e1 claro que hemos evolucionado desde que arranc\u00f3 la temporada, pero me gustar\u00eda pensar que tenemos el <strong>techo <\/strong>mucho m\u00e1s alto, que todav\u00eda no hemos tocado techo. Por eso, tenemos que seguir trabajando con la <strong>ambici\u00f3n <\/strong>de mejorar en cada entrenamiento. Esa es la clave\u00bb, destac\u00f3.<\/p>\n<p>El entrenador ciudadreale\u00f1o entiende el \u00ab<strong>runr\u00fan<\/strong>\u00bb\u00a0del <strong>breoganismo <\/strong>sobre la importancia de este duelo en la v\u00edspera del par\u00f3n que vivir\u00e1 la competici\u00f3n por los compromisos de las selecciones, pero dijo que eso es \u00abun <strong>error<\/strong>\u00bb\u00a0porque \u00abaqu\u00ed todos los partidos son importantes\u00bb.<\/p>\n<p>\u00abTenemos que estar centrados en cada segundo del partido que est\u00e1 pasando, esa es la clave. Habr\u00e1 jugadores con la <strong>cabeza <\/strong>en el <strong>equipo nacional <\/strong>y otros pensando en que podemos tener d\u00edas libres, pero eso es un error. Hay que pensar como si este partido fuese el \u00faltimo\u00bb, concluy\u00f3.\u00a0<\/p>\n","protected":false},"excerpt":{"rendered":"Luis Casimiro, entrenador del R\u00edo Breog\u00e1n, desconf\u00eda de la situaci\u00f3n clasificatoria del San Pablo Burgos, un equipo que,&hellip;\n","protected":false},"author":2,"featured_media":247604,"comment_status":"","ping_status":"","sticky":false,"template":"","format":"standard","meta":{"footnotes":""},"categories":[269],"tags":[299,298,8778,168,25,24,831,51541,23,167],"class_list":{"0":"post-247603","1":"post","2":"type-post","3":"status-publish","4":"format-standard","5":"has-post-thumbnail","7":"category-baloncesto","8":"tag-baloncesto","9":"tag-basketball","10":"tag-cb-breogan","11":"tag-deportes","12":"tag-es","13":"tag-espana","14":"tag-liga-acb","15":"tag-luis-casimiro","16":"tag-spain","17":"tag-sports"},"share_on_mastodon":{"url":"https:\/\/pubeurope.com\/@es\/115586339168625082","error":""},"_links":{"self":[{"href":"https:\/\/www.europesays.com\/es\/wp-json\/wp\/v2\/posts\/247603","targetHints":{"allow":["GET"]}}],"collection":[{"href":"https:\/\/www.europesays.com\/es\/wp-json\/wp\/v2\/posts"}],"about":[{"href":"https:\/\/www.europesays.com\/es\/wp-json\/wp\/v2\/types\/post"}],"author":[{"embeddable":true,"href":"https:\/\/www.europesays.com\/es\/wp-json\/wp\/v2\/users\/2"}],"replies":[{"embeddable":true,"href":"https:\/\/www.europesays.com\/es\/wp-json\/wp\/v2\/comments?post=247603"}],"version-history":[{"count":0,"href":"https:\/\/www.europesays.com\/es\/wp-json\/wp\/v2\/posts\/247603\/revisions"}],"wp:featuredmedia":[{"embeddable":true,"href":"https:\/\/www.europesays.com\/es\/wp-json\/wp\/v2\/media\/247604"}],"wp:attachment":[{"href":"https:\/\/www.europesays.com\/es\/wp-json\/wp\/v2\/media?parent=247603"}],"wp:term":[{"taxonomy":"category","embeddable":true,"href":"https:\/\/www.europesays.com\/es\/wp-json\/wp\/v2\/categories?post=247603"},{"taxonomy":"post_tag","embeddable":true,"href":"https:\/\/www.europesays.com\/es\/wp-json\/wp\/v2\/tags?post=247603"}],"curies":[{"name":"wp","href":"https:\/\/api.w.org\/{rel}","templated":true}]}}