{"id":247605,"date":"2025-11-21T06:45:20","date_gmt":"2025-11-21T06:45:20","guid":{"rendered":"https:\/\/www.europesays.com\/es\/247605\/"},"modified":"2025-11-21T06:45:20","modified_gmt":"2025-11-21T06:45:20","slug":"el-bayern-hunde-al-psg-asi-esta-la-clasificacion-de-la-champions-femenina","status":"publish","type":"post","link":"https:\/\/www.europesays.com\/es\/247605\/","title":{"rendered":"El Bayern hunde al PSG: as\u00ed est\u00e1 la clasificaci\u00f3n de la Champions femenina"},"content":{"rendered":"<p class=\"\">La cuarta jornada de la UEFA Women\u2019s Champions League dej\u00f3 goleadas,<a href=\"https:\/\/as.com\/futbol\/femenino\/asi-esta-la-clasificacion-de-la-champions-league-femenina-f202511-n-3\/\" target=\"_blank\" rel=\"noreferrer nofollow noopener\" title=\"https:\/\/as.com\/futbol\/femenino\/asi-esta-la-clasificacion-de-la-champions-league-femenina-f202511-n-3\/\"> remontadas sobre la bocina<\/a> y hasta alguna sorpresa, que nunca sobran por peque\u00f1as que sean. En los partidos del jueves,<a href=\"https:\/\/as.com\/futbol\/femenino\/golazos-de-vida-para-el-atletico-f202511-n\/\" target=\"_blank\" rel=\"noreferrer nofollow noopener\" title=\"https:\/\/as.com\/futbol\/femenino\/golazos-de-vida-para-el-atletico-f202511-n\/\"> el<b> Atl\u00e9tico tumb\u00f3 a domicilio al Twente <\/b>a base de misiles<\/a> (0-4), <b>el Bayern se llev\u00f3 los tres puntos del Parque de los Pr\u00edncipes y dej\u00f3 al PSG colista<\/b>, la <b>Roma <\/b>sum\u00f3 su primer punto frente al siempre combativo OH Leuven y <b>Chelsea y Barcelona empataron a uno en Stamford Bridge<\/b>. El equipo blaugrana, <b>l\u00edder<\/b>, sac\u00f3 as\u00ed<b> su billete a la siguiente ronda<\/b>, al igual que ya lo tienen<b> asegurado el OL Lyonnes,<\/b> <b>el Wolfsburgo, el Manchester United y el Bayern<\/b>.<\/p>\n<p><b>Consulta <\/b><a href=\"https:\/\/as.com\/resultados\/futbol\/champions_league_femenina\/clasificacion\/\" target=\"_blank\" rel=\"noreferrer nofollow noopener\" title=\"https:\/\/as.com\/resultados\/futbol\/champions_league_femenina\/clasificacion\/\"><b>aqu\u00ed <\/b><\/a><b>la clasificaci\u00f3n de la Champions League femenina<\/b><\/p>\n<p class=\"\">Colista se qued\u00f3 el PSG despu\u00e9s de ser noqueado en su casa por un Bayern que, sin embargo, empez\u00f3 el partido por debajo en el marcador. Porque a los 16 minutos Echegini protagoniz\u00f3 una incre\u00edble arrancada por la izquierda, <b>cedi\u00f3 el bal\u00f3n a Ajibade y esta a su vez se lo dio a Karchaoui<\/b>, que recort\u00f3 hacia dentro para batir a Mahmutovic con un zurdazo ajustad\u00edsimo. <\/p>\n<p class=\"\">Pero no est\u00e1 siendo una temporada f\u00e1cil para las de Paulo C\u00e9sar, que encajaron el empate acto seguido: <b>Harder vio la internada de Gwinn por la derecha y esta centr\u00f3 para que Dallmann,<\/b> aprovechando el mal despeje de Mbock, batiera a Mary Earps. <\/p>\n<p class=\"\">Entonces el dominio empez\u00f3 a ser mayor de las alemanas, con una B\u00fchl que aparec\u00eda por cualquiera de los extremos y volv\u00eda locas a las defensas del cuadro parisino. Ella fue la que <b>encontr\u00f3 a Tanikawa por dentro,<\/b> en el 34\u2019, para que la japonesa se metiera hasta la cocina y <b>fusilara a Earps con un violento chut que dio en el travesa\u00f1o<\/b> antes de meterse en el fondo de la porter\u00eda. <\/p>\n<p class=\"\">Ya en la segunda parte el PSG bas\u00f3 sus ataques en faltas laterales o intentonas individuales de jugadoras como Kanjinga, que entr\u00f3 de refresco. Con la posesi\u00f3n muy disputada, <b>De Almeida tuvo el empate en un saque de esquina en el 70<\/b>\u2032, pero seguramente fue en el mejor momento de las francesas cuando lleg\u00f3 la sentencia del Bayern que antes <b>hab\u00eda estampado un bal\u00f3n en el larguero por medio de Harder<\/b>. B\u00fchl entr\u00f3 por la izquierda, Kett no acert\u00f3 en el remate y fue Damnjanovic la que dio la puntilla al PSG, que es \u00faltimo en la clasificaci\u00f3n.<\/p>\n<p>Noticias relacionadas<a href=\"https:\/\/as.com\/futbol\/femenino\/golazos-de-vida-para-el-atletico-f202511-n\/\" class=\"s_m_w _rt-16x9\" title=\"Los tantos de Amaiur, J\u00falia Bartel, Jensen y Fiamma al Twente sellan la segunda victoria del equipo rojiblanco, que mantiene sus opciones de pasar de ronda.\" data-tb-link=\"\" rel=\"nofollow noopener\" target=\"_blank\"><img decoding=\"async\" src=\"https:\/\/www.europesays.com\/es\/wp-content\/uploads\/2025\/11\/JRSSJ3EATZLMBKNKYKISTY6Z5M.jpg\" alt=\"\u00a1Golazos de vida para el Atl\u00e9tico!\" class=\"\" height=\"9\" width=\"16\"   loading=\"lazy\" data-tb-thumbnail=\"\"\/><\/a><a href=\"https:\/\/as.com\/futbol\/femenino\/leccion-de-russo-al-madrid-f202511-n\/\" class=\"s_m_w _rt-16x9\" title=\"El Arsenal remonta el golazo de Weir con un doblete de la delantera inglesa, que ya elimin\u00f3 a las blancas la temporada pasada. Primera derrota europea de las de Quesada.\" data-tb-link=\"\" rel=\"nofollow noopener\" target=\"_blank\"><img decoding=\"async\" src=\"https:\/\/www.europesays.com\/es\/wp-content\/uploads\/2025\/11\/X6IS66I5I5NPVKWUERNTSNOREM.jpg\" alt=\"\u00a1Lecci\u00f3n de Russo al Madrid!\" class=\"\" height=\"9\" width=\"16\"   loading=\"lazy\" data-tb-thumbnail=\"\"\/><\/a><\/p>\n<p class=\"\">Por su parte,<b> la Roma naugraf\u00f3 en su visita al OH Leuven <\/b>a pesar de ponerse por delante con un tanto de Viens en el 18\u2032. Jada Conijnenberg, de penalti, logr\u00f3 un valioso punto para el equipo belga, que ya suman cinco.<\/p>\n<p class=\"\"><b>\u00a1Tus opiniones importan!<\/b> Comenta en los art\u00edculos y suscr\u00edbete gratis a nuestra <a href=\"https:\/\/asfan.as.com\/newsletters\/\" target=\"_blank\" rel=\"nofollow noopener\" title=\"https:\/\/asfan.as.com\/newsletters\/\">newsletter<\/a> y a las alertas informativas en la <a href=\"https:\/\/as.com\/aplicacion-de-as-n\/\" target=\"_blank\" rel=\"nofollow noopener\" title=\"https:\/\/as.com\/aplicacion-de-as-n\/\">App<\/a> o el canal de <a href=\"https:\/\/www.whatsapp.com\/channel\/0029VaAasdA7j6g745nz9M10\" target=\"_blank\" rel=\"nofollow noopener\" title=\"https:\/\/www.whatsapp.com\/channel\/0029VaAasdA7j6g745nz9M10\">WhatsApp<\/a>. \u00bfBuscas licenciar contenido? Haz clic <a href=\"https:\/\/profesional.elpais.com\/landing-sindicacion?utm_medium=interno&amp;utm_source=crosslinking&amp;utm_campaign=sindicacion_as_pie_articulos\" target=\"_blank\" rel=\"nofollow noopener\" title=\"https:\/\/profesional.elpais.com\/landing-sindicacion?utm_medium=interno&amp;utm_source=crosslinking&amp;utm_campaign=sindicacion_as_pie_articulos\">aqu\u00ed<\/a><\/p>\n<p>                            PSG Femenino<\/p>\n<p>                                                                                                                                                                                                                                                                                            <img decoding=\"async\" title=\"PSG Femenino\" loading=\"lazy\" src=\"https:\/\/www.europesays.com\/es\/wp-content\/uploads\/2025\/11\/5338.png\"  width=\"80\" height=\"80\" data-error-image=\"https:\/\/static.prisa.com\/aside\/resizer\/resize\/img\/sports\/football\/teams\/default.png?width=160&amp;height=160\"\/><\/p>\n<ul class=\"team-lup\">\n<li class=\"in-pla\">\n                                            27<\/p>\n<p>                                                Mary Earps<\/p>\n<\/li>\n<li class=\"in-pla\">\n                                            77<\/p>\n<p>                                                Olga Carmona<\/p>\n<\/li>\n<li class=\"in-pla\">\n                                            29<\/p>\n<p>                                                Griedge Mbock<\/p>\n<\/li>\n<li class=\"in-pla\">\n                                            12<\/p>\n<p>                                                Isabela<\/p>\n<p>                (84&#8242;)<\/p>\n<\/li>\n<li class=\"in-pla\">\n                                            5<\/p>\n<p>                                                \u00c9lisa De Almeida<\/p>\n<\/li>\n<li class=\"in-pla\">\n                                            6<\/p>\n<p>                                                Joe Echegini<\/p>\n<p>                (84&#8242;)<\/p>\n<\/li>\n<li class=\"in-pla\">\n                                            7<\/p>\n<p>                                                Sakina Karchaoui<\/p>\n<\/li>\n<li class=\"in-pla\">\n                                            8<\/p>\n<p>                                                Yay\u00e1<\/p>\n<p>                (76&#8242;)<\/p>\n<\/li>\n<li class=\"in-pla\">\n                                            26<\/p>\n<p>                                                Ana\u00efs Ebayilin<\/p>\n<\/li>\n<li class=\"in-pla\">\n                                            17<\/p>\n<p>                                                Rom\u00e9e Leuchter<\/p>\n<p>                (76&#8242;)<\/p>\n<\/li>\n<li class=\"in-pla\">\n                                            10<\/p>\n<p>                                                Rasheedat Ajibade<\/p>\n<p>                (54&#8242;)<\/p>\n<\/li>\n<li class=\"ev-fw-sep\">Banquillo<\/li>\n<li class=\"in-pla\">\n                                    14<\/p>\n<p>                                        Jackie Groenen<\/p>\n<p>                (76&#8242;)<\/p>\n<\/li>\n<li class=\"in-pla\">\n                                    33<\/p>\n<p>                                        Oc\u00e9ane Toussaint<\/p>\n<\/li>\n<li class=\"in-pla\">\n                                    20<\/p>\n<p>                                        Tara Elimbi Gilbert<\/p>\n<p>                (84&#8242;)<\/p>\n<\/li>\n<li class=\"in-pla\">\n                                    1<\/p>\n<p>                                        Katarzyna Kiedrzynek<\/p>\n<\/li>\n<li class=\"in-pla\">\n                                    2<\/p>\n<p>                                        Thiniba Samoura<\/p>\n<p>                (84&#8242;)<\/p>\n<\/li>\n<li class=\"in-pla\">\n                                    30<\/p>\n<p>                                        Merveille Kanjinga<\/p>\n<p>                (54&#8242;)<\/p>\n<\/li>\n<li class=\"in-pla\">\n                                    19<\/p>\n<p>                                        Eva Gaetino<\/p>\n<\/li>\n<li class=\"in-pla\">\n                                    24<\/p>\n<p>                                        Baby Jordy Benera<\/p>\n<\/li>\n<li class=\"in-pla\">\n                                    39<\/p>\n<p>                                        L\u00e9a-La\u00ebtitia Morissaint<\/p>\n<p>                (76&#8242;)<\/p>\n<\/li>\n<li class=\"in-pla\">\n                                    22<\/p>\n<p>                                        Tante Diakit\u00e9<\/p>\n<\/li>\n<li class=\"in-pla\">\n                                    9<\/p>\n<p>                                        Fr\u00f8ya Dorsin<\/p>\n<\/li>\n<li class=\"in-pla\">\n                                    21<\/p>\n<p>                                        Ornella Graziani<\/p>\n<\/li>\n<\/ul>\n<p>                            B. M\u00fanich Femenino<\/p>\n<p>                                                                                                                                                                                                                                                                                            <img decoding=\"async\" title=\"B. M\u00fanich Femenino\" loading=\"lazy\" src=\"https:\/\/www.europesays.com\/es\/wp-content\/uploads\/2025\/11\/5334.png\"  width=\"80\" height=\"80\" data-error-image=\"https:\/\/static.prisa.com\/aside\/resizer\/resize\/img\/sports\/football\/teams\/default.png?width=160&amp;height=160\"\/><\/p>\n<ul class=\"team-lup\">\n<li class=\"in-pla\">\n                                            32<\/p>\n<p>                                                Ena Mahmutovic<\/p>\n<\/li>\n<li class=\"in-pla\">\n                                            7<\/p>\n<p>                                                Giulia Gwinn<\/p>\n<\/li>\n<li class=\"in-pla\">\n                                            5<\/p>\n<p>                                                Magdalena Eriksson<\/p>\n<\/li>\n<li class=\"in-pla\">\n                                            20<\/p>\n<p>                                                Franziska Kett<\/p>\n<\/li>\n<li class=\"in-pla\">\n                                            4<\/p>\n<p>                                                Gl\u00f3d\u00eds Vigg\u00f3sd\u00f3ttir<\/p>\n<\/li>\n<li class=\"in-pla\">\n                                            17<\/p>\n<p>                                                Klara B\u00fchl<\/p>\n<\/li>\n<li class=\"in-pla\">\n                                            27<\/p>\n<p>                                                Arianna Caruso<\/p>\n<p>                (73&#8242;)<\/p>\n<\/li>\n<li class=\"in-pla\">\n                                            31<\/p>\n<p>                                                Georgia Stanway<\/p>\n<\/li>\n<li class=\"in-pla\">\n                                            10<\/p>\n<p>                                                Linda Dallmann<\/p>\n<p>                (65&#8242;)<\/p>\n<\/li>\n<li class=\"in-pla\">\n                                            18<\/p>\n<p>                                                Momoko Tanikawa<\/p>\n<\/li>\n<li class=\"in-pla\">\n                                            21<\/p>\n<p>                                                Pernille Harder<\/p>\n<p>                (87&#8242;)<\/p>\n<\/li>\n<li class=\"ev-fw-sep\">Banquillo<\/li>\n<li class=\"in-pla\">\n                                    19<\/p>\n<p>                                        Katharina Naschenweng<\/p>\n<\/li>\n<li class=\"in-pla\">\n                                    23<\/p>\n<p>                                        Natalia Padilla-Bidas<\/p>\n<\/li>\n<li class=\"in-pla\">\n                                    38<\/p>\n<p>                                        Anna Klink<\/p>\n<\/li>\n<li class=\"in-pla\">\n                                    2<\/p>\n<p>                                        Vanessa Gilles<\/p>\n<p>                (87&#8242;)<\/p>\n<\/li>\n<li class=\"in-pla\">\n                                    3<\/p>\n<p>                                        Stine Ballisager<\/p>\n<\/li>\n<li class=\"in-pla\">\n                                    9<\/p>\n<p>                                        Jovana Damnjanovic<\/p>\n<p>                (73&#8242;)<\/p>\n<\/li>\n<li class=\"in-pla\">\n                                    14<\/p>\n<p>                                        Alara Sehitler<\/p>\n<p>                (65&#8242;)<\/p>\n<\/li>\n<li class=\"in-pla\">\n                                    30<\/p>\n<p>                                        Carolin Simon<\/p>\n<\/li>\n<li class=\"in-pla\">\n                                    1<\/p>\n<p>                                        Maria Grohs<\/p>\n<\/li>\n<\/ul>\n<p class=\"stat-tl ev-fw-tl\"><strong>Cambios<\/strong><\/p>\n<p class=\"ev-text-aux\">\n                            <strong>Merveille Kanjinga<\/strong> (54&#8242;, Rasheedat Ajibade),                             <strong>Alara Sehitler<\/strong> (65&#8242;, Linda Dallmann),                             <strong>Jovana Damnjanovic<\/strong> (73&#8242;, Arianna Caruso),                             <strong>L\u00e9a-La\u00ebtitia Morissaint<\/strong> (76&#8242;, Rom\u00e9e Leuchter),                             <strong>Jackie Groenen<\/strong> (76&#8242;, Yay\u00e1),                             <strong>Tara Elimbi Gilbert<\/strong> (84&#8242;, Joe Echegini),                             <strong>Thiniba Samoura<\/strong> (84&#8242;, Isabela),                             <strong>Vanessa Gilles<\/strong> (87&#8242;, Pernille Harder)                        <\/p>\n<p class=\"stat-tl ev-fw-tl\"><strong>Goles<\/strong><\/p>\n<p class=\"ev-text-aux\">\n                                                                                                        1-0, 15&#8242;: <strong>Sakina Karchaoui<\/strong>,                                                                                 1-1, 16&#8242;: <strong>Linda Dallmann<\/strong>,                                                                                 1-2, 33&#8242;: <strong>Momoko Tanikawa<\/strong>,                                                                                 1-3, 88&#8242;: <strong>Jovana Damnjanovic<\/strong>                        <\/p>\n<p class=\"stat-tl ev-fw-tl\"><strong>Tarjetas<\/strong><\/p>\n<p class=\"ev-text-aux\">\n                Arbitro: Ionela Alina Pesu<br \/>Arbitro VAR: Ovidiu Hategan, Cristina Mariana Trandafir<br \/><strong>Yay\u00e1<\/strong> (67&#8242;,Amarilla)                            <\/p>\n","protected":false},"excerpt":{"rendered":"La cuarta jornada de la UEFA Women\u2019s Champions League dej\u00f3 goleadas, remontadas sobre la bocina y hasta alguna&hellip;\n","protected":false},"author":2,"featured_media":247606,"comment_status":"","ping_status":"","sticky":false,"template":"","format":"standard","meta":{"footnotes":""},"categories":[268],"tags":[168,25,24,280,282,281,23,167],"class_list":{"0":"post-247605","1":"post","2":"type-post","3":"status-publish","4":"format-standard","5":"has-post-thumbnail","7":"category-futbol","8":"tag-deportes","9":"tag-es","10":"tag-espana","11":"tag-football","12":"tag-futbol","13":"tag-soccer","14":"tag-spain","15":"tag-sports"},"share_on_mastodon":{"url":"https:\/\/pubeurope.com\/@es\/115586343663290521","error":""},"_links":{"self":[{"href":"https:\/\/www.europesays.com\/es\/wp-json\/wp\/v2\/posts\/247605","targetHints":{"allow":["GET"]}}],"collection":[{"href":"https:\/\/www.europesays.com\/es\/wp-json\/wp\/v2\/posts"}],"about":[{"href":"https:\/\/www.europesays.com\/es\/wp-json\/wp\/v2\/types\/post"}],"author":[{"embeddable":true,"href":"https:\/\/www.europesays.com\/es\/wp-json\/wp\/v2\/users\/2"}],"replies":[{"embeddable":true,"href":"https:\/\/www.europesays.com\/es\/wp-json\/wp\/v2\/comments?post=247605"}],"version-history":[{"count":0,"href":"https:\/\/www.europesays.com\/es\/wp-json\/wp\/v2\/posts\/247605\/revisions"}],"wp:featuredmedia":[{"embeddable":true,"href":"https:\/\/www.europesays.com\/es\/wp-json\/wp\/v2\/media\/247606"}],"wp:attachment":[{"href":"https:\/\/www.europesays.com\/es\/wp-json\/wp\/v2\/media?parent=247605"}],"wp:term":[{"taxonomy":"category","embeddable":true,"href":"https:\/\/www.europesays.com\/es\/wp-json\/wp\/v2\/categories?post=247605"},{"taxonomy":"post_tag","embeddable":true,"href":"https:\/\/www.europesays.com\/es\/wp-json\/wp\/v2\/tags?post=247605"}],"curies":[{"name":"wp","href":"https:\/\/api.w.org\/{rel}","templated":true}]}}