{"id":247634,"date":"2025-11-21T07:07:14","date_gmt":"2025-11-21T07:07:14","guid":{"rendered":"https:\/\/www.europesays.com\/es\/247634\/"},"modified":"2025-11-21T07:07:14","modified_gmt":"2025-11-21T07:07:14","slug":"el-casademont-zaragoza-en-el-grupo-de-la-muerte-en-la-fiba-europe-cup","status":"publish","type":"post","link":"https:\/\/www.europesays.com\/es\/247634\/","title":{"rendered":"El Casademont Zaragoza, en el grupo de la muerte en la FIBA Europe Cup"},"content":{"rendered":"<p>            El Casademont Zaragoza, en el grupo de la muerte en la FIBA Europe Cup                <\/p>\n<p>El Casademont Zaragoza, en el grupo de la muerte en la FIBA Europe Cup<\/p>\n<p class=\"epigraph\">Pese a finalizar l\u00edder en la primera ronda, el Casademont se medir\u00e1 en la segunda fase con equipos de la talla del Sassari italiano, el Peristeri griego y el Petkimspor turco.\u00a0<\/p>\n<p class=\"paragraph\">Al Casademont le aguarda un exigente recorrido, de muy dif\u00edcil tr\u00e1nsito, en la FIBA Europe Cup. Pese a finalizar la primera fase como l\u00edder del Grupo H, <b>se medir\u00e1 en la segunda ronda con el Dinamo Sassari italiano, el Petkimspor turco y el Peristeri griego, <\/b>tres poderosos rivales, en una intensa batalla por alcanzar las eliminatorias directas. \u00abHemos acabado con muy buenas sensaciones\u00bb, subray\u00f3 el entrenador del cuadro aragon\u00e9s, Jes\u00fas Ram\u00edrez,<a href=\"https:\/\/www.heraldo.es\/noticias\/deportes\/baloncesto\/2025\/11\/19\/cerik-stevenson-se-exhibe-en-el-triunfo-del-casademont-zaragoza-ante-el-bakken-bears-1871853.html\" title=\"Erik Stevenson se exhibe en el triunfo del Casademont Zaragoza ante el Bakken Bears\" rel=\"nofollow noopener\" target=\"_blank\"> tras el triunfo del pasado mi\u00e9rcoles, en el pabell\u00f3n Pr\u00edncipe Felipe, contra el Bakken Bears. <\/a>El t\u00e9cnico, \u00abm\u00e1s all\u00e1 de la t\u00e1ctica\u00bb, hizo hincapi\u00e9 en \u00abel esp\u00edritu y la qu\u00edmica\u00bb que mostr\u00f3 el equipo ante los daneses y que le permitir\u00e1 \u00abseguir creciendo en la competici\u00f3n\u00bb.<\/p>\n<p>            Conforme a los criterios de<br \/>\n            <a class=\"trustproject_img\" id=\"trustproject_img\" href=\"https:\/\/thetrustproject.org\/\" target=\"_blank\" rel=\"nofollow noopener\" aria-label=\"Trust Project\"><img decoding=\"async\" loading=\"lazy\" src=\"https:\/\/www.heraldo.es\/images\/Trust-Logo-Horizontal.svg\" alt=\"Logo Trust Project\" width=\"200\" height=\"34\"\/><\/a><\/p>\n<p>        <a href=\"https:\/\/www.henneo.com\/\" title=\"Grupo Henneo\" class=\"logo\" rel=\"nofollow noopener\" target=\"_blank\"><br \/>\n            <img decoding=\"async\" src=\"https:\/\/www.heraldo.es\/images\/logo_henneo_gris.svg\" alt=\"Logo Henneo\" width=\"559\" height=\"389\" loading=\"lazy\"\/><br \/>\n        <\/a><\/p>\n<p>\u00a9 HERALDO DE ARAGON EDITORA, S.L.U.<br \/>Tel\u00e9fono 976 765 000 \/ &#8211; P\u00ba. Independencia, 29, 50001 Zaragoza &#8211; CIF: B99288763 &#8211; Inscrita en el Registro Mercantil de Zaragoza al Tomo 3796, Libro 0, Folio 177, Secci\u00f3n 8, Hoja Z-50564<br \/>Queda prohibida toda reproducci\u00f3n sin permiso escrito de la empresa a los efectos del art\u00edculo 32.1, p\u00e1rrafo segundo, de la Ley de Propiedad Intelectual<\/p>\n<p>\n                P\u00ba Independencia, 29, 50001 Zaragoza<br \/> Tel\u00e9fono 976 765 000\n            <\/p>\n<p>                    Actualmente tu navegador no permite ejecutar JavaScript. Para poder disfrutar de nuestro contenido es necesario que lo permita.<br \/>\n                                        <img decoding=\"async\" loading=\"lazy\" alt=\"Heraldo logo\" src=\"https:\/\/dkumiip2e9ary.cloudfront.net\/xalok\/heraldo\/especiales\/hola-de-nuevo\/logo-heraldo.svg\" width=\"215\" height=\"43\"\/><\/p>\n","protected":false},"excerpt":{"rendered":"El Casademont Zaragoza, en el grupo de la muerte en la FIBA Europe Cup El Casademont Zaragoza, en&hellip;\n","protected":false},"author":2,"featured_media":247635,"comment_status":"","ping_status":"","sticky":false,"template":"","format":"standard","meta":{"footnotes":""},"categories":[269],"tags":[299,298,2511,168,25,24,406,100,4920,23,167,491],"class_list":{"0":"post-247634","1":"post","2":"type-post","3":"status-publish","4":"format-standard","5":"has-post-thumbnail","7":"category-baloncesto","8":"tag-baloncesto","9":"tag-basketball","10":"tag-casademont","11":"tag-deportes","12":"tag-es","13":"tag-espana","14":"tag-europe","15":"tag-grupo","16":"tag-muerte","17":"tag-spain","18":"tag-sports","19":"tag-zaragoza"},"share_on_mastodon":{"url":"https:\/\/pubeurope.com\/@es\/115586429884920839","error":""},"_links":{"self":[{"href":"https:\/\/www.europesays.com\/es\/wp-json\/wp\/v2\/posts\/247634","targetHints":{"allow":["GET"]}}],"collection":[{"href":"https:\/\/www.europesays.com\/es\/wp-json\/wp\/v2\/posts"}],"about":[{"href":"https:\/\/www.europesays.com\/es\/wp-json\/wp\/v2\/types\/post"}],"author":[{"embeddable":true,"href":"https:\/\/www.europesays.com\/es\/wp-json\/wp\/v2\/users\/2"}],"replies":[{"embeddable":true,"href":"https:\/\/www.europesays.com\/es\/wp-json\/wp\/v2\/comments?post=247634"}],"version-history":[{"count":0,"href":"https:\/\/www.europesays.com\/es\/wp-json\/wp\/v2\/posts\/247634\/revisions"}],"wp:featuredmedia":[{"embeddable":true,"href":"https:\/\/www.europesays.com\/es\/wp-json\/wp\/v2\/media\/247635"}],"wp:attachment":[{"href":"https:\/\/www.europesays.com\/es\/wp-json\/wp\/v2\/media?parent=247634"}],"wp:term":[{"taxonomy":"category","embeddable":true,"href":"https:\/\/www.europesays.com\/es\/wp-json\/wp\/v2\/categories?post=247634"},{"taxonomy":"post_tag","embeddable":true,"href":"https:\/\/www.europesays.com\/es\/wp-json\/wp\/v2\/tags?post=247634"}],"curies":[{"name":"wp","href":"https:\/\/api.w.org\/{rel}","templated":true}]}}