{"id":247636,"date":"2025-11-21T07:08:09","date_gmt":"2025-11-21T07:08:09","guid":{"rendered":"https:\/\/www.europesays.com\/es\/247636\/"},"modified":"2025-11-21T07:08:09","modified_gmt":"2025-11-21T07:08:09","slug":"telefonica-se-queda-con-la-champions-por-1-464-millones-tras-ganar-la-puja-a-paramount","status":"publish","type":"post","link":"https:\/\/www.europesays.com\/es\/247636\/","title":{"rendered":"Telef\u00f3nica se queda con la Champions por 1.464 millones tras ganar la puja a Paramount"},"content":{"rendered":"<p>Telef\u00f3nica ha resultado adjudicataria en exclusiva de los derechos audiovisuales para la emisi\u00f3n de la <a href=\"https:\/\/theobjective.com\/etiqueta\/uefa-champions-league\/\" rel=\"nofollow noopener\" target=\"_blank\">UEFA Champions League<\/a> y UEFA Europa League, as\u00ed como de la UEFA Youth League, la UEFA Europa Conference League y la UEFA Super Cup, <strong>para el pr\u00f3ximo ciclo que comprende las temporadas 2027\/2028 a la 2030\/2031<\/strong>, seg\u00fan acaba de comunicar la compa\u00f1\u00eda al mercado. El precio total de la adjudicaci\u00f3n asciende a 1.464 millones de euros a raz\u00f3n de 366 millones por cada una de estas temporadas.<\/p>\n<p>Se trata de una adjudicaci\u00f3n provisional, <strong>sujeta a la negociaci\u00f3n y posterior firma de un contrato con UEFA que se espera formalizar en los pr\u00f3ximos d\u00edas<\/strong>, y que garantizar\u00eda a Telef\u00f3nica la totalidad de los derechos de las principales competiciones de f\u00fatbol europeo para sus clientes en el segmento residencial. La puja hasta \u00faltima hora se hab\u00eda realizado con los gigantes audiovisuales estadounidenses Paramount y Amazon, que ganaron concursos en los otros mercados europeos.<\/p>\n<p>En el caso de <a href=\"https:\/\/theobjective.com\/etiqueta\/movistar\/\" rel=\"nofollow noopener\" target=\"_blank\">Movistar<\/a>, es actualmente el due\u00f1o de los derechos en Espa\u00f1a tras desembolsar 960 millones por tres a\u00f1os en la subasta de agosto de 2023, una peque\u00f1a rebaja respecto a 2021 y de 2018. En este caso, la puja estuvo marcada por la pandemia, cuando los eventos deportivos perdieron valor tras un a\u00f1o en dique seco y sin p\u00fablico en los estadios. De esta manera, <strong>se ha pagado un 14% m\u00e1s a la UEFA, unos 46 millones de euros por temporada por encima del valor pagado en el anterior ciclo.<\/strong><\/p>\n<p>Estrategia de Telef\u00f3nica<\/p>\n<p>Para nadie es un misterio que la estrategia de captaci\u00f3n de abonados de Movistar+ se basa en gran medida en poseer Liga y Champions, una baza que ha explotado incluso para su plataforma de bajo coste\u00a0<strong>con un partido a la semana de cada una de estas competiciones. Esto les ha permitido recuperar la senda de crecimiento de sus abonados de televisi\u00f3n<\/strong>\u00a0(que ya llegan a los 3,67 millones) y acercarse a su r\u00e9cord hist\u00f3rico de 4,11 millones<\/p>\n<p>El propio CEO de Telef\u00f3nica, Emilio Gayo, indic\u00f3 tras la presentaci\u00f3n de su plan estrat\u00e9gico de hace dos semanas <strong>que los deportes segu\u00edan siendo uno de los ejes de su estrategia audiovisual <\/strong>y que su objetivo era que sus abonados tuvieran a su disposici\u00f3n los dos grandes eventos\u00a0core\u00a0del mercado: <a href=\"https:\/\/theobjective.com\/etiqueta\/laliga\/\" rel=\"nofollow noopener\" target=\"_blank\">LaLiga<\/a> espa\u00f1ola y la Champions League.<\/p>\n<p>Por otro lado, los gigantes audiovisuales Paramount y Amazon han irrumpido con fuerza en los derechos de emisi\u00f3n de la Champions League en Europa. La primera se adjudic\u00f3 la subasta por los derechos de transmisi\u00f3n de la mayor\u00eda de los partidos de la Liga de Campeones en el Reino Unido entre 2027 y 2031, seg\u00fan ha comunicado el diario The Guardian, y<strong> la segunda tendr\u00eda la primera opci\u00f3n para los partidos de los martes en el Reino Unido, Alemania e Italia <\/strong>a partir de estos mismos a\u00f1os, aunque tendr\u00eda limitaciones para no repetir equipos ni grandes encuentros.<\/p>\n<p>Derechos en Europa<\/p>\n<p>Este diario ya hab\u00eda informado que el sistema actual que ha puesto sobre la mesa la UEFA ten\u00eda como gran novedad la subasta simult\u00e1nea de los cinco grandes mercados: Reino Unido, Alemania e Italia, Espa\u00f1a y Francia. Y el plazo para presentar ofertas expir\u00f3 el pasado mi\u00e9rcoles. En el caso franc\u00e9s, no hubo ninguna oferta satisfactoria en un primer momento, <strong>pero luego se ha sabido este jueves que el ganador ha sido Canal+, <\/strong>el \u00fanico operador tradicional que ha logrado (junto con Telef\u00f3nica) retener los derechos ante la arremetida de los gigantes estadounidenses.<\/p>\n<p>En Reino Unido Amazon y Paramount comparten derechos y en Italia y Alemania, Amazon mantiene el partido de los martes,<strong> aunque el grueso de los derechos no ha sido adjudicado. <\/strong>Pero todo parece indicar que Paramount est\u00e1 pujando muy fuerte. La compa\u00f1\u00eda est\u00e1 dirigida por David Ellison, cuyo padre, Larry Ellison, fue cofundador de Oracle y aliado de Donald Trump. Esta semana, Al Jazeera inform\u00f3 que Paramount preparaba una oferta de 71.000 millones de d\u00f3lares por Warner Bros. Discovery, propietaria de TNT Sports.<\/p>\n","protected":false},"excerpt":{"rendered":"Telef\u00f3nica ha resultado adjudicataria en exclusiva de los derechos audiovisuales para la emisi\u00f3n de la UEFA Champions League&hellip;\n","protected":false},"author":2,"featured_media":247637,"comment_status":"","ping_status":"","sticky":false,"template":"","format":"standard","meta":{"footnotes":""},"categories":[268],"tags":[168,25,24,280,282,303,281,23,167,27325,16566,17500],"class_list":{"0":"post-247636","1":"post","2":"type-post","3":"status-publish","4":"format-standard","5":"has-post-thumbnail","7":"category-futbol","8":"tag-deportes","9":"tag-es","10":"tag-espana","11":"tag-football","12":"tag-futbol","13":"tag-movistar","14":"tag-soccer","15":"tag-spain","16":"tag-sports","17":"tag-telefu00f3nica","18":"tag-televisiu00f3n-pu00fablica","19":"tag-uefa-champions-league"},"share_on_mastodon":{"url":"https:\/\/pubeurope.com\/@es\/115586433282275679","error":""},"_links":{"self":[{"href":"https:\/\/www.europesays.com\/es\/wp-json\/wp\/v2\/posts\/247636","targetHints":{"allow":["GET"]}}],"collection":[{"href":"https:\/\/www.europesays.com\/es\/wp-json\/wp\/v2\/posts"}],"about":[{"href":"https:\/\/www.europesays.com\/es\/wp-json\/wp\/v2\/types\/post"}],"author":[{"embeddable":true,"href":"https:\/\/www.europesays.com\/es\/wp-json\/wp\/v2\/users\/2"}],"replies":[{"embeddable":true,"href":"https:\/\/www.europesays.com\/es\/wp-json\/wp\/v2\/comments?post=247636"}],"version-history":[{"count":0,"href":"https:\/\/www.europesays.com\/es\/wp-json\/wp\/v2\/posts\/247636\/revisions"}],"wp:featuredmedia":[{"embeddable":true,"href":"https:\/\/www.europesays.com\/es\/wp-json\/wp\/v2\/media\/247637"}],"wp:attachment":[{"href":"https:\/\/www.europesays.com\/es\/wp-json\/wp\/v2\/media?parent=247636"}],"wp:term":[{"taxonomy":"category","embeddable":true,"href":"https:\/\/www.europesays.com\/es\/wp-json\/wp\/v2\/categories?post=247636"},{"taxonomy":"post_tag","embeddable":true,"href":"https:\/\/www.europesays.com\/es\/wp-json\/wp\/v2\/tags?post=247636"}],"curies":[{"name":"wp","href":"https:\/\/api.w.org\/{rel}","templated":true}]}}