{"id":247710,"date":"2025-11-21T08:06:13","date_gmt":"2025-11-21T08:06:13","guid":{"rendered":"https:\/\/www.europesays.com\/es\/247710\/"},"modified":"2025-11-21T08:06:13","modified_gmt":"2025-11-21T08:06:13","slug":"trump-planea-masivo-aumento-de-perforacion-petrolera-en-altamar","status":"publish","type":"post","link":"https:\/\/www.europesays.com\/es\/247710\/","title":{"rendered":"Trump planea masivo aumento de perforaci\u00f3n petrolera en altamar"},"content":{"rendered":"<p>    <img src=\"https:\/\/www.europesays.com\/es\/wp-content\/uploads\/2025\/11\/2025-11-21T023A013A22Z-90411644.jpg\" width=\"1024\" height=\"649\" alt=\"\" loading=\"eager\" decoding=\"sync\" fetchpriority=\"high\"\/><\/p>\n<p>            afp_tickers        <\/p>\n<p>        Este contenido fue publicado en    <\/p>\n<p>        21 noviembre 2025 &#8211; 03:01\n<\/p>\n<p>La administraci\u00f3n del presidente Donald Trump dijo el jueves que planea abrir millones de kil\u00f3metros cuadrados de las aguas costeras de Estados Unidos a la perforaci\u00f3n de petr\u00f3leo y gas, un paso que podr\u00eda dar pie a una masiva expansi\u00f3n de la extracci\u00f3n de combustibles f\u00f3siles.<\/p>\n<p>La movida ocurre cuando Washington parece cada vez m\u00e1s fuera de sinton\u00eda con buena parte del mundo desarrollado, donde crece el consenso sobre la realidad del cambio clim\u00e1tico causado por el hombre.<\/p>\n<p>Bajo el plan anunciado por el Departamento del Interior estadounidense, se ofrecer\u00e1n 34 licitaciones que permitir\u00e1n trabajos de exploraci\u00f3n en 500 millones de hect\u00e1reas, un \u00e1rea equivalente al Amazonas.<\/p>\n<p>La propuesta incluye zonas mar\u00edtimas frente a la costa norte de Alaska que nunca han sido perforadas, as\u00ed como en el Golfo de M\u00e9xico (que la administraci\u00f3n llama Golfo de Am\u00e9rica) y frente a California.<\/p>\n<p>\u00abLa administraci\u00f3n de Biden fren\u00f3 en seco las licitaciones de petr\u00f3leo y gas en altamar y paraliz\u00f3 el proyecto a largo plazo de la producci\u00f3n estadounidense en altamar\u00bb, dijo el secretario del Interior, Doug Burgum, refiri\u00e9ndose al antecesor de Trump, Joe Biden.<\/p>\n<p>\u00abLa producci\u00f3n de petr\u00f3leo y gas no pasa de la noche a la ma\u00f1ana. Toma a\u00f1os de planificaci\u00f3n, inversi\u00f3n y trabajo duro antes de que los barriles lleguen al mercado\u00bb, agreg\u00f3.<\/p>\n<p>Trump habla a menudo de perforar en busca de m\u00e1s combustibles f\u00f3siles y menosprecia el giro global hacia alternativas renovables, que considera un \u00abenga\u00f1o\u00bb.<\/p>\n<p>Bajo su presidencia, el pa\u00eds se retir\u00f3 de los acuerdos internacionales para enfrentar el cambio clim\u00e1tico, y no tuvo una delegaci\u00f3n oficial en la cumbre clim\u00e1tica COP30 en Brasil.<\/p>\n<p>Pero el plan anunciado el jueves puede enfrentar resistencia interna, especialmente de parte de California, cuyo gobierno se comprometi\u00f3 a bloquear la perforaci\u00f3n en altamar.<\/p>\n<p>\u00abEl plan idiota de Trump amenaza nuestra econom\u00eda costera y a las comunidades, y hiere a los californianos. Este intento irresponsable de vender nuestra costa a sus donantes petroleros est\u00e1 condenado al fracaso\u00bb, dijo el gobernador Gavin Newsom.<\/p>\n<p>La propuesta tambi\u00e9n debe enfrentar oposici\u00f3n en el Golfo, con los recuerdos del devastador derrame petrolero tras la explosi\u00f3n de la plataforma Deepwater Horizon, que arroj\u00f3 millones de litros de petr\u00f3leo impactando el turismo y la pesca.<\/p>\n<p>hg\/pr\/cjc<\/p>\n","protected":false},"excerpt":{"rendered":"afp_tickers Este contenido fue publicado en 21 noviembre 2025 &#8211; 03:01 La administraci\u00f3n del presidente Donald Trump dijo&hellip;\n","protected":false},"author":2,"featured_media":247711,"comment_status":"","ping_status":"","sticky":false,"template":"","format":"standard","meta":{"footnotes":""},"categories":[42],"tags":[17,18,82,14686,13,14,11,61,62,63,64,19,20,9,10,15,16,14690,90,12,21,22,65,66,67],"class_list":{"0":"post-247710","1":"post","2":"type-post","3":"status-publish","4":"format-standard","5":"has-post-thumbnail","7":"category-internacional","8":"tag-breaking-news","9":"tag-breakingnews","10":"tag-business","11":"tag-energy-and-resource","12":"tag-featured-news","13":"tag-featurednews","14":"tag-headlines","15":"tag-internacional","16":"tag-international","17":"tag-international-news","18":"tag-internationalnews","19":"tag-latest-news","20":"tag-latestnews","21":"tag-news","22":"tag-noticias","23":"tag-noticias-destacadas","24":"tag-noticiasdestacadas","25":"tag-oil-and-gas-upstream-activities","26":"tag-ticker","27":"tag-titulares","28":"tag-ultimas-noticias","29":"tag-ultimasnoticias","30":"tag-world","31":"tag-world-news","32":"tag-worldnews"},"share_on_mastodon":{"url":"https:\/\/pubeurope.com\/@es\/115586661634650421","error":""},"_links":{"self":[{"href":"https:\/\/www.europesays.com\/es\/wp-json\/wp\/v2\/posts\/247710","targetHints":{"allow":["GET"]}}],"collection":[{"href":"https:\/\/www.europesays.com\/es\/wp-json\/wp\/v2\/posts"}],"about":[{"href":"https:\/\/www.europesays.com\/es\/wp-json\/wp\/v2\/types\/post"}],"author":[{"embeddable":true,"href":"https:\/\/www.europesays.com\/es\/wp-json\/wp\/v2\/users\/2"}],"replies":[{"embeddable":true,"href":"https:\/\/www.europesays.com\/es\/wp-json\/wp\/v2\/comments?post=247710"}],"version-history":[{"count":0,"href":"https:\/\/www.europesays.com\/es\/wp-json\/wp\/v2\/posts\/247710\/revisions"}],"wp:featuredmedia":[{"embeddable":true,"href":"https:\/\/www.europesays.com\/es\/wp-json\/wp\/v2\/media\/247711"}],"wp:attachment":[{"href":"https:\/\/www.europesays.com\/es\/wp-json\/wp\/v2\/media?parent=247710"}],"wp:term":[{"taxonomy":"category","embeddable":true,"href":"https:\/\/www.europesays.com\/es\/wp-json\/wp\/v2\/categories?post=247710"},{"taxonomy":"post_tag","embeddable":true,"href":"https:\/\/www.europesays.com\/es\/wp-json\/wp\/v2\/tags?post=247710"}],"curies":[{"name":"wp","href":"https:\/\/api.w.org\/{rel}","templated":true}]}}