{"id":247712,"date":"2025-11-21T08:07:08","date_gmt":"2025-11-21T08:07:08","guid":{"rendered":"https:\/\/www.europesays.com\/es\/247712\/"},"modified":"2025-11-21T08:07:08","modified_gmt":"2025-11-21T08:07:08","slug":"la-democracia-fue-un-gran-logro-colectivo-una-conquista-que-corrimos-el-riesgo-de-perder-pero-que-defendimos-con-unas-y-dientes-presidente-actividad","status":"publish","type":"post","link":"https:\/\/www.europesays.com\/es\/247712\/","title":{"rendered":"\u00abLa democracia fue un gran logro colectivo, una conquista que corrimos el riesgo de perder, pero que defendimos con u\u00f1as y dientes\u00bb [Presidente\/Actividad]"},"content":{"rendered":"<p class=\"news-location\">Congreso de los Diputados, Madrid<\/p>\n<p>El presidente del Gobierno, Pedro S\u00e1nchez, ha intervenido en la presentaci\u00f3n de la serie &#8216;Anatom\u00eda de un instante&#8217;, basada en el libro hom\u00f3nimo de Javier Cercas, sobre el intento de golpe de Estado que vivimos el 23 de febrero de 1981.<\/p>\n<p>Pedro S\u00e1nchez ha se\u00f1alado que tanto el libro como la serie \u00abcumplen una funci\u00f3n esencial, y es ayudar a que nuestros j\u00f3venes entiendan que la democracia en Espa\u00f1a no fue un accidente ni tampoco un automatismo hist\u00f3rico, sino que fue un gran logro colectivo; una conquista que corrimos el riesgo de perder, pero que defendimos con u\u00f1as y dientes\u00bb.<\/p>\n<p>Y en ese sentido, esta obra es \u00abun puente entre generaciones: un modo de transmitir que la libertad que hoy damos por sentada, que muchos j\u00f3venes dan por sentada, cost\u00f3 valent\u00eda, acuerdos y mucho coraje pol\u00edtico\u00bb.<\/p>\n<p>La presentaci\u00f3n ha tenido lugar en el Congreso de los Diputados, \u00aben el coraz\u00f3n simb\u00f3lico de la democracia espa\u00f1ola\u00bb que -como record\u00f3 el presidente \u00abconserva, como cicatriz y como lecci\u00f3n, los agujeros que dejaron las balas disparadas aquel 23 de febrero de 1981 en el que Espa\u00f1a entera contuvo la respiraci\u00f3n\u00bb.<\/p>\n<p>Un pa\u00eds que \u00abven\u00eda de la dictadura, que estrenaba derechos y libertades, que sab\u00eda perfectamente lo que estaba en juego\u00bb y que tambi\u00e9n \u00abestuvo de pie aquella noche\u00bb. \u00abSin ese pueblo\u00bb, subray\u00f3 el presidente S\u00e1nchez, \u00abnada de lo que ocurri\u00f3 despu\u00e9s hubiera sido posible. Porque la democracia no se sostiene s\u00f3lo con instituciones; se sostiene gracias al compromiso de los ciudadanos y ciudadanas\u00bb con ella. \u00abLa democracia se puede perder en un instante, como nos dice Javier Cercas, pero se construye y se preserva d\u00eda a d\u00eda, entre todos y entre todas\u00bb.<\/p>\n<p>\u00abHoy, viendo lo que est\u00e1 pasando en el mundo y en nuestras sociedades -ha continuado Pedro S\u00e1nchez- creo que m\u00e1s que nunca seguimos necesitando ese coraje, porque la democracia no es un estado que se conquista de forma permanente, es un privilegio que debemos defender cada d\u00eda\u00bb. Y hay que defenderlo \u00abde nostalgias infundadas, de intereses econ\u00f3micos y de ataques que van cambiando su forma: hoy son campa\u00f1as de desinformaci\u00f3n y tambi\u00e9n abusos de poder\u00bb, a\u00f1adi\u00f3.<\/p>\n<p>Porque \u00abla amenaza sigue ah\u00ed, pero tambi\u00e9n permanece -y es lo que me gustar\u00eda reivindicar- nuestro firme deseo de neutralizarla, de defender la soberan\u00eda popular y la democracia frente a aquellos que se creen con la prerrogativa de tutelarla o de amordazarla\u00bb.<\/p>\n<p>El jefe del Ejecutivo ha concluido afirmando que \u00abesta serie nos recuerda que hubo un instante en el que Espa\u00f1a eligi\u00f3 avanzar y, por tanto, no retroceder jam\u00e1s. Un instante en el que, frente al ruido y tanto miedo, gan\u00f3 la democracia\u00bb.<\/p>\n","protected":false},"excerpt":{"rendered":"Congreso de los Diputados, Madrid El presidente del Gobierno, Pedro S\u00e1nchez, ha intervenido en la presentaci\u00f3n de la&hellip;\n","protected":false},"author":2,"featured_media":247713,"comment_status":"","ping_status":"","sticky":false,"template":"","format":"standard","meta":{"footnotes":""},"categories":[8],"tags":[3382,17,18,25,24,13,14,11,19,20,9,10,15,16,1461,23,12,21,22],"class_list":{"0":"post-247712","1":"post","2":"type-post","3":"status-publish","4":"format-standard","5":"has-post-thumbnail","7":"category-espana","8":"tag-actividad","9":"tag-breaking-news","10":"tag-breakingnews","11":"tag-es","12":"tag-espana","13":"tag-featured-news","14":"tag-featurednews","15":"tag-headlines","16":"tag-latest-news","17":"tag-latestnews","18":"tag-news","19":"tag-noticias","20":"tag-noticias-destacadas","21":"tag-noticiasdestacadas","22":"tag-presidente","23":"tag-spain","24":"tag-titulares","25":"tag-ultimas-noticias","26":"tag-ultimasnoticias"},"share_on_mastodon":{"url":"https:\/\/pubeurope.com\/@es\/115586665390471878","error":""},"_links":{"self":[{"href":"https:\/\/www.europesays.com\/es\/wp-json\/wp\/v2\/posts\/247712","targetHints":{"allow":["GET"]}}],"collection":[{"href":"https:\/\/www.europesays.com\/es\/wp-json\/wp\/v2\/posts"}],"about":[{"href":"https:\/\/www.europesays.com\/es\/wp-json\/wp\/v2\/types\/post"}],"author":[{"embeddable":true,"href":"https:\/\/www.europesays.com\/es\/wp-json\/wp\/v2\/users\/2"}],"replies":[{"embeddable":true,"href":"https:\/\/www.europesays.com\/es\/wp-json\/wp\/v2\/comments?post=247712"}],"version-history":[{"count":0,"href":"https:\/\/www.europesays.com\/es\/wp-json\/wp\/v2\/posts\/247712\/revisions"}],"wp:featuredmedia":[{"embeddable":true,"href":"https:\/\/www.europesays.com\/es\/wp-json\/wp\/v2\/media\/247713"}],"wp:attachment":[{"href":"https:\/\/www.europesays.com\/es\/wp-json\/wp\/v2\/media?parent=247712"}],"wp:term":[{"taxonomy":"category","embeddable":true,"href":"https:\/\/www.europesays.com\/es\/wp-json\/wp\/v2\/categories?post=247712"},{"taxonomy":"post_tag","embeddable":true,"href":"https:\/\/www.europesays.com\/es\/wp-json\/wp\/v2\/tags?post=247712"}],"curies":[{"name":"wp","href":"https:\/\/api.w.org\/{rel}","templated":true}]}}