{"id":247714,"date":"2025-11-21T08:08:14","date_gmt":"2025-11-21T08:08:14","guid":{"rendered":"https:\/\/www.europesays.com\/es\/247714\/"},"modified":"2025-11-21T08:08:14","modified_gmt":"2025-11-21T08:08:14","slug":"tercera-y-ultima-jornada-del-simposio-tvrris-fortissima","status":"publish","type":"post","link":"https:\/\/www.europesays.com\/es\/247714\/","title":{"rendered":"TERCERA Y \u00daLTIMA JORNADA DEL SIMPOSIO TVRRIS FORTISSIMA"},"content":{"rendered":"<p>El Simposio TVRRIS FORTISSIMA llega hoy a su tercera y \u00faltima jornada, poniendo cierre a una edici\u00f3n marcada por su alto nivel acad\u00e9mico, la participaci\u00f3n internacional y el intercambio interdisciplinario de conocimientos.<\/p>\n<p>A lo largo de estos d\u00edas, especialistas de diversas instituciones presentan ponencias que destacan avances en patrimonio hist\u00f3rico, tecnolog\u00edas de preservaci\u00f3n, seguridad estructural y gesti\u00f3n cultural. <\/p>\n<p>Las exposiciones est\u00e1n seguidas de mesas de debate que promueven el di\u00e1logo entre los ponentes y los congresistas. La de hoy se centra en las diversas intervenciones de la jornada, lo que contribuye a enriquecer la reflexi\u00f3n colectiva.<\/p>\n<p><img fetchpriority=\"high\" decoding=\"async\" width=\"768\" height=\"1024\" data-id=\"70609\" src=\"data:image\/svg+xml,%3Csvg%20xmlns=\" http:=\"\" alt=\"\" class=\"wp-image-70609\" data-lazy- data-lazy- data-lazy-src=\"https:\/\/www.europesays.com\/es\/wp-content\/uploads\/2025\/11\/s1-768x1024.jpg\"\/><\/p>\n<p><img loading=\"lazy\" decoding=\"async\" width=\"768\" height=\"1024\" data-id=\"70617\" src=\"data:image\/svg+xml,%3Csvg%20xmlns=\" http:=\"\" alt=\"\" class=\"wp-image-70617\" data-lazy- data-lazy- data-lazy-src=\"https:\/\/www.europesays.com\/es\/wp-content\/uploads\/2025\/11\/s4-768x1024.jpg\"\/><\/p>\n<p><img loading=\"lazy\" decoding=\"async\" width=\"930\" height=\"891\" data-id=\"70631\" src=\"data:image\/svg+xml,%3Csvg%20xmlns=\" http:=\"\" alt=\"\" class=\"wp-image-70631\" data-lazy- data-lazy- data-lazy-src=\"https:\/\/www.europesays.com\/es\/wp-content\/uploads\/2025\/11\/sim.jpg\"\/><\/p>\n<p><img loading=\"lazy\" decoding=\"async\" width=\"1024\" height=\"768\" data-id=\"70628\" src=\"data:image\/svg+xml,%3Csvg%20xmlns=\" http:=\"\" alt=\"\" class=\"wp-image-70628\" data-lazy- data-lazy- data-lazy-src=\"https:\/\/www.europesays.com\/es\/wp-content\/uploads\/2025\/11\/simp-2-1024x768.jpg\"\/><\/p>\n<p><strong>Viernes 21 de noviembre:<\/strong><\/p>\n<p><strong>09:50 \u2013 10:00<\/strong><\/p>\n<p>Recepci\u00f3n a los congresistas<\/p>\n<p>Lugar: Sala San Clemente( Catedral de Sevilla)<\/p>\n<p><strong>10:00 \u2013 10:10<\/strong><\/p>\n<p>Presentaci\u00f3n de la jornada por el Can\u00f3nigo del Cabildo<\/p>\n<p>y Delegado Diocesano de Patrimonio Cultural de la Archidi\u00f3cesis de Sevilla<\/p>\n<p>Ilmo. Sr. D. Antonio Rodr\u00edguez Bab\u00edo.<\/p>\n<p><strong>10:10 \u2013 11:00<\/strong><\/p>\n<p>Ponencia 4: \u2018Documentaci\u00f3n de La Giralda almohade<\/p>\n<p>(1984-2024)\u2019<\/p>\n<p>Dr. Antonio Almagro GorbeaReal Academia de Bellas Artes de San Fernando<\/p>\n<p><strong>11:00 \u2013 11:50<\/strong><\/p>\n<p>Ponencia 5: \u2018Epigraf\u00eda \u00e1rabe de La Giralda\u2019<\/p>\n<p>Dr. Jos\u00e9 Miguel Puerta V\u00edlchez<\/p>\n<p>Universidad de Granada<\/p>\n<p><strong>11:50 \u2013 12:35<\/strong><strong\/><\/p>\n<p>Pausa<\/p>\n<p><strong>12:40 \u2013 13:30<\/strong><\/p>\n<p>Ponencia 6: \u2018El contexto religioso, de Ibn Tumart a Bernardo de Claraval\u2019<\/p>\n<p>Dra. Susana Calvo Capilla<\/p>\n<p>Universidad Complutense de Madrid<\/p>\n<p><strong>15:50 \u2013 16:00<\/strong><\/p>\n<p>Recepci\u00f3n a los congresistas<\/p>\n<p>Lugar: Sala San Clemente Catedral<\/p>\n<p><strong>16:00 \u2013 17:00<\/strong><\/p>\n<p>Mesa de debate abierto entre ponentes y congresistas sobre las diferentes intervenciones de la jornada.<\/p>\n<p><strong>17:00 \u2013 17:15<\/strong><\/p>\n<p>Clausura del simposio por el Delegado de Administraci\u00f3n<\/p>\n<p>y Patrimonio D. Francisco Rom\u00e1n Castro<\/p>\n<p><strong>17:15 \u2013 19:00<\/strong><\/p>\n<p>Visita a la Giralda de la Catedral de Sevilla<\/p>\n<p>Eduardo Mart\u00ednez Moya (Arquitecto)<\/p>\n<p><strong>19:00 \u2013 19:30<\/strong><\/p>\n<p>Proyecci\u00f3n excepcional para ponentes y congresistas de las \u2018<\/p>\n<p>Noches en la Catedral: Proyectando la Historia<\/p>\n","protected":false},"excerpt":{"rendered":"El Simposio TVRRIS FORTISSIMA llega hoy a su tercera y \u00faltima jornada, poniendo cierre a una edici\u00f3n marcada&hellip;\n","protected":false},"author":2,"featured_media":247715,"comment_status":"","ping_status":"","sticky":false,"template":"","format":"standard","meta":{"footnotes":""},"categories":[5],"tags":[17,18,25,24,13,14,11,19,20,9,10,15,16,23,12,21,22],"class_list":{"0":"post-247714","1":"post","2":"type-post","3":"status-publish","4":"format-standard","5":"has-post-thumbnail","7":"category-titulares","8":"tag-breaking-news","9":"tag-breakingnews","10":"tag-es","11":"tag-espana","12":"tag-featured-news","13":"tag-featurednews","14":"tag-headlines","15":"tag-latest-news","16":"tag-latestnews","17":"tag-news","18":"tag-noticias","19":"tag-noticias-destacadas","20":"tag-noticiasdestacadas","21":"tag-spain","22":"tag-titulares","23":"tag-ultimas-noticias","24":"tag-ultimasnoticias"},"share_on_mastodon":{"url":"https:\/\/pubeurope.com\/@es\/115586669192664212","error":""},"_links":{"self":[{"href":"https:\/\/www.europesays.com\/es\/wp-json\/wp\/v2\/posts\/247714","targetHints":{"allow":["GET"]}}],"collection":[{"href":"https:\/\/www.europesays.com\/es\/wp-json\/wp\/v2\/posts"}],"about":[{"href":"https:\/\/www.europesays.com\/es\/wp-json\/wp\/v2\/types\/post"}],"author":[{"embeddable":true,"href":"https:\/\/www.europesays.com\/es\/wp-json\/wp\/v2\/users\/2"}],"replies":[{"embeddable":true,"href":"https:\/\/www.europesays.com\/es\/wp-json\/wp\/v2\/comments?post=247714"}],"version-history":[{"count":0,"href":"https:\/\/www.europesays.com\/es\/wp-json\/wp\/v2\/posts\/247714\/revisions"}],"wp:featuredmedia":[{"embeddable":true,"href":"https:\/\/www.europesays.com\/es\/wp-json\/wp\/v2\/media\/247715"}],"wp:attachment":[{"href":"https:\/\/www.europesays.com\/es\/wp-json\/wp\/v2\/media?parent=247714"}],"wp:term":[{"taxonomy":"category","embeddable":true,"href":"https:\/\/www.europesays.com\/es\/wp-json\/wp\/v2\/categories?post=247714"},{"taxonomy":"post_tag","embeddable":true,"href":"https:\/\/www.europesays.com\/es\/wp-json\/wp\/v2\/tags?post=247714"}],"curies":[{"name":"wp","href":"https:\/\/api.w.org\/{rel}","templated":true}]}}