{"id":247728,"date":"2025-11-21T08:23:10","date_gmt":"2025-11-21T08:23:10","guid":{"rendered":"https:\/\/www.europesays.com\/es\/247728\/"},"modified":"2025-11-21T08:23:10","modified_gmt":"2025-11-21T08:23:10","slug":"daniel-radcliffe-le-envio-una-carta-al-nuevo-actor-de-harry-potter-que-le-dijo","status":"publish","type":"post","link":"https:\/\/www.europesays.com\/es\/247728\/","title":{"rendered":"Daniel Radcliffe le envi\u00f3 una carta al nuevo actor de Harry Potter: qu\u00e9 le dijo"},"content":{"rendered":"<p class=\"com-paragraph  --capital --s\">Si bien particip\u00f3 de innumerables producciones, el rostro de <a href=\"https:\/\/www.lanacion.com.ar\/espectaculos\/la-metamorfosis-de-daniel-radcliffe-de-nino-mago-en-harry-potter-a-estrella-de-broadway-tras-su-nid23072025\/\" target=\"_self\" title=\"https:\/\/www.lanacion.com.ar\/espectaculos\/la-metamorfosis-de-daniel-radcliffe-de-nino-mago-en-harry-potter-a-estrella-de-broadway-tras-su-nid23072025\/\" class=\"com-link break-word\" data-mrf-recirculation=\"n_link_parrafo\" rel=\"nofollow noopener\">Daniel Radcliffe<\/a> quedar\u00e1 por siempre en el recuerdo de millones de personas como quien le dio vida a Harry Potter, el protagonista de la saga de pel\u00edculas basadas en los libros de J. K. Rowling. Sin embargo, ante la confirmaci\u00f3n del elenco de la serie que prepara HBO Max sobre la historia, el reconocido actor tuvo un gesto para <a href=\"https:\/\/www.lanacion.com.ar\/espectaculos\/quien-es-dominic-mclaughlin-el-actor-que-interpretara-a-harry-potter-en-la-serie-de-hbo-nid27052025\/\" target=\"_self\" title=\"https:\/\/www.lanacion.com.ar\/espectaculos\/quien-es-dominic-mclaughlin-el-actor-que-interpretara-a-harry-potter-en-la-serie-de-hbo-nid27052025\/\" class=\"com-link break-word\" data-mrf-recirculation=\"n_link_parrafo\" rel=\"nofollow noopener\">Dominic McLaughlin<\/a>, quien ser\u00e1 su sucesor. <\/p>\n<p>El rostro de Daniel Radcliffe quedar\u00e1 por siempre en el recuerdo de millones de personas como quien le dio vida a Harry Potter<\/p>\n<p class=\"com-paragraph   --s\"><strong>\u201cLe escrib\u00ed a Dominic y le mand\u00e9 una carta, y \u00e9l me devolvi\u00f3 una carta muy dulce\u201d<\/strong>, expres\u00f3 el brit\u00e1nico de 36 a\u00f1os en di\u00e1logo con <a href=\"https:\/\/www.youtube.com\/watch?v=8y2LwIqo03s&amp;t=2s\" rel=\"nofollow noopener\" target=\"_blank\" title=\"https:\/\/www.youtube.com\/watch?v=8y2LwIqo03s&amp;t=2s\" class=\"com-link break-word\" data-mrf-recirculation=\"n_link_parrafo\">Good Morning America<\/a>. \u201cNo quiero ser un espectro en la vida de estos ni\u00f1os, pero quer\u00eda escribirle para decirle:<strong> \u2018Espero que lo pases genial, y que lo pases incluso mejor de lo que yo lo hice\u2019<\/strong>\u2026 Y yo la pas\u00e9 incre\u00edble\u00bb, cont\u00f3.<\/p>\n<p class=\"com-paragraph   --s\">En ese sentido, indic\u00f3 que la intenci\u00f3n no era la de imponerle presi\u00f3n, sino de darle apoyo en esta nueva etapa de su vida. <strong>\u201cSolo quiero darles un abrazo cuando veo las fotos de ellos: se ven tan j\u00f3venes. Pienso que es una locura que yo estuviera haciendo eso a esa edad\u201d<\/strong>, enfatiz\u00f3.<\/p>\n<p class=\"com-paragraph   --s\">Daniel estuvo en el foco de la escena semanas atr\u00e1s cuando, en di\u00e1logo para ComicBook, se refiri\u00f3 a la posibilidad de formar parte de la ficci\u00f3n que se estrenar\u00e1 en 2027. \u201cEntiendo que est\u00e1n intentando empezar de cero y estoy seguro de que <strong>quienquiera que las est\u00e9 haciendo querr\u00e1 dejar su propia huella y probablemente no querr\u00e1 tener que ingeni\u00e1rselas para que el viejo Harry haga un cameo en alg\u00fan lugar<\/strong>\u201d, desliz\u00f3.<\/p>\n<p class=\"com-paragraph   --s\">Y a\u00f1adi\u00f3: \u201cAs\u00ed que definitivamente no lo estoy buscando de ninguna manera. Pero les deseo, obviamente, <strong>toda la suerte del mundo y estoy muy emocionado de que me pasen el testigo&#8230;<\/strong> Pero no creo que necesite que yo lo transmita f\u00edsicamente\u201d. <\/p>\n<p>Los nuevos protagonistas de la nueva serie de Harry Potter.<\/p>\n<p class=\"com-paragraph   --s\">Cuando <a href=\"https:\/\/www.youtube.com\/watch?v=v3d0_tx-KUM\" rel=\"nofollow noopener\" target=\"_blank\" title=\"https:\/\/www.youtube.com\/watch?v=v3d0_tx-KUM\" class=\"com-link break-word\" data-mrf-recirculation=\"n_link_parrafo\">E! News<\/a> le pregunt\u00f3 tambi\u00e9n por un posible regreso, contest\u00f3: \u201cNo lo creo, pienso que, muy sabiamente, quieren romper definitivamente con todo esto. Y <strong>no s\u00e9 si funcionar\u00eda que hici\u00e9ramos algo al respecto<\/strong>\u201d.<\/p>\n<p class=\"com-paragraph   --s\">Y aunque coment\u00f3 que estaba \u201cmuy contento de simplemente observar junto con todos los dem\u00e1s\u201d, no se anim\u00f3 a decir cu\u00e1l ser\u00eda la respuesta que dar\u00eda si efectivamente le pidieran que regresara. <\/p>\n<p>Dominic McLaughlin ser\u00e1 el nuevo Harry PotterPhotographed by Aidan Monaghan \/ HBO &#8211; HBO<\/p>\n<p class=\"com-paragraph   --s\">Pero a diferencia de \u00e9l, hay un actor que se sumergir\u00e1 nuevamente en el mundo de Hogwarts. Seg\u00fan confirm\u00f3 HBO,<strong> <\/strong><a href=\"https:\/\/www.lanacion.com.ar\/espectaculos\/un-actor-de-harry-potter-vuelve-a-interpretar-su-papel-en-la-serie-de-hbo-nid03092025\/\" target=\"_self\" title=\"https:\/\/www.lanacion.com.ar\/espectaculos\/un-actor-de-harry-potter-vuelve-a-interpretar-su-papel-en-la-serie-de-hbo-nid03092025\/\" class=\"com-link break-word\" data-mrf-recirculation=\"n_link_parrafo\" rel=\"nofollow noopener\"><strong>Warwick Davis volver\u00e1 a ponerse en la piel del profesor Filius Flitwick<\/strong><\/a>, quien se encarga de ense\u00f1ar a sus alumnos desde encantamientos de \u00e1nimo hasta hacer volar objetos, y les explica la pronunciaci\u00f3n precisa de los conjuros con los movimientos de la varita. <\/p>\n<p>Warwick Davis retomar\u00e1 su papel como el profesor Filius Flitwick<\/p>\n<p class=\"com-paragraph   --s\">La noticia fue dada a conocer tambi\u00e9n por el propio Davis, quien lo hizo desde su cuenta de Instagram, donde acumula 165.000 seguidores. \u201cHogwarts siempre ocup\u00f3 un lugar muy especial en mi coraz\u00f3n. Cuando entr\u00e9 por primera vez en las batas del profesor Flitwick hace todos estos a\u00f1os, <strong>nunca podr\u00eda haber imaginado el viaje que este personaje -y el mundo m\u00e1gico- me llevar\u00eda<\/strong>\u201c, escribi\u00f3 en la descripci\u00f3n de la imagen en la que se lo vio colgado sobre el famoso Expreso de Hogwarts, el cual transporta a los estudiantes al reconocido colegio de magia y hechicer\u00eda.<\/p>\n<p>Davis anunci\u00f3 la feliz noticia a trav\u00e9s de su cuenta de Instagram (Foto: Instagram\/@warwickadavis)<\/p>\n<p class=\"com-paragraph   --s\">Y complet\u00f3: <strong>\u201cGracias a todos los fans que mantuvieron viva la magia. No puedo esperar a verlos de vuelta en el aula. Aqu\u00ed est\u00e1 por nuevas aventuras en Hogwarts\u201d<\/strong>.<\/p>\n","protected":false},"excerpt":{"rendered":"Si bien particip\u00f3 de innumerables producciones, el rostro de Daniel Radcliffe quedar\u00e1 por siempre en el recuerdo de&hellip;\n","protected":false},"author":2,"featured_media":247729,"comment_status":"","ping_status":"","sticky":false,"template":"","format":"standard","meta":{"footnotes":""},"categories":[169],"tags":[177,146,147,25,24,176,175,23],"class_list":{"0":"post-247728","1":"post","2":"type-post","3":"status-publish","4":"format-standard","5":"has-post-thumbnail","7":"category-cine","8":"tag-cine","9":"tag-entertainment","10":"tag-entretenimiento","11":"tag-es","12":"tag-espana","13":"tag-film","14":"tag-movies","15":"tag-spain"},"share_on_mastodon":{"url":"https:\/\/pubeurope.com\/@es\/115586728233520851","error":""},"_links":{"self":[{"href":"https:\/\/www.europesays.com\/es\/wp-json\/wp\/v2\/posts\/247728","targetHints":{"allow":["GET"]}}],"collection":[{"href":"https:\/\/www.europesays.com\/es\/wp-json\/wp\/v2\/posts"}],"about":[{"href":"https:\/\/www.europesays.com\/es\/wp-json\/wp\/v2\/types\/post"}],"author":[{"embeddable":true,"href":"https:\/\/www.europesays.com\/es\/wp-json\/wp\/v2\/users\/2"}],"replies":[{"embeddable":true,"href":"https:\/\/www.europesays.com\/es\/wp-json\/wp\/v2\/comments?post=247728"}],"version-history":[{"count":0,"href":"https:\/\/www.europesays.com\/es\/wp-json\/wp\/v2\/posts\/247728\/revisions"}],"wp:featuredmedia":[{"embeddable":true,"href":"https:\/\/www.europesays.com\/es\/wp-json\/wp\/v2\/media\/247729"}],"wp:attachment":[{"href":"https:\/\/www.europesays.com\/es\/wp-json\/wp\/v2\/media?parent=247728"}],"wp:term":[{"taxonomy":"category","embeddable":true,"href":"https:\/\/www.europesays.com\/es\/wp-json\/wp\/v2\/categories?post=247728"},{"taxonomy":"post_tag","embeddable":true,"href":"https:\/\/www.europesays.com\/es\/wp-json\/wp\/v2\/tags?post=247728"}],"curies":[{"name":"wp","href":"https:\/\/api.w.org\/{rel}","templated":true}]}}