{"id":24773,"date":"2025-08-04T10:18:24","date_gmt":"2025-08-04T10:18:24","guid":{"rendered":"https:\/\/www.europesays.com\/es\/24773\/"},"modified":"2025-08-04T10:18:24","modified_gmt":"2025-08-04T10:18:24","slug":"un-viaje-por-los-cuadros-de-van-gogh","status":"publish","type":"post","link":"https:\/\/www.europesays.com\/es\/24773\/","title":{"rendered":"Un viaje por los cuadros de Van Gogh"},"content":{"rendered":"<p><a class=\"v-mdl-ath__fig-a\" href=\"https:\/\/www.diariovasco.com\/autor\/paula-dalla-fontana-7276.html\" title=\"Paula Dalla Fontana\" rel=\"nofollow noopener\" target=\"_blank\"><br \/>\n<img decoding=\"async\" class=\"v-mdl-ath__img\" src=\"https:\/\/www.europesays.com\/es\/wp-content\/uploads\/2025\/08\/autor-7276-foto-3.jpeg\" alt=\"Paula Dalla Fontana\"\/><br \/>\n<\/a><\/p>\n<p><a class=\"v-mdl-ath__fig-a\" href=\"https:\/\/www.diariovasco.com\/autor\/izania-ollo-5525.html\" title=\"Izania Ollo\" rel=\"nofollow noopener\" target=\"_blank\"><br \/>\n<img decoding=\"async\" class=\"v-mdl-ath__img\" src=\"https:\/\/www.europesays.com\/es\/wp-content\/uploads\/2025\/08\/autor-5525-foto-1.jpeg\" alt=\"Izania Ollo\"\/><br \/>\n<\/a><\/p>\n<p class=\"v-mdl-ath__p v-mdl-ath__p--6\">\nLunes, 4 de agosto 2025, 07:36<\/p>\n<p>| Actualizado 10:37h.<\/p>\n<p class=\"v-p\">Esta semana se cumplieron 135 a\u00f1os de la muerte de uno de los principales referentes del posimpresionismo, Vincent Van Gogh. Europa fue su gran lienzo inspirador: desde los paisajes grises belgas hasta el ardor crom\u00e1tico de la Provenza francesa, todos dejaron una huella en su obra. <\/p>\n<p class=\"v-p\">Iniciamos una serie en la que viajaremos por los lugares que inspiraron a diferentes artistas. <\/p>\n<p><img decoding=\"async\" id=\"g-vangogh-XS-img\" class=\"g-vangogh-XS-img g-aiImg\" alt=\"\" src=\"https:\/\/www.europesays.com\/es\/wp-content\/uploads\/2025\/08\/vangogh-XS.jpg\"\/><\/p>\n<p class=\"g-pstyle1\">A lo largo de su carrera pint\u00f3 800 cuadros y realiz\u00f3 m\u00e1s de 1.600 dibujos. <\/p>\n<p class=\"g-pstyle1\">Van Gogh estaba obsesionado con la luz y el color como formas de comunicar sentimientos, y utilizaba la naturaleza como refugio y s\u00edmbolo. Los campos florecidos, cipreses, jardines y cielos eran sus musas, junto con la vida cotidiana de campesinos y trabajadores. <\/p>\n<p>\u00a0<\/p>\n<p><img decoding=\"async\" id=\"g-vangogh-S-img\" class=\"g-vangogh-S-img g-aiImg\" alt=\"\" src=\"https:\/\/www.europesays.com\/es\/wp-content\/uploads\/2025\/08\/vangogh-S.jpg\"\/><\/p>\n<p class=\"g-pstyle1\">A lo largo de su carrera pint\u00f3 800 cuadros y realiz\u00f3 m\u00e1s de 1.600 dibujos. <\/p>\n<p class=\"g-pstyle1\">Van Gogh estaba obsesionado con la luz y el color como formas de comunicar sentimientos, y utilizaba la naturaleza como refugio y s\u00edmbolo. Los campos florecidos, cipreses, jardines y cielos eran sus musas, junto con la vida cotidiana de campesinos y trabajadores. <\/p>\n<p>\u00a0<\/p>\n<p><img decoding=\"async\" id=\"g-vangogh-M-img\" class=\"g-vangogh-M-img g-aiImg\" alt=\"\" src=\"https:\/\/www.europesays.com\/es\/wp-content\/uploads\/2025\/08\/vangogh-M.jpg\"\/><\/p>\n<p class=\"g-pstyle1\">A lo largo de su carrera pint\u00f3 800 cuadros y realiz\u00f3 m\u00e1s de 1.600 dibujos. Van Gogh estaba obsesionado con la luz y el color como formas de comunicar sentimientos, y utilizaba la naturaleza como refugio y s\u00edmbolo. Los campos florecidos, cipreses, jardines y cielos eran sus musas, junto con la vida cotidiana de campesinos y trabajadores. <\/p>\n<p>\u00a0<\/p>\n<p><img decoding=\"async\" id=\"g-vangogh-L-img\" class=\"g-vangogh-L-img g-aiImg\" alt=\"\" src=\"https:\/\/www.europesays.com\/es\/wp-content\/uploads\/2025\/08\/vangogh-L.jpg\"\/><\/p>\n<p class=\"g-pstyle1\"> A lo largo de su carrera pint\u00f3 800 cuadros y realiz\u00f3 m\u00e1s de 1.600 dibujos. Van Gogh estaba obsesionado con la luz y el color como formas de comunicar sentimientos, y utilizaba la naturaleza como refugio y s\u00edmbolo. Los campos florecidos, cipreses, jardines y cielos eran sus musas, junto con la vida cotidiana de campesinos y trabajadores. <\/p>\n<p>\u00a0<\/p>\n<p><img decoding=\"async\" id=\"g-1mapavango-XS-img\" class=\"g-1mapavango-XS-img g-aiImg\" alt=\"\" src=\"https:\/\/www.europesays.com\/es\/wp-content\/uploads\/2025\/08\/1mapavango-XS.jpg\"\/><\/p>\n<p class=\"g-pstyle0\">El recorrido art\u00edstico <\/p>\n<p class=\"g-pstyle0\">de Van Gogh<\/p>\n<p class=\"g-pstyle1\">Los puntos azules ser\u00e1n <\/p>\n<p class=\"g-pstyle1\">comentados m\u00e1s adelante<\/p>\n<p class=\"g-pstyle6\">Saint-R\u00e9my-de-Provence (1889)<\/p>\n<p><img decoding=\"async\" id=\"g-1mapavango-S-img\" class=\"g-1mapavango-S-img g-aiImg\" alt=\"\" src=\"https:\/\/www.europesays.com\/es\/wp-content\/uploads\/2025\/08\/1mapavango-S.jpg\"\/><\/p>\n<p class=\"g-pstyle0\">El recorrido art\u00edstico de Van Gogh<\/p>\n<p class=\"g-pstyle1\">Los puntos azules ser\u00e1n <\/p>\n<p class=\"g-pstyle1\">comentados m\u00e1s adelante<\/p>\n<p class=\"g-pstyle7\">Saint-R\u00e9my-de-Provence (1889)<\/p>\n<p><img decoding=\"async\" id=\"g-1mapavango-M-img\" class=\"g-1mapavango-M-img g-aiImg\" alt=\"\" src=\"https:\/\/www.europesays.com\/es\/wp-content\/uploads\/2025\/08\/1mapavango-M.jpg\"\/><\/p>\n<p class=\"g-pstyle0\">El recorrido art\u00edstico de Van Gogh<\/p>\n<p class=\"g-pstyle1\">Los puntos azules ser\u00e1n <\/p>\n<p class=\"g-pstyle1\">comentados m\u00e1s adelante<\/p>\n<p class=\"g-pstyle8\">Vivi\u00f3 y trabaj\u00f3 de 1883 a 1885<\/p>\n<p class=\"g-pstyle8\">En 1880 estudi\u00f3 dibujo y perspectiva en la Academia de Bellas Artes <\/p>\n<p class=\"g-pstyle8\">Muri\u00f3 el 29 de julio de 1890<\/p>\n<p class=\"g-pstyle8\">Se mud\u00f3 en 1886 a vivir con su hermano y se introdujo al mundo del Impresionismo <\/p>\n<p class=\"g-pstyle8\">En 1889 fue internado en el manicomio de Saint Paul-de-Mausole. Uno de los cuartos fue su taller <\/p>\n<p class=\"g-pstyle8\">Lleg\u00f3 en 1888  y disfrut\u00f3 de su etapa m\u00e1s productiva. All\u00ed empez\u00f3 a utilizar sus pinceladas caracter\u00edsticas y su paleta de amarillos y azules<\/p>\n<p><img decoding=\"async\" id=\"g-1mapavango-L-img\" class=\"g-1mapavango-L-img g-aiImg\" alt=\"\" src=\"https:\/\/www.europesays.com\/es\/wp-content\/uploads\/2025\/08\/1mapavango-L.jpg\"\/><\/p>\n<p class=\"g-pstyle0\">El recorrido art\u00edstico de Van Gogh<\/p>\n<p class=\"g-pstyle1\">Los puntos azules ser\u00e1n <\/p>\n<p class=\"g-pstyle1\">comentados m\u00e1s adelante<\/p>\n<p class=\"g-pstyle8\">Vivi\u00f3 y trabaj\u00f3 de 1883 a 1885<\/p>\n<p class=\"g-pstyle8\">En 1978 estuvo en la ciudad de paso. En 1880 estudi\u00f3 dibujo y perspectiva en la Academia de Bellas Artes. <\/p>\n<p class=\"g-pstyle8\">Muri\u00f3 el 29 de julio de 1890<\/p>\n<p class=\"g-pstyle8\">Se mud\u00f3 en 1886 a vivir con su hermano y se introdujo al mundo del Impresionismo <\/p>\n<p class=\"g-pstyle8\">En 1889 fue internado en el manicomio de Saint Paul-de-Mausole. Uno de los cuartos fue su taller<\/p>\n<p class=\"g-pstyle8\">Lleg\u00f3 en 1888 y disfrut\u00f3 de su etapa m\u00e1s productiva. All\u00ed empez\u00f3 a utilizar sus pinceladas caracter\u00edsticas y su paleta de amarillos y azules<\/p>\n<p class=\"v-p\">Durante su etapa en Bruselas Van Gogh se dedic\u00f3 a hacer esbozos y dibujos. Pero dos a\u00f1os antes, en noviembre de 1878, el pintor estuvo de paso en la capital belga porque se dirig\u00eda al Borinage, una regi\u00f3n minera ubicada al suroeste del pa\u00eds como misionero laico. Durante esa breve estancia en Bruselas, se sent\u00f3 en un caf\u00e9 de obreros llamado Au Charbonnage a escribirle una carta a su amado hermano, Theo. Dibuj\u00f3 ese bar urbano y r\u00fastico con trazos poco delicados, tonos grises y sombr\u00edos, casi sin crear dimensi\u00f3n y sugiriendo un ambiente melanc\u00f3lico, sucio y pesado.<\/p>\n<p><img decoding=\"async\" id=\"g-cuadro2v1-L-img\" class=\"g-cuadro2v1-L-img g-aiImg\" alt=\"\" src=\"https:\/\/www.europesays.com\/es\/wp-content\/uploads\/2025\/08\/cuadro2v1-L.png\"\/><\/p>\n<p class=\"g-pstyle0\">La colina de Montmartre con cantera<\/p>\n<p><img decoding=\"async\" id=\"g-cuadro2v1-XS-img\" class=\"g-cuadro2v1-XS-img g-aiImg\" alt=\"\" src=\"https:\/\/www.europesays.com\/es\/wp-content\/uploads\/2025\/08\/cuadro2v1-XS.png\"\/><\/p>\n<p class=\"g-pstyle2\">La colina de<\/p>\n<p class=\"g-pstyle2\">Montmartre<\/p>\n<p class=\"g-pstyle2\">con cantera<\/p>\n<p><img decoding=\"async\" id=\"g-cuadro2v1-S-img\" class=\"g-cuadro2v1-S-img g-aiImg\" alt=\"\" src=\"https:\/\/www.europesays.com\/es\/wp-content\/uploads\/2025\/08\/cuadro2v1-S.png\"\/><\/p>\n<p class=\"g-pstyle2\">La colina de<\/p>\n<p class=\"g-pstyle2\">Montmartre con <\/p>\n<p class=\"g-pstyle2\">cantera<\/p>\n<p><img decoding=\"async\" id=\"g-cuadro2v1-M-img\" class=\"g-cuadro2v1-M-img g-aiImg\" alt=\"\" src=\"https:\/\/www.europesays.com\/es\/wp-content\/uploads\/2025\/08\/cuadro2v1-M.png\"\/><\/p>\n<p class=\"g-pstyle2\">La colina de Montmartre con cantera<\/p>\n<p class=\"v-p\">En esta pintura, las pinceladas din\u00e1micas y levemente arremolinadas y los colores anuncian el movimiento posimpresionista que Van Gogh abrazar\u00eda a lo largo de su carrera. Este movimiento art\u00edstico surgi\u00f3 de la preocupaci\u00f3n de algunos artistas, entre ellos Paul C\u00e9zane y Georges Seurat, acerca de la expresi\u00f3n naturalista de la luz y el color. Ese a\u00f1o el artista acababa de llegar a Par\u00eds y se instal\u00f3 en Montmartre con su hermano, un barrio ubicado en el distrito dieciocho de Par\u00eds, en la ribera derecha del Sena. La colina que corona ese barrio con praderas todav\u00eda v\u00edrgenes, un molino, algunas vacas dispersas constituyen la escena rural de la pintura. <\/p>\n<p><img decoding=\"async\" id=\"g-cuadro-terraza-v1-L-img\" class=\"g-cuadro-terraza-v1-L-img g-aiImg\" alt=\"\" src=\"https:\/\/www.europesays.com\/es\/wp-content\/uploads\/2025\/08\/cuadro-terraza-v1-L.png\"\/><\/p>\n<p class=\"g-pstyle0\">Terraza de caf\u00e9 por la noche<\/p>\n<p><img decoding=\"async\" id=\"g-cuadro-terraza-v1-XS-img\" class=\"g-cuadro-terraza-v1-XS-img g-aiImg\" alt=\"\" src=\"https:\/\/www.europesays.com\/es\/wp-content\/uploads\/2025\/08\/cuadro-terraza-v1-XS.png\"\/><\/p>\n<p class=\"g-pstyle2\">Terraza de<\/p>\n<p class=\"g-pstyle2\">caf\u00e9 por<\/p>\n<p class=\"g-pstyle2\">la noche<\/p>\n<p><img decoding=\"async\" id=\"g-cuadro-terraza-v1-S-img\" class=\"g-cuadro-terraza-v1-S-img g-aiImg\" alt=\"\" src=\"https:\/\/www.europesays.com\/es\/wp-content\/uploads\/2025\/08\/cuadro-terraza-v1-S.png\"\/><\/p>\n<p class=\"g-pstyle2\">Terraza de caf\u00e9<\/p>\n<p class=\"g-pstyle2\">por la noche<\/p>\n<p><img decoding=\"async\" id=\"g-cuadro-terraza-v1-M-img\" class=\"g-cuadro-terraza-v1-M-img g-aiImg\" alt=\"\" src=\"https:\/\/www.europesays.com\/es\/wp-content\/uploads\/2025\/08\/cuadro-terraza-v1-M.png\"\/><\/p>\n<p class=\"g-pstyle2\">Terraza de caf\u00e9<\/p>\n<p class=\"g-pstyle2\">por la noche<\/p>\n<p class=\"v-p\">En los quince meses que pas\u00f3 Van Gogh en Arl\u00e9s, donde se mud\u00f3 persiguiendo la luz de la Provenza, pint\u00f3 trescientos cuadros. Enamorado del ukiyo-e, una t\u00e9cnica de estampas japonesas en madera que representaba escenas de la vida cotidiana, lleg\u00f3 al sur de Francia a pintar todo lo que ve\u00eda. Este es uno de sus cuadros m\u00e1s c\u00e9lebres, en el que plasma, seg\u00fan sus propias palabras: \u00abUn caf\u00e9 por la noche visto desde fuera. En la terraza est\u00e1n sentadas peque\u00f1as figuras bebiendo. Un enorme farol amarillo ilumina la terraza (&#8230;) e incluso extiende su resplandor hasta la calle adoquinada que adquiere una tonalidad rosa-violeta.\u00bb Es un cuadro de noche, pero el artista no utiliz\u00f3 pintura negra. Fiel a su estilo, se aferr\u00f3 a la distorsi\u00f3n expresiva y se centr\u00f3 en el contraste del azul fr\u00edo de la noche y la luz c\u00e1lida de la l\u00e1mpara. Es una pintura llena de texturas dominada en su parte superior por una familiar noche estrellada. El establecimiento, rebautizado como \u00abCaf\u00e9 Van Gogh\u00bb, a\u00fan existe en la ciudad, pero actualmente permanece cerrado.<\/p>\n<p class=\"v-p\">En un sur acariciado por el sol, Van Gogh retrat\u00f3 la primavera. La paleta de la obra vibra con una combinaci\u00f3n de colores primarios y secundarios \u2014muchos de ellos invisibles para la percepci\u00f3n humana\u2014, acompa\u00f1ada de pinceladas expresivas y densas. Este jard\u00edn desbordado de flores, que fue el patio del hospital psiqui\u00e1trico donde estuvo ingresado y que hoy se conoce como Espacio Cultural Van Gogh, marca el despertar de la voz color\u00edstica del artista.<\/p>\n<p class=\"v-p\">En 1889, Van Gogh se intern\u00f3 voluntariamente en el hospital psiqui\u00e1trico de Saint-R\u00e9my-de-Provence. Desde la ventana, observaba cipreses, estrellas y un profundo cielo nocturno. Aunque lo acosaban las alucinaciones, pint\u00f3 150 obras. Una de ellas se convirti\u00f3 en su pintura m\u00e1s c\u00e9lebre: captur\u00f3 en el lienzo un cielo azul, espiralado e hipnotizante, junto a estrellas y una luna con un gran halo amarillo. Debajo, una ciudad quieta y tranquila, pero atravesada por el sentimiento de un artista que sinti\u00f3 intensamente.<\/p>\n<p>Comenta<\/p>\n<p>Reporta un error<\/p>\n","protected":false},"excerpt":{"rendered":"Lunes, 4 de agosto 2025, 07:36 | Actualizado 10:37h. Esta semana se cumplieron 135 a\u00f1os de la muerte&hellip;\n","protected":false},"author":2,"featured_media":24774,"comment_status":"","ping_status":"","sticky":false,"template":"","format":"standard","meta":{"footnotes":""},"categories":[173],"tags":[229,233,231,230,4194,232,234,146,147,25,24,13964,23,6174,12856],"class_list":{"0":"post-24773","1":"post","2":"type-post","3":"status-publish","4":"format-standard","5":"has-post-thumbnail","7":"category-arte-y-diseno","8":"tag-arte","9":"tag-arte-y-diseno","10":"tag-arts","11":"tag-arts-and-design","12":"tag-cuadros","13":"tag-design","14":"tag-diseno","15":"tag-entertainment","16":"tag-entretenimiento","17":"tag-es","18":"tag-espana","19":"tag-gogh","20":"tag-spain","21":"tag-van","22":"tag-viaje"},"share_on_mastodon":{"url":"","error":""},"_links":{"self":[{"href":"https:\/\/www.europesays.com\/es\/wp-json\/wp\/v2\/posts\/24773","targetHints":{"allow":["GET"]}}],"collection":[{"href":"https:\/\/www.europesays.com\/es\/wp-json\/wp\/v2\/posts"}],"about":[{"href":"https:\/\/www.europesays.com\/es\/wp-json\/wp\/v2\/types\/post"}],"author":[{"embeddable":true,"href":"https:\/\/www.europesays.com\/es\/wp-json\/wp\/v2\/users\/2"}],"replies":[{"embeddable":true,"href":"https:\/\/www.europesays.com\/es\/wp-json\/wp\/v2\/comments?post=24773"}],"version-history":[{"count":0,"href":"https:\/\/www.europesays.com\/es\/wp-json\/wp\/v2\/posts\/24773\/revisions"}],"wp:featuredmedia":[{"embeddable":true,"href":"https:\/\/www.europesays.com\/es\/wp-json\/wp\/v2\/media\/24774"}],"wp:attachment":[{"href":"https:\/\/www.europesays.com\/es\/wp-json\/wp\/v2\/media?parent=24773"}],"wp:term":[{"taxonomy":"category","embeddable":true,"href":"https:\/\/www.europesays.com\/es\/wp-json\/wp\/v2\/categories?post=24773"},{"taxonomy":"post_tag","embeddable":true,"href":"https:\/\/www.europesays.com\/es\/wp-json\/wp\/v2\/tags?post=24773"}],"curies":[{"name":"wp","href":"https:\/\/api.w.org\/{rel}","templated":true}]}}