{"id":247740,"date":"2025-11-21T08:29:10","date_gmt":"2025-11-21T08:29:10","guid":{"rendered":"https:\/\/www.europesays.com\/es\/247740\/"},"modified":"2025-11-21T08:29:10","modified_gmt":"2025-11-21T08:29:10","slug":"trump-sugiere-la-pena-de-muerte-para-democratas-sediciosos-dw-21-11-2025","status":"publish","type":"post","link":"https:\/\/www.europesays.com\/es\/247740\/","title":{"rendered":"Trump sugiere la pena de muerte para dem\u00f3cratas \u00absediciosos\u00bb \u2013 DW \u2013 21\/11\/2025"},"content":{"rendered":"<p>El presidente de <a class=\"internal-link\" href=\"https:\/\/www.dw.com\/es\/estados-unidos\/t-17411942\" rel=\"nofollow noopener\" target=\"_blank\">Estados Unidos<\/a>, <a class=\"internal-link\" href=\"https:\/\/www.dw.com\/es\/trump-donald\/t-19445010\" rel=\"nofollow noopener\" target=\"_blank\">Donald Trump<\/a>, sugiri\u00f3 el jueves (20.11.2025) la posibilidad de castigar con la pena de muerte a seis legisladores dem\u00f3cratas que instaron a los militares a desobedecer las \u00ab\u00f3rdenes ilegales\u00bb del gobierno.<\/p>\n<p>Trump lanz\u00f3 la amenaza luego de que un grupo de senadores y representantes dem\u00f3cratas, todos con experiencia militar o en servicios de inteligencia, dijeran en un video publicado el martes <a class=\"internal-link\" href=\"https:\/\/www.dw.com\/es\/dem\u00f3cratas-eeuu-piden-a-militares-desacatar-\u00f3rdenes-ilegales\/a-74814300\" rel=\"nofollow noopener\" target=\"_blank\">que los uniformados \u00abpueden negarse a acatar \u00f3rdenes ilegales<\/a>\u00ab.<\/p>\n<p>\u00abEsto es realmente malo y peligroso para nuestro pa\u00eds. Sus palabras no pueden permitirse. \u00a1\u00a1\u00a1COMPORTAMIENTO SEDICIOSO DE TRAIDORES!!! \u00bfENCERRARLOS???\u00bb, exclam\u00f3 Trump en su red Truth Social.<\/p>\n<p>En una publicaci\u00f3n posterior a\u00f1adi\u00f3: \u00ab\u00a1COMPORTAMIENTO SEDICIOSO, castigable con la MUERTE!\u00bb.<\/p>\n<blockquote class=\"tweet embed\" data-id=\"1991545101919678734\"\/>\n<p>Trump tambi\u00e9n reposte\u00f3 un mensaje de un usuario que le instaba a \u00abcolgarlos\u00bb y le dec\u00eda que el primer presidente de Estados Unidos, George Washington, habr\u00eda hecho lo mismo.<\/p>\n<p>Dem\u00f3cratas rechazan\u00a0\u00abcanallada\u00bb de Trump<\/p>\n<p>El Partido Dem\u00f3crata respondi\u00f3 poco despu\u00e9s. \u00abTrump acaba de pedir la pena de muerte contra legisladores dem\u00f3cratas. Una absoluta canallada\u00bb, escribi\u00f3 el partido en su cuenta de X, junto al mensaje del mandatario.<\/p>\n<p>En el video publicado el martes en X, los legisladores dem\u00f3cratas dijeron que \u00abesta administraci\u00f3n est\u00e1 <a class=\"internal-link\" href=\"https:\/\/www.dw.com\/es\/trump-ordena-redadas-en-los-\u00e1ngeles-chicago-y-nueva-york\/a-72920265\" rel=\"nofollow noopener\" target=\"_blank\">enfrentando a nuestros militares<\/a> y profesionales de inteligencia uniformados contra los ciudadanos estadounidenses\u00bb.<\/p>\n<p>\u00abEn este momento, las amenazas a nuestra Constituci\u00f3n no solo vienen del extranjero, sino tambi\u00e9n de aqu\u00ed mismo, de casa\u00bb, declararon. Y a\u00f1adieron: \u00abPueden negarse a acatar \u00f3rdenes ilegales\u00bb.<\/p>\n<p>gs (afp, ap, efe)<\/p>\n<p>Ciudades dem\u00f3cratas de EE. UU. se rebelan contra Trump<video id=\"video-74278013\" controls=\"\" playsinline=\"\" preload=\"none\" poster=\"data:image\/png;base64,iVBORw0KGgoAAAANSUhEUgAAAAEAAAABCAQAAAC1HAwCAAAAC0lEQVR42mNkYAAAAAYAAjCB0C8AAAAASUVORK5CYII=\" data-id=\"74278013\" data-posterurl=\"https:\/\/static.dw.com\/image\/69105238_605.webp\" data-duration=\"12:28\"><\/p>\n<p class=\"vjs-no-js\">To view this video please enable JavaScript, and consider upgrading to a web browser that <a href=\"https:\/\/videojs.com\/html5-video-support\/\" target=\"_blank\" rel=\"nofollow noopener\">supports HTML5 video<\/a><\/p>\n<p><\/video><\/p>\n","protected":false},"excerpt":{"rendered":"El presidente de Estados Unidos, Donald Trump, sugiri\u00f3 el jueves (20.11.2025) la posibilidad de castigar con la pena&hellip;\n","protected":false},"author":2,"featured_media":247741,"comment_status":"","ping_status":"","sticky":false,"template":"","format":"standard","meta":{"footnotes":""},"categories":[42],"tags":[17,18,13,14,11,61,62,63,64,19,20,9,10,15,16,12,21,22,65,66,67],"class_list":{"0":"post-247740","1":"post","2":"type-post","3":"status-publish","4":"format-standard","5":"has-post-thumbnail","7":"category-internacional","8":"tag-breaking-news","9":"tag-breakingnews","10":"tag-featured-news","11":"tag-featurednews","12":"tag-headlines","13":"tag-internacional","14":"tag-international","15":"tag-international-news","16":"tag-internationalnews","17":"tag-latest-news","18":"tag-latestnews","19":"tag-news","20":"tag-noticias","21":"tag-noticias-destacadas","22":"tag-noticiasdestacadas","23":"tag-titulares","24":"tag-ultimas-noticias","25":"tag-ultimasnoticias","26":"tag-world","27":"tag-world-news","28":"tag-worldnews"},"share_on_mastodon":{"url":"https:\/\/pubeurope.com\/@es\/115586752008123134","error":""},"_links":{"self":[{"href":"https:\/\/www.europesays.com\/es\/wp-json\/wp\/v2\/posts\/247740","targetHints":{"allow":["GET"]}}],"collection":[{"href":"https:\/\/www.europesays.com\/es\/wp-json\/wp\/v2\/posts"}],"about":[{"href":"https:\/\/www.europesays.com\/es\/wp-json\/wp\/v2\/types\/post"}],"author":[{"embeddable":true,"href":"https:\/\/www.europesays.com\/es\/wp-json\/wp\/v2\/users\/2"}],"replies":[{"embeddable":true,"href":"https:\/\/www.europesays.com\/es\/wp-json\/wp\/v2\/comments?post=247740"}],"version-history":[{"count":0,"href":"https:\/\/www.europesays.com\/es\/wp-json\/wp\/v2\/posts\/247740\/revisions"}],"wp:featuredmedia":[{"embeddable":true,"href":"https:\/\/www.europesays.com\/es\/wp-json\/wp\/v2\/media\/247741"}],"wp:attachment":[{"href":"https:\/\/www.europesays.com\/es\/wp-json\/wp\/v2\/media?parent=247740"}],"wp:term":[{"taxonomy":"category","embeddable":true,"href":"https:\/\/www.europesays.com\/es\/wp-json\/wp\/v2\/categories?post=247740"},{"taxonomy":"post_tag","embeddable":true,"href":"https:\/\/www.europesays.com\/es\/wp-json\/wp\/v2\/tags?post=247740"}],"curies":[{"name":"wp","href":"https:\/\/api.w.org\/{rel}","templated":true}]}}