{"id":247742,"date":"2025-11-21T08:30:05","date_gmt":"2025-11-21T08:30:05","guid":{"rendered":"https:\/\/www.europesays.com\/es\/247742\/"},"modified":"2025-11-21T08:30:05","modified_gmt":"2025-11-21T08:30:05","slug":"todas-las-actividades-que-no-te-puedes-perder-esta-semana-en-sant-marti-sant-marti","status":"publish","type":"post","link":"https:\/\/www.europesays.com\/es\/247742\/","title":{"rendered":"Todas las actividades que no te puedes perder esta semana en Sant Mart\u00ed | Sant Mart\u00ed"},"content":{"rendered":"<p>Esta semana viene marcada por los actos de reivindicaci\u00f3n del <strong>D\u00eda Internacional contra la Violencia hacia las mujeres<\/strong>, que se <a href=\"https:\/\/www.barcelona.cat\/infobarcelona\/es\/todas-las-propuestas-del-25n-al-eixample-2_1573107.html\" rel=\"nofollow noopener\" target=\"_blank\">celebra el 25 de noviembre<\/a>. Durante toda la semana habr\u00e1 actividades en los barrios relacionadas con este motivo.<\/p>\n<p>Este mismo viernes hay una ampl\u00eda oferta teatral, con las representaciones de \u2018<a href=\"https:\/\/www.barcelona.cat\/infobarcelona\/ca\/aquesta-tardor-el-circuit-darts-en-viu-escena-torna-a-sant-marti_1558031.html\" rel=\"nofollow noopener\" target=\"_blank\">Galletas de queso \u2019<\/a> en el centro cultural La Farinera del Clot y <strong>\u2018Versionas parciales y err\u00f3neas de m\u00ed vida y m\u00ed se gloria\u2019<\/strong> en el centro c\u00edvico Parc Sandaru. Por la noche tambi\u00e9n est\u00e1 programado el <strong>45\u00ba Recital de danza y m\u00fasica folcl\u00f3rica-religiosa<\/strong> en la Parroquia de Sant Mart\u00ed del Clot.<\/p>\n<p>Por otra parte, el <a href=\"https:\/\/www.barcelona.cat\/infobarcelona\/ca\/torna-la-forca-i-emocio-del-flamenc-pur-amb-el-cicle-infusion-flamenca_1565566.html\" rel=\"nofollow noopener\" target=\"_blank\">Ciclo (in) Fusi\u00f3n Flamenca<\/a> sigue con su programaci\u00f3n este fin de semana con la actuaci\u00f3n el viernes del bailaor <strong>Tete Fern\u00e1ndez<\/strong>, y\u00a0el taller formativo <strong>\u2018Clases cono Fino\u2019<\/strong> del s\u00e1bado al mediod\u00eda para aprender diferentes bailes como el tango o la rumba, y por la noche con la actuaci\u00f3n de cuatro artistas emergentes dentro del espect\u00e1culo <strong>\u2018Tablao\u2019.<\/strong><\/p>\n<p>El domingo a las 10 h hay una cita ineludible para los deportistas m\u00e1s solidarios con la carrera <strong>CorreBlau<\/strong>, que destina los beneficios que obtenga a promover la educaci\u00f3n inclusiva de las personas con autismo. Y los m\u00e1s peque\u00f1os pueden escoger entre el <a href=\"https:\/\/www.barcelona.cat\/infobarcelona\/ca\/les-activitats-familiars-de-novembre-a-la-gran-clariana-2_1565657.html\" rel=\"nofollow noopener\" target=\"_blank\">taller de canastas de lona para bicicletas<\/a> en la Clariana de Gl\u00f2ries, el <strong>Domingo de juegos de mesa<\/strong> en el casal de barrio Espai Antoni Mir\u00f3 Peris o \u2018<strong>mi primer Festival\u2019,<\/strong> en el Auditorio Sant Mart\u00ed, donde se emitir\u00e1n una serie de cortometrajes llenos de ingenio y ternura para toda la familia.<\/p>\n<p>Durante la semana siguiente hay diferentes propuestas para que las personas mayores puedan hacer deporte, como la <a href=\"https:\/\/www.barcelona.cat\/infobarcelona\/ca\/escola-de-salut-de-gent-gran-de-camp-de-larpa-a-la-biblioteca_1565539.html\" rel=\"nofollow noopener\" target=\"_blank\">Escuela de Salud de Personas Mayores<\/a> de Camp de l\u2019Arpa del Clot, las <a href=\"https:\/\/www.barcelona.cat\/infobarcelona\/ca\/amb-les-olimpiades-de-les-persones-grans-xarxa-salut-i-barri_1563021.html\" rel=\"nofollow noopener\" target=\"_blank\">Olimpiadas de las Personas Mayores<\/a> en el Hospital Evang\u00e8lic o diversas <a href=\"https:\/\/www.barcelona.cat\/infobarcelona\/ca\/envelliment-actiu-als-parcs-de-sant-marti_1546217.html\" rel=\"nofollow noopener\" target=\"_blank\">actividades c\u00edclicas<\/a> que se hacen en los parques del distrito.<\/p>\n<p style=\"text-align: center\"><a href=\"https:\/\/media-edg.barcelona.cat\/wp-content\/uploads\/2025\/11\/21084230\/AGENDA-ACTIVITATS-2025-novembre.pdf\" target=\"_blank\" rel=\"noopener nofollow\"><strong>Consulta la agenda de actividades en los barrios de Sant Mart\u00ed<\/strong><\/a><\/p>\n<p>La agenda de actividades del Distrito recoge los actos institucionales, sociales, culturales y deportivos de todos los barrios organizados por entidades y equipamientos de Sant Mart\u00ed.<\/p>\n","protected":false},"excerpt":{"rendered":"Esta semana viene marcada por los actos de reivindicaci\u00f3n del D\u00eda Internacional contra la Violencia hacia las mujeres,&hellip;\n","protected":false},"author":2,"featured_media":247743,"comment_status":"","ping_status":"","sticky":false,"template":"","format":"standard","meta":{"footnotes":""},"categories":[8],"tags":[17,18,25,24,13,14,11,19,20,9,10,15,16,23,12,21,22],"class_list":{"0":"post-247742","1":"post","2":"type-post","3":"status-publish","4":"format-standard","5":"has-post-thumbnail","7":"category-espana","8":"tag-breaking-news","9":"tag-breakingnews","10":"tag-es","11":"tag-espana","12":"tag-featured-news","13":"tag-featurednews","14":"tag-headlines","15":"tag-latest-news","16":"tag-latestnews","17":"tag-news","18":"tag-noticias","19":"tag-noticias-destacadas","20":"tag-noticiasdestacadas","21":"tag-spain","22":"tag-titulares","23":"tag-ultimas-noticias","24":"tag-ultimasnoticias"},"share_on_mastodon":{"url":"https:\/\/pubeurope.com\/@es\/115586755772969200","error":""},"_links":{"self":[{"href":"https:\/\/www.europesays.com\/es\/wp-json\/wp\/v2\/posts\/247742","targetHints":{"allow":["GET"]}}],"collection":[{"href":"https:\/\/www.europesays.com\/es\/wp-json\/wp\/v2\/posts"}],"about":[{"href":"https:\/\/www.europesays.com\/es\/wp-json\/wp\/v2\/types\/post"}],"author":[{"embeddable":true,"href":"https:\/\/www.europesays.com\/es\/wp-json\/wp\/v2\/users\/2"}],"replies":[{"embeddable":true,"href":"https:\/\/www.europesays.com\/es\/wp-json\/wp\/v2\/comments?post=247742"}],"version-history":[{"count":0,"href":"https:\/\/www.europesays.com\/es\/wp-json\/wp\/v2\/posts\/247742\/revisions"}],"wp:featuredmedia":[{"embeddable":true,"href":"https:\/\/www.europesays.com\/es\/wp-json\/wp\/v2\/media\/247743"}],"wp:attachment":[{"href":"https:\/\/www.europesays.com\/es\/wp-json\/wp\/v2\/media?parent=247742"}],"wp:term":[{"taxonomy":"category","embeddable":true,"href":"https:\/\/www.europesays.com\/es\/wp-json\/wp\/v2\/categories?post=247742"},{"taxonomy":"post_tag","embeddable":true,"href":"https:\/\/www.europesays.com\/es\/wp-json\/wp\/v2\/tags?post=247742"}],"curies":[{"name":"wp","href":"https:\/\/api.w.org\/{rel}","templated":true}]}}