{"id":247762,"date":"2025-11-21T08:48:15","date_gmt":"2025-11-21T08:48:15","guid":{"rendered":"https:\/\/www.europesays.com\/es\/247762\/"},"modified":"2025-11-21T08:48:15","modified_gmt":"2025-11-21T08:48:15","slug":"la-proteina-sp-d-un-posible-mediador-del-efecto-del-tabaquismo-sobre-la-diabetes-tipo-2","status":"publish","type":"post","link":"https:\/\/www.europesays.com\/es\/247762\/","title":{"rendered":"La prote\u00edna SP-D, un posible mediador del efecto del tabaquismo sobre la diabetes tipo 2"},"content":{"rendered":"<p>Investigadoras a cargo del estudio<\/p>\n<p>        <img decoding=\"async\" src=\"https:\/\/www.europesays.com\/es\/wp-content\/uploads\/2025\/11\/unnamed-3.jpg\" class=\"w100\"\/><\/p>\n<p>\n\t<b>CIBER | <\/b>  viernes, 21 de noviembre de 2025\n\t<\/p>\n<p>Un estudio desarrollado en el marco del proyecto <strong><a href=\"https:\/\/www.ciberisciii.es\/cdn-cgi\/l\/email-protection\" class=\"__cf_email__\" data-cfemail=\"4e0a270e2c2b3a602b3d\" rel=\"nofollow noopener\" target=\"_blank\">[email\u00a0protected]<\/a><\/strong> revela <strong>el papel de la prote\u00edna del surfactante D (SP-D) en la relaci\u00f3n entre el tabaquismo y el riesgo de desarrollar diabetes mellitus tipo 2 (DM2) en la poblaci\u00f3n adulta espa\u00f1ola.<\/strong><\/p>\n<p>El trabajo, publicado en la revista Journal of Xenobiotics y liderado por\u00a0el \u00e1rea de Diabetes y Enfermedades Metab\u00f3licas Asociadas del CIBER (CIBERDEM), analiza si esta prote\u00edna inmunitaria, liberada al torrente sangu\u00edneo tras una lesi\u00f3n pulmonar, podr\u00eda actuar como mediadora de los efectos del tabaco y\/o de la exposici\u00f3n a contaminantes atmosf\u00e9ricos en el desarrollo de la DM2, una enfermedad metab\u00f3lica con una prevalencia creciente a nivel global.<\/p>\n<p>El estudio <strong>utiliza datos de 2.155 participantes de la cohorte <a href=\"https:\/\/www.ciberisciii.es\/cdn-cgi\/l\/email-protection\" class=\"__cf_email__\" data-cfemail=\"a2e6cbe2c0c7d68cc7d1\" rel=\"nofollow noopener\" target=\"_blank\">[email\u00a0protected]<\/a><\/strong>, con informaci\u00f3n sociodemogr\u00e1fica, cl\u00ednica y de estilo de vida de los sujetos, entre las que se encuentra el consumo de tabaco y la exposici\u00f3n a contaminantes ambientales, estimada a partir de las concentraciones anuales de PM10, PM2.5, SO\u2082, CO y NO\u2082 seg\u00fan el lugar de residencia. Los niveles s\u00e9ricos de SP-D se midieron mediante ELISA y se clasificaron por encima o por debajo del percentil 25. El diagn\u00f3stico de DM2 se evalu\u00f3 al inicio del estudio, para seleccionar a la poblaci\u00f3n en riesgo y tras 7,5 a\u00f1os de seguimiento, para estudiar la asociaci\u00f3n con los niveles de SP-D.<\/p>\n<p>Los resultados muestran que l<strong>as personas fumadoras presentaban niveles m\u00e1s elevados de SP-D, con una correlaci\u00f3n directa entre el n\u00famero de cigarrillos consumidos, la duraci\u00f3n del h\u00e1bito tab\u00e1quico y los niveles de esta prote\u00edna.<\/strong> En cambio, no se observaron asociaciones entre la mayor\u00eda de contaminantes, atmosf\u00e9ricos (PM10, PM2.5, SO2 y CO) y las categor\u00edas de SP-D, aunque s\u00ed se detectaron diferencias en relaci\u00f3n con el NO2.<\/p>\n<p>En la cohorte analizada, no se identific\u00f3 una relaci\u00f3n entre los contaminantes ambientales y el riesgo de desarrollar DM2. Sin embargo, <strong>tanto el tabaquismo como los niveles elevados de SP-D se asociaron de manera independiente con un mayor riesgo de la enfermedad tras el periodo de seguimiento.<\/strong> Adem\u00e1s, el an\u00e1lisis mostr\u00f3 que la SP-D media el 14% del efecto del tabaquismo sobre la incidencia de DM2 en adultos.<\/p>\n<p>\u201cEstos hallazgos apuntan a que la SP-D podr\u00eda desempe\u00f1ar un papel relevante en los mecanismos que relacionan el tabaquismo con un mayor riesgo de diabetes tipo 2\u201d, se\u00f1ala el equipo investigador. Adem\u00e1s, \u201cestos resultados sirven de base para nuevos estudios que nos ayuden a comprender mejor c\u00f3mo interact\u00faan los factores pulmonares, ambientales y metab\u00f3licos\u201d concluyen.<\/p>\n<p>El trabajo, desarrollado con la participaci\u00f3n de Instituto de Investigaci\u00f3n Biom\u00e9dica de M\u00e1laga y Plataforma en Nanomedicina (IBIMA\u00a0Plataforma BIONAND) y la Universidad de M\u00e1laga, entre otras instituciones implicadas en la cohorte <a href=\"https:\/\/www.ciberisciii.es\/cdn-cgi\/l\/email-protection\" class=\"__cf_email__\" data-cfemail=\"0c48654c6e697822697f\" rel=\"nofollow noopener\" target=\"_blank\">[email\u00a0protected]<\/a>, contribuye a una visi\u00f3n m\u00e1s integrada del impacto del tabaquismo en la salud metab\u00f3lica y abre paso a nuevas l\u00edneas de investigaci\u00f3n que permitan avanzar hacia estrategias de prevenci\u00f3n m\u00e1s precisas.<\/p>\n<p>\u00a0<strong>Referencia del art\u00edculo:<\/strong><\/p>\n<p>Oualla-Bachiri, W.; Lago-Sampedro, A.; Garc\u00eda-Escobar, E.; Maldonado-Araque, C.; Doulatram-Gamgaram, V.; Garc\u00eda-Vivanco, M.; Mart\u00edn-Llorente, F.; Garrido, J.L.; Delgado, E.; Chaves, F.J.; et al. Surfactant Protein D Mediates the Association Between Smoking and Type 2 Diabetes Mellitus Incidence in the Spanish Adult Population: <a href=\"https:\/\/www.ciberisciii.es\/cdn-cgi\/l\/email-protection\" class=\"__cf_email__\" data-cfemail=\"bbffd2fbd9decf95dec8\" rel=\"nofollow noopener\" target=\"_blank\">[email\u00a0protected]<\/a> Study.\u00a0J. Xenobiot.\u00a02025,\u00a015, 184. <a href=\"https:\/\/doi.org\/10.3390\/jox15060184\" rel=\"nofollow noopener\" target=\"_blank\">https:\/\/doi.org\/10.3390\/jox15060184<\/a><\/p>\n","protected":false},"excerpt":{"rendered":"Investigadoras a cargo del estudio CIBER | viernes, 21 de noviembre de 2025 Un estudio desarrollado en el&hellip;\n","protected":false},"author":2,"featured_media":247763,"comment_status":"","ping_status":"","sticky":false,"template":"","format":"standard","meta":{"footnotes":""},"categories":[92],"tags":[25,24,165,166,23],"class_list":{"0":"post-247762","1":"post","2":"type-post","3":"status-publish","4":"format-standard","5":"has-post-thumbnail","7":"category-salud","8":"tag-es","9":"tag-espana","10":"tag-health","11":"tag-salud","12":"tag-spain"},"share_on_mastodon":{"url":"https:\/\/pubeurope.com\/@es\/115586826651783849","error":""},"_links":{"self":[{"href":"https:\/\/www.europesays.com\/es\/wp-json\/wp\/v2\/posts\/247762","targetHints":{"allow":["GET"]}}],"collection":[{"href":"https:\/\/www.europesays.com\/es\/wp-json\/wp\/v2\/posts"}],"about":[{"href":"https:\/\/www.europesays.com\/es\/wp-json\/wp\/v2\/types\/post"}],"author":[{"embeddable":true,"href":"https:\/\/www.europesays.com\/es\/wp-json\/wp\/v2\/users\/2"}],"replies":[{"embeddable":true,"href":"https:\/\/www.europesays.com\/es\/wp-json\/wp\/v2\/comments?post=247762"}],"version-history":[{"count":0,"href":"https:\/\/www.europesays.com\/es\/wp-json\/wp\/v2\/posts\/247762\/revisions"}],"wp:featuredmedia":[{"embeddable":true,"href":"https:\/\/www.europesays.com\/es\/wp-json\/wp\/v2\/media\/247763"}],"wp:attachment":[{"href":"https:\/\/www.europesays.com\/es\/wp-json\/wp\/v2\/media?parent=247762"}],"wp:term":[{"taxonomy":"category","embeddable":true,"href":"https:\/\/www.europesays.com\/es\/wp-json\/wp\/v2\/categories?post=247762"},{"taxonomy":"post_tag","embeddable":true,"href":"https:\/\/www.europesays.com\/es\/wp-json\/wp\/v2\/tags?post=247762"}],"curies":[{"name":"wp","href":"https:\/\/api.w.org\/{rel}","templated":true}]}}