{"id":247778,"date":"2025-11-21T09:00:08","date_gmt":"2025-11-21T09:00:08","guid":{"rendered":"https:\/\/www.europesays.com\/es\/247778\/"},"modified":"2025-11-21T09:00:08","modified_gmt":"2025-11-21T09:00:08","slug":"la-empresa-de-eventos-fundada-por-andres-iniesta-compra-la-licencia-del-equipo-ciclista-israel-premier-tech-ciclismo-deportes","status":"publish","type":"post","link":"https:\/\/www.europesays.com\/es\/247778\/","title":{"rendered":"La empresa de eventos fundada por Andr\u00e9s Iniesta compra la licencia del equipo ciclista Israel Premier Tech | Ciclismo | Deportes"},"content":{"rendered":"<p class=\"\">Fernando Alonso intent\u00f3 hace una decena de a\u00f1os <a href=\"https:\/\/elpais.com\/deportes\/2013\/09\/23\/actualidad\/1379942671_590499.html\" target=\"_self\" rel=\"nofollow noopener\" title=\"https:\/\/elpais.com\/deportes\/2013\/09\/23\/actualidad\/1379942671_590499.html\">comprarse un equipo ciclista, el Euskadi<\/a>. La intuici\u00f3n de que le quer\u00eda enga\u00f1ar el vendedor sobrepreciando los activos que le colocaba ech\u00f3 para atr\u00e1s al campe\u00f3n espa\u00f1ol de la F1. Su experiencia, y las turbulencias que acompa\u00f1an habitualmente al ciclismo, un deporte en el que poder absoluto, y el rendimiento econ\u00f3mico, est\u00e1 en poder de los organizadores del Tour \u2014la \u00fanica v\u00eda de ingresos de los equipos es el capricho de los esp\u00f3nsores\u2014, no parecen haber echado atr\u00e1s a otro de los grandes mitos del deporte espa\u00f1ol en el siglo XXI. <a href=\"https:\/\/elpais.com\/deportes\/2010\/07\/11\/actualidad\/1278832924_850215.html\" target=\"_self\" rel=\"nofollow noopener\" title=\"https:\/\/elpais.com\/deportes\/2010\/07\/11\/actualidad\/1278832924_850215.html\">Despu\u00e9s de haber convertido a Espa\u00f1a en campeona del mundo de f\u00fatbol, Andr\u00e9s Iniesta<\/a> se ha embarcado en un empe\u00f1o seguramente m\u00e1s complicado, gestionar un equipo de ciclismo al comprar la licencia World Tour, los materiales, veh\u00edculos y contratos del alrededor de las 170 personas que compon\u00edan el Israel-Premier Tech. As\u00ed lo anunci\u00f3 el jueves al atardecer un comunicado de NSN (que responde al jamesbondiano Never say never, Nunca digas nunca), la compa\u00f1\u00eda catalana organizadora de eventos deportivos y musicales que fund\u00f3 el futbolista albacete\u00f1o. En la nota, NSN informa adem\u00e1s de que ha llegado a un acuerdo con el fondo de inversi\u00f3n catal\u00e1n-suizo Stoneweg, que, gracias a una alianza estrat\u00e9gica que afectar\u00e1 a m\u00e1s sectores, financiar\u00e1 la operaci\u00f3n entrando en el accionariado de NSN. <\/p>\n<p class=\"\">En cierta manera, Iniesta ya ha logrado un hecho hist\u00f3rico: un equipo radicado en Catalu\u00f1a tomar\u00e1 la salida <a href=\"https:\/\/elpais.com\/deportes\/ciclismo\/2024-06-18\/el-tour-de-francia-2026-saldra-de-barcelona.html\" target=\"_self\" rel=\"nofollow noopener\" title=\"https:\/\/elpais.com\/deportes\/ciclismo\/2024-06-18\/el-tour-de-francia-2026-saldra-de-barcelona.html\">en el pr\u00f3ximo Tour de Francia, que partir\u00e1 en julio de Barcelona.<\/a><\/p>\n<p class=\"\">El equipo se llamar\u00e1 NSN Cycling Team, correr\u00e1 con bandera suiza y tendr\u00e1 la sede operativa en Catalu\u00f1a. Contar\u00e1 tambi\u00e9n con un conjunto filial. Su l\u00edder en la carretera ya no ser\u00e1 el viejo Chris Froome, cuyo contrato no ser\u00e1 renovado, lo que le obligar\u00e1 al cu\u00e1druple ganador del Tour a retirarse ya cumplidos los 40 a\u00f1os, sino el reci\u00e9n fichado eritreo Biniam Girmay. Nada m\u00e1s anunciar la compra, que deber\u00e1 superar<a href=\"https:\/\/elpais.com\/deportes\/ciclismo\/2025-11-08\/la-continuidad-del-equipo-ciclista-israel-corre-peligro-tras-la-subita-renuncia-de-su-patrocinador-premier-tech.html\" target=\"_self\" rel=\"nofollow noopener\" title=\"https:\/\/elpais.com\/deportes\/ciclismo\/2025-11-08\/la-continuidad-del-equipo-ciclista-israel-corre-peligro-tras-la-subita-renuncia-de-su-patrocinador-premier-tech.html\"> la auditor\u00eda de PwC que impone la Uni\u00f3n Ciclista Internacional (UCI),<\/a> NSN asumi\u00f3 la antigua cuenta en X del Israel-Premier Tech, cambiando el nombre por NSN Cycling Team, pero manteniendo el azul como color corporativo. Ni el anterior patrocinador Premier Tech, que ha pasado a financiar un equipo franc\u00e9s de segunda, ni las bicicletas brit\u00e1nicas Factor continuar\u00e1n con el equipo, que ya ha dejado de pertenecer oficialmente al magnate del sector inmobiliario canadiense israel\u00ed Sylvan Adams, que lo fund\u00f3 como arma de propaganda sionista y acab\u00f3 su periplo por el pelot\u00f3n v\u00edctima de las movilizaciones propalestinas <a href=\"https:\/\/elpais.com\/deportes\/ciclismo\/2025-11-19\/la-vuelta-de-2026-terminara-en-granada-tras-descartar-madrid.html\" target=\"_self\" rel=\"nofollow noopener\" title=\"https:\/\/elpais.com\/deportes\/ciclismo\/2025-11-19\/la-vuelta-de-2026-terminara-en-granada-tras-descartar-madrid.html\">en contra del genocidio en Gaza duranta la conflictiva Vuelta a Espa\u00f1a que no pudo llegar a su fin en Madrid<\/a>.<\/p>\n<p class=\"\">Fuentes conocedoras de los tratos en el sector consideran que el monto econ\u00f3mico de la transacci\u00f3n no ser\u00e1 muy elevado, m\u00e1s all\u00e1 de asumir todos los compromisos contractuales del anterior propietario, al que libran de un gran peso y un mayor dolor de cabeza. El presupuesto medio de un equipo del WorldTour ronda los 25 millones de euros. El 80% se va en salarios, que van de los dos millones del l\u00edder a los 40.000 euros anuales de un mec\u00e1nico. M\u00e1s all\u00e1 del ruido medi\u00e1tico que supone la figura de Iniesta, retirado del f\u00fatbol activo en 2024, la entrada del conglomerado Stoneweg-NSN refuerza la nueva tendencia en la estructura econ\u00f3mica del WorldTour, en la que los patrocinadores son tambi\u00e9n los due\u00f1os de los equipos, los que toman las grandes decisiones. El funcionamiento tradicional hablaba de emprendedores, habitualmente exciclistas, que creaban un equipo y, dado que los organizadores no comparten los ingresos televisivos y publicitarios, convert\u00edan los maillots en espacio publicitario para vend\u00e9rselo a sus patrocinadores. Actualmente, ya hay empresas como Decathlon o Lidl que se han convertido en los m\u00e1ximos accionistas de sus equipos y han puesto a sus ejecutivos al frente de su gesti\u00f3n. <a href=\"https:\/\/elpais.com\/america\/2025-11-11\/andres-iniesta-investigado-por-una-estafa-en-peru-de-la-filial-de-su-empresa-nsn.html\" target=\"_self\" rel=\"nofollow noopener\" title=\"https:\/\/elpais.com\/america\/2025-11-11\/andres-iniesta-investigado-por-una-estafa-en-peru-de-la-filial-de-su-empresa-nsn.html\">Algo similar har\u00e1 NSN, <\/a>presidida por Joan Borr\u00e0s, con su equipo, en el que, de momento, continuar\u00e1 como m\u00e1nager general el exciclista finland\u00e9s Kjell Carlstr\u00f6m. <\/p>\n","protected":false},"excerpt":{"rendered":"Fernando Alonso intent\u00f3 hace una decena de a\u00f1os comprarse un equipo ciclista, el Euskadi. La intuici\u00f3n de que&hellip;\n","protected":false},"author":2,"featured_media":230634,"comment_status":"","ping_status":"","sticky":false,"template":"","format":"standard","meta":{"footnotes":""},"categories":[273],"tags":[26823,2839,313,2838,1540,312,168,25,24,2096,49034,23,167,2322],"class_list":{"0":"post-247778","1":"post","2":"type-post","3":"status-publish","4":"format-standard","5":"has-post-thumbnail","7":"category-ciclismo","8":"tag-andres-iniesta","9":"tag-carreras-ciclistas","10":"tag-ciclismo","11":"tag-ciclistas","12":"tag-competiciones","13":"tag-cycling","14":"tag-deportes","15":"tag-es","16":"tag-espana","17":"tag-fernando-alonso","18":"tag-israel-cycling-academy","19":"tag-spain","20":"tag-sports","21":"tag-tour-francia"},"share_on_mastodon":{"url":"https:\/\/pubeurope.com\/@es\/115586873675292699","error":""},"_links":{"self":[{"href":"https:\/\/www.europesays.com\/es\/wp-json\/wp\/v2\/posts\/247778","targetHints":{"allow":["GET"]}}],"collection":[{"href":"https:\/\/www.europesays.com\/es\/wp-json\/wp\/v2\/posts"}],"about":[{"href":"https:\/\/www.europesays.com\/es\/wp-json\/wp\/v2\/types\/post"}],"author":[{"embeddable":true,"href":"https:\/\/www.europesays.com\/es\/wp-json\/wp\/v2\/users\/2"}],"replies":[{"embeddable":true,"href":"https:\/\/www.europesays.com\/es\/wp-json\/wp\/v2\/comments?post=247778"}],"version-history":[{"count":0,"href":"https:\/\/www.europesays.com\/es\/wp-json\/wp\/v2\/posts\/247778\/revisions"}],"wp:featuredmedia":[{"embeddable":true,"href":"https:\/\/www.europesays.com\/es\/wp-json\/wp\/v2\/media\/230634"}],"wp:attachment":[{"href":"https:\/\/www.europesays.com\/es\/wp-json\/wp\/v2\/media?parent=247778"}],"wp:term":[{"taxonomy":"category","embeddable":true,"href":"https:\/\/www.europesays.com\/es\/wp-json\/wp\/v2\/categories?post=247778"},{"taxonomy":"post_tag","embeddable":true,"href":"https:\/\/www.europesays.com\/es\/wp-json\/wp\/v2\/tags?post=247778"}],"curies":[{"name":"wp","href":"https:\/\/api.w.org\/{rel}","templated":true}]}}