{"id":247781,"date":"2025-11-21T09:03:12","date_gmt":"2025-11-21T09:03:12","guid":{"rendered":"https:\/\/www.europesays.com\/es\/247781\/"},"modified":"2025-11-21T09:03:12","modified_gmt":"2025-11-21T09:03:12","slug":"las-palabras-de-agradecimiento-de-victor-munoz-a-alessio-lisci","status":"publish","type":"post","link":"https:\/\/www.europesays.com\/es\/247781\/","title":{"rendered":"Las palabras de agradecimiento de V\u00edctor Mu\u00f1oz a Alessio Lisci"},"content":{"rendered":"<p class=\"paragraph\">El <b>jugador de Osasuna V\u00edctor Mu\u00f1oz agradece<\/b> la <b>confianza de Alessio Lisci<\/b>, quien le est\u00e1 \u00abayudando mucho\u00bb en su <b>aterrizaje en Primera Divisi\u00f3n<\/b>, donde ha disputado todos los partidos hasta la fecha con los rojillos. <\/p>\n<p class=\"paragraph\">Cinco meses despu\u00e9s de firmar por el cuadro navarro, el extremo catal\u00e1n se muestra <b>satisfecho con su camino<\/b>, siendo uno de los futbolistas que m\u00e1s ha llamado la atenci\u00f3n de la competici\u00f3n. Doce apariciones en doce jornadas tienen la culpa, con <b>un gol, una asistencia<\/b> y numerosos <b>detalles <\/b>de gran calidad en los 845 minutos jugados, el 78 % del total. <\/p>\n<p class=\"paragraph\">Tras su pleno de partidos en Osasuna, Mu\u00f1oz asegura estar contento a las \u00f3rdenes del preparador italiano: \u00ab<b>Me est\u00e1 ayudando mucho<\/b> en esta etapa en el f\u00fatbol profesional. Estoy aprendiendo muchas cosas, tanto de \u00e9l como del cuerpo t\u00e9cnico, para mejorar y pulir esos detalles con los que marcar la diferencia\u00bb. <\/p>\n<p class=\"paragraph\">\u00abEs una cualidad que siempre he tenido desde peque\u00f1o, pero s\u00ed que es cierto que ha medida que pasa el tiempo lo vas trabajando m\u00e1s espec\u00edficamente\u00bb, explica en una entrevista tras recoger el <b>premio a jugador m\u00e1s r\u00e1pido del mes<\/b>, con una velocidad de 35, 15 km\/h. <\/p>\n<blockquote class=\"twitter-tweet\" data-media-max-width=\"560\">\n<p lang=\"es\" dir=\"ltr\">\ud83d\ude80 V\u00edctor Mu\u00f1oz recibe el premio DIGI del mes de octubre.<\/p>\n<p>El jugador rojillo alcanz\u00f3 una velocidad m\u00e1xima de 35,15 km\/h.<a href=\"https:\/\/twitter.com\/digimobil_es?ref_src=twsrc%5Etfw\" rel=\"nofollow noopener\" target=\"_blank\">@digimobil_es<\/a> | <a href=\"https:\/\/twitter.com\/hashtag\/DIGIconlosRojillos?src=hash&amp;ref_src=twsrc%5Etfw\" rel=\"nofollow noopener\" target=\"_blank\">#DIGIconlosRojillos<\/a> <a href=\"https:\/\/t.co\/Kdv9YACWeD\" rel=\"nofollow\">pic.twitter.com\/Kdv9YACWeD<\/a><\/p>\n<p>\u2014 C. A. OSASUNA (@Osasuna) <a href=\"https:\/\/twitter.com\/Osasuna\/status\/1991551285582262590?ref_src=twsrc%5Etfw\" rel=\"nofollow noopener\" target=\"_blank\">November 20, 2025<\/a><\/p><\/blockquote>\n<p class=\"paragraph\">Dice no importarle d\u00f3nde jugar en la zona de ataque: \u00abEn cualquier posici\u00f3n de ataque me siento c\u00f3modo. Es verdad que pegado a un delantero, viniendo a recibir y subiendo la pelota me siento a gusto\u00bb. <\/p>\n<p class=\"paragraph\">\u00abEl <b>equipo est\u00e1 trabajando bien<\/b>, en la misma l\u00ednea que seguimos. Es cierto que el par\u00f3n nos ha venido bien para recargar pilas, desconectar y el equipo est\u00e1 con muchas ganas y trabajando en todo lo que nos dice el m\u00edster de cara al partido del s\u00e1bado\u00bb, indica sobre el choque liguero. <\/p>\n<p class=\"paragraph\">Sobre este <b>derbi ante la Real,<\/b> el protagonista espera ganar cinco jornadas despu\u00e9s: \u00abCon <b>ganas e ilusi\u00f3n<\/b>. El equipo tiene ganas de darle esos tres puntos a la afici\u00f3n, que se lo merece. Siempre es una alegr\u00eda volver a El Sadar, ya que te empujan en esos buenos y malos momentos. Nos da un plus que los otros equipos lo notan\u00bb.\u00a0<\/p>\n<p><script async src=\"https:\/\/platform.twitter.com\/widgets.js\" charset=\"utf-8\"><\/script><\/p>\n","protected":false},"excerpt":{"rendered":"El jugador de Osasuna V\u00edctor Mu\u00f1oz agradece la confianza de Alessio Lisci, quien le est\u00e1 \u00abayudando mucho\u00bb en&hellip;\n","protected":false},"author":2,"featured_media":247782,"comment_status":"","ping_status":"","sticky":false,"template":"","format":"standard","meta":{"footnotes":""},"categories":[268],"tags":[63108,23960,168,25,24,280,282,8360,1298,281,23,167,1780],"class_list":{"0":"post-247781","1":"post","2":"type-post","3":"status-publish","4":"format-standard","5":"has-post-thumbnail","7":"category-futbol","8":"tag-agradecimiento","9":"tag-alessio","10":"tag-deportes","11":"tag-es","12":"tag-espana","13":"tag-football","14":"tag-futbol","15":"tag-munoz","16":"tag-palabras","17":"tag-soccer","18":"tag-spain","19":"tag-sports","20":"tag-victor"},"share_on_mastodon":{"url":"https:\/\/pubeurope.com\/@es\/115586885538153378","error":""},"_links":{"self":[{"href":"https:\/\/www.europesays.com\/es\/wp-json\/wp\/v2\/posts\/247781","targetHints":{"allow":["GET"]}}],"collection":[{"href":"https:\/\/www.europesays.com\/es\/wp-json\/wp\/v2\/posts"}],"about":[{"href":"https:\/\/www.europesays.com\/es\/wp-json\/wp\/v2\/types\/post"}],"author":[{"embeddable":true,"href":"https:\/\/www.europesays.com\/es\/wp-json\/wp\/v2\/users\/2"}],"replies":[{"embeddable":true,"href":"https:\/\/www.europesays.com\/es\/wp-json\/wp\/v2\/comments?post=247781"}],"version-history":[{"count":0,"href":"https:\/\/www.europesays.com\/es\/wp-json\/wp\/v2\/posts\/247781\/revisions"}],"wp:featuredmedia":[{"embeddable":true,"href":"https:\/\/www.europesays.com\/es\/wp-json\/wp\/v2\/media\/247782"}],"wp:attachment":[{"href":"https:\/\/www.europesays.com\/es\/wp-json\/wp\/v2\/media?parent=247781"}],"wp:term":[{"taxonomy":"category","embeddable":true,"href":"https:\/\/www.europesays.com\/es\/wp-json\/wp\/v2\/categories?post=247781"},{"taxonomy":"post_tag","embeddable":true,"href":"https:\/\/www.europesays.com\/es\/wp-json\/wp\/v2\/tags?post=247781"}],"curies":[{"name":"wp","href":"https:\/\/api.w.org\/{rel}","templated":true}]}}