{"id":247783,"date":"2025-11-21T09:04:06","date_gmt":"2025-11-21T09:04:06","guid":{"rendered":"https:\/\/www.europesays.com\/es\/247783\/"},"modified":"2025-11-21T09:04:06","modified_gmt":"2025-11-21T09:04:06","slug":"antes-teniamos-mas-libertad-que-ahora-estamos-tan-sobreexpuestos-que-ahora-todo-es-censurable","status":"publish","type":"post","link":"https:\/\/www.europesays.com\/es\/247783\/","title":{"rendered":"Antes ten\u00edamos m\u00e1s libertad que ahora. Estamos tan sobreexpuestos que ahora todo es censurable"},"content":{"rendered":"<p data-gtm-element-container=\"modulo-texto-link\" class=\"paragraph\"><strong>&#8216;Todos los lados de la cama<\/strong>&#8216;, la tercera entrega de la aclamada saga de comedia musical, lleva ya una semana en los cines espa\u00f1oles. En esta nueva pel\u00edcula, que llega 20 a\u00f1os despu\u00e9s de la \u00faltima, re\u00fane de nuevo a su m\u00edtico reparto con <strong>Ernesto Alterio y Pilar Castro al frente<\/strong>, al que se suman nuevos actores y actrices.<\/p>\n<p>                <img loading=\"lazy\" decoding=\"async\" data-full-src=\"https:\/\/www.mundodeportivo.com\/uploads\/2025\/11\/20\/691f8078add21.jpeg\" alt=\"Ernesto Alterio, en la premiere de 'Todos los lados de la cama'\" width=\"449\" height=\"299\" src=\"https:\/\/www.europesays.com\/es\/wp-content\/uploads\/2025\/11\/691f8078add21.jpeg\" class=\"lazy\"\/><\/p>\n<p class=\"caption-title \">Ernesto Alterio, en la premiere de &#8216;Todos los lados de la cama&#8217;<\/p>\n<p>                    Josefina Blanco<\/p>\n<p data-gtm-element-container=\"modulo-texto-link\" class=\"paragraph\">Sus protagonistas se encuentran <strong>en plena gira de promoci\u00f3n por distintos medios<\/strong>, y una de las cuestiones m\u00e1s repetidas es la evoluci\u00f3n creativa y del humor a lo largo de estos a\u00f1os. En una entrevista para &#8216;Fotogramas&#8217;, ambos reflexionan sobre este tema.<\/p>\n<p data-gtm-element-container=\"modulo-texto-link\" class=\"paragraph\">Por su parte,<strong> Pilar Castro<\/strong> defiende que se haya evolucionado en cuanto a ciertos chistes, pero expone una falta de libertad por culpa de las redes sociales: \u00ab<strong>Yo creo que antes ten\u00edamos m\u00e1s libertad que ahora.<\/strong> Antes se hac\u00edan chistes de cosas que es mejor que ahora ya no se hagan, y al rev\u00e9s. Yo creo que ahora estamos en un momento en el que estamos tan sobreexpuestos por las redes sociales. Gusta tanto llevar la contraria. <strong>Ahora hay mucha m\u00e1s censura, y entonces todo es censurable.<\/strong> Antes no ten\u00edas esa presi\u00f3n. Esto es un ejercicio creativo, un ejercicio art\u00edstico\u00bb.<\/p>\n<p>                <img loading=\"lazy\" decoding=\"async\" data-full-src=\"https:\/\/www.mundodeportivo.com\/uploads\/2025\/11\/20\/691f8080ad9a3.jpeg\" alt=\"Pilar Castro, en la premiere de 'Todos los lados de la cama'\" width=\"449\" height=\"253\" src=\"https:\/\/www.europesays.com\/es\/wp-content\/uploads\/2025\/11\/691f8080ad9a3.r_d.3006-1440-2832.jpeg\" class=\"lazy\"\/><\/p>\n<p class=\"caption-title \">Pilar Castro, en la premiere de &#8216;Todos los lados de la cama&#8217;<\/p>\n<p>                    Josefina Blanco<\/p>\n<p>    Lee tambi\u00e9n<\/p>\n<p data-gtm-element-container=\"modulo-texto-link\" class=\"paragraph\">\u00abCreo que es un arma de doble filo, en el sentido de que est\u00e1 muy bien tener conciencia sobre ciertas cosas y sobre la dimensi\u00f3n o lo que puede herir ciertos chistes. Pero la conciencia, yo creo que est\u00e1 bien para afinar el sentido del humor.\u00a0Pero cuando de repente es para censurarte&#8230;\u00a0Y <strong>estamos viendo en esta \u00e9poca que puedes ofender a cualquiera<\/strong>. Y lo que pasa ahora es que, de repente, cualquiera puede opinar sobre eso de manera an\u00f3nima\u00bb, expuso Ernesto Alterio en la entrevista.<\/p>\n","protected":false},"excerpt":{"rendered":"&#8216;Todos los lados de la cama&#8216;, la tercera entrega de la aclamada saga de comedia musical, lleva ya&hellip;\n","protected":false},"author":2,"featured_media":247784,"comment_status":"","ping_status":"","sticky":false,"template":"","format":"standard","meta":{"footnotes":""},"categories":[174],"tags":[255,146,147,25,24,256,23],"class_list":{"0":"post-247783","1":"post","2":"type-post","3":"status-publish","4":"format-standard","5":"has-post-thumbnail","7":"category-famosos","8":"tag-celebrities","9":"tag-entertainment","10":"tag-entretenimiento","11":"tag-es","12":"tag-espana","13":"tag-famosos","14":"tag-spain"},"share_on_mastodon":{"url":"https:\/\/pubeurope.com\/@es\/115586889718149302","error":""},"_links":{"self":[{"href":"https:\/\/www.europesays.com\/es\/wp-json\/wp\/v2\/posts\/247783","targetHints":{"allow":["GET"]}}],"collection":[{"href":"https:\/\/www.europesays.com\/es\/wp-json\/wp\/v2\/posts"}],"about":[{"href":"https:\/\/www.europesays.com\/es\/wp-json\/wp\/v2\/types\/post"}],"author":[{"embeddable":true,"href":"https:\/\/www.europesays.com\/es\/wp-json\/wp\/v2\/users\/2"}],"replies":[{"embeddable":true,"href":"https:\/\/www.europesays.com\/es\/wp-json\/wp\/v2\/comments?post=247783"}],"version-history":[{"count":0,"href":"https:\/\/www.europesays.com\/es\/wp-json\/wp\/v2\/posts\/247783\/revisions"}],"wp:featuredmedia":[{"embeddable":true,"href":"https:\/\/www.europesays.com\/es\/wp-json\/wp\/v2\/media\/247784"}],"wp:attachment":[{"href":"https:\/\/www.europesays.com\/es\/wp-json\/wp\/v2\/media?parent=247783"}],"wp:term":[{"taxonomy":"category","embeddable":true,"href":"https:\/\/www.europesays.com\/es\/wp-json\/wp\/v2\/categories?post=247783"},{"taxonomy":"post_tag","embeddable":true,"href":"https:\/\/www.europesays.com\/es\/wp-json\/wp\/v2\/tags?post=247783"}],"curies":[{"name":"wp","href":"https:\/\/api.w.org\/{rel}","templated":true}]}}