{"id":247794,"date":"2025-11-21T09:12:08","date_gmt":"2025-11-21T09:12:08","guid":{"rendered":"https:\/\/www.europesays.com\/es\/247794\/"},"modified":"2025-11-21T09:12:08","modified_gmt":"2025-11-21T09:12:08","slug":"muere-gary-mani-mounfield-bajista-de-the-stone-roses-y-de-primal-scream-a-los-63-anos-cultura","status":"publish","type":"post","link":"https:\/\/www.europesays.com\/es\/247794\/","title":{"rendered":"Muere Gary \u2018Mani\u2019 Mounfield, bajista de The Stone Roses y de Primal Scream, a los 63 a\u00f1os | Cultura"},"content":{"rendered":"<p class=\"\">De la importancia de Gary Mani Mounfield, que ha muerto a los 63 a\u00f1os, en la m\u00fasica brit\u00e1nica dan cuentan los muchos mensajes de m\u00fasicos esta ma\u00f1ana en sus redes sociales. Todos se pueden resumir en el escrito por el vocalista de Oasis, Liam Gallagher: \u201cEstoy totalmente conmocionado y absolutamente devastado al enterarme de la noticia sobre Mani, mi h\u00e9roe\u201d. El anuncio del fallecimiento del que fuera bajista primero de <a href=\"https:\/\/elpais.com\/icon\/2024-10-30\/podemos-ser-la-banda-mas-grande-de-todos-los-tiempos-la-caida-de-los-stone-roses-el-grupo-llamado-a-ser-los-nuevos-beatles.html\" target=\"_blank\" rel=\"noreferrer nofollow noopener\" title=\"https:\/\/elpais.com\/icon\/2024-10-30\/podemos-ser-la-banda-mas-grande-de-todos-los-tiempos-la-caida-de-los-stone-roses-el-grupo-llamado-a-ser-los-nuevos-beatles.html\">The Stone Roses<\/a> y luego de Primal Scream lo ofreci\u00f3 su familia a trav\u00e9s de redes sociales. Su hermano, Greg Mounfield, public\u00f3 en Facebook una foto del m\u00fasico con su esposa Imelda, que falleci\u00f3 en 2023 a causa de un c\u00e1ncer, y escribi\u00f3: \u201cCon el coraz\u00f3n lleno de pena, debo anunciar el triste fallecimiento de mi hermano Gary\u201d. Ten\u00eda 63 a\u00f1os y la familia no ha revelado la causa del deceso. The Times est\u00e1 informando de que el bajista falleci\u00f3 en su casa en Stockport, al noroeste de Inglaterra, tras \u201cdesplomarse\u201d. Mani hab\u00eda anunciado hace poco una larga gira de conferencias por el Reino Unido, desde septiembre de 2026 hasta junio de 2027, para hacer repaso de su carrera art\u00edstica. <\/p>\n<p>M\u00e1s informaci\u00f3n<\/p>\n<p class=\"\">Fan\u00e1tico del northern soul y del funk, su bajo ondulante result\u00f3 esencial para dotar de ritmo al pop brit\u00e1nico de finales de los noventa. Su participaci\u00f3n en el primer disco de The Stone Roses (The Stone Roses, 1989) fue b\u00e1sica para, junto con sus compa\u00f1eros, dotar de sustancia dance al pop brit\u00e1nico. El pop se hac\u00eda due\u00f1o de las raves y de las pistas de baile desde Manchester, el lugar de nacimiento de The Stone Roses. <\/p>\n<p class=\"\">Mounfield dej\u00f3 el colegio con 16 a\u00f1os. Su padre trabajaba como cocinero de la plantilla del Manchester United, equipo del que Mani siempre fue fan\u00e1tico; el club le despidi\u00f3 este viernes con estas palabras: \u201cUn \u00edcono de la m\u00fasica de Manchester y un apasionado hincha del United de toda la vida. Nuestro m\u00e1s sentido p\u00e9same a los seres queridos de Gary Mani Mounfield\u00bb. Con 18 a\u00f1os empez\u00f3 a formar bandas en Manchester con el guitarrista John Squire. Cuando se les uni\u00f3 Ian Brown a las voces adoptaron el nombre de The Stone Roses. Ofrecieron su primer concierto en 1984. <\/p>\n<p class=\"\">El primer \u00e1lbum de The Stones Roses, de 1989, dio nombre al movimiento Madchester y result\u00f3 la base sobre lo que luego se construy\u00f3 el britpop. Noel y Liam Gallagher confesaron que una de las cosas que les anim\u00f3 a formar Oasis fue asistir a un concierto de The Stones Roses. <\/p>\n<p class=\"\">Mounfield fue parte de la banda de rock The Stone Roses desde 1987 hasta 1996 y particip\u00f3 en sus discos oficiales. Tras la separaci\u00f3n del grupo, form\u00f3 parte de otras bandas y finalmente se uni\u00f3 al grupo escoc\u00e9s <a href=\"https:\/\/elpais.com\/cultura\/2013\/07\/20\/actualidad\/1374283387_903300.html\" target=\"_blank\" rel=\"noreferrer nofollow noopener\" title=\"https:\/\/elpais.com\/cultura\/2013\/07\/20\/actualidad\/1374283387_903300.html\">Primal Scream<\/a>, donde se mantuvo hasta 2011. Ese a\u00f1o volvi\u00f3 a reunirse con los Roses cuando <a href=\"https:\/\/elpais.com\/cultura\/2012\/07\/15\/actualidad\/1342324577_699281.html\" target=\"_blank\" rel=\"noreferrer nofollow noopener\" title=\"https:\/\/elpais.com\/cultura\/2012\/07\/15\/actualidad\/1342324577_699281.html\">volvieron a presentarse en vivo<\/a>. <\/p>\n<p class=\"\">Ante la muerte del bajista, Ian Brown, el vocalista de The Stone Roses, public\u00f3 en la red social X: \u201cDescansa en paz Mani X\u201d. ELa vocalista de Happy Mondays, Rowetta, ha asegurado: \u201cTe voy a extra\u00f1ar much\u00edsimo. Todo mi amor para los chicos, la familia y todos los que lo conocieron y amaron\u201d. Tim Burgess, de The Charlatans, lo despidi\u00f3 con: \u201cUno de los mejores en todos los sentidos; un amigo entra\u00f1able\u201d.<\/p>\n","protected":false},"excerpt":{"rendered":"De la importancia de Gary Mani Mounfield, que ha muerto a los 63 a\u00f1os, en la m\u00fasica brit\u00e1nica&hellip;\n","protected":false},"author":2,"featured_media":247795,"comment_status":"","ping_status":"","sticky":false,"template":"","format":"standard","meta":{"footnotes":""},"categories":[91],"tags":[55673,209,146,147,25,24,185,725,724,2444,1273,23,35887],"class_list":{"0":"post-247794","1":"post","2":"type-post","3":"status-publish","4":"format-standard","5":"has-post-thumbnail","7":"category-entretenimiento","8":"tag-bandas-musica","9":"tag-cultura","10":"tag-entertainment","11":"tag-entretenimiento","12":"tag-es","13":"tag-espana","14":"tag-musica","15":"tag-musicos","16":"tag-obituarios","17":"tag-reino-unido","18":"tag-rock","19":"tag-spain","20":"tag-the-stone-roses"},"share_on_mastodon":{"url":"https:\/\/pubeurope.com\/@es\/115586920893114014","error":""},"_links":{"self":[{"href":"https:\/\/www.europesays.com\/es\/wp-json\/wp\/v2\/posts\/247794","targetHints":{"allow":["GET"]}}],"collection":[{"href":"https:\/\/www.europesays.com\/es\/wp-json\/wp\/v2\/posts"}],"about":[{"href":"https:\/\/www.europesays.com\/es\/wp-json\/wp\/v2\/types\/post"}],"author":[{"embeddable":true,"href":"https:\/\/www.europesays.com\/es\/wp-json\/wp\/v2\/users\/2"}],"replies":[{"embeddable":true,"href":"https:\/\/www.europesays.com\/es\/wp-json\/wp\/v2\/comments?post=247794"}],"version-history":[{"count":0,"href":"https:\/\/www.europesays.com\/es\/wp-json\/wp\/v2\/posts\/247794\/revisions"}],"wp:featuredmedia":[{"embeddable":true,"href":"https:\/\/www.europesays.com\/es\/wp-json\/wp\/v2\/media\/247795"}],"wp:attachment":[{"href":"https:\/\/www.europesays.com\/es\/wp-json\/wp\/v2\/media?parent=247794"}],"wp:term":[{"taxonomy":"category","embeddable":true,"href":"https:\/\/www.europesays.com\/es\/wp-json\/wp\/v2\/categories?post=247794"},{"taxonomy":"post_tag","embeddable":true,"href":"https:\/\/www.europesays.com\/es\/wp-json\/wp\/v2\/tags?post=247794"}],"curies":[{"name":"wp","href":"https:\/\/api.w.org\/{rel}","templated":true}]}}