{"id":247800,"date":"2025-11-21T09:15:11","date_gmt":"2025-11-21T09:15:11","guid":{"rendered":"https:\/\/www.europesays.com\/es\/247800\/"},"modified":"2025-11-21T09:15:11","modified_gmt":"2025-11-21T09:15:11","slug":"una-jueza-federal-declara-ilegal-el-despliegue-de-la-guardia-nacional-en-washington-dc","status":"publish","type":"post","link":"https:\/\/www.europesays.com\/es\/247800\/","title":{"rendered":"Una jueza federal declara ilegal el despliegue de la Guardia Nacional en Washington DC"},"content":{"rendered":"<p>Desde agosto, unos 2.000 efectivos de la Guardia Nacional patrullan la capital de EE UU, como parte del operativo que Donald Trump denomin\u00f3 \u00abMake  &#8230; DC Safe and Beautiful\u00bb (Hagamos a DC Seguro y Bonito). La jueza Jia M. Cobb determin\u00f3 este jueves que ese despliegue es ilegal, porque el presidente est\u00e1 usurpando las funciones de autogobierno que el Congreso otorg\u00f3 a Washington DC en 1973.<\/p>\n<p class=\"v-p\">Con todo, la sentencia que repic\u00f3 por todo el pa\u00eds no ordena la retirada inmediata de los militares, sino que da al gobierno 21 d\u00edas para que reconsidere su decisi\u00f3n o apele, que es lo que probablemente ocurra. A estas alturas no hay prisa, porque la jueza cree que el uso de militares para labores policiales ya ha causado \u00abun perjuicio irreparable\u00bb a los poderes soberanos de la ciudad bajo la Ley de Autogobierno (Home Rule Act), \u00abque est\u00e1n siendo usurpados por las acciones ilegales de los demandados.\u00bb <\/p>\n<p class=\"v-p\">Trump lanz\u00f3 el operativo tras ver en las redes sociales la foto del joven de 19 a\u00f1os Edward Coristine, quien fue v\u00edctima de un asalto un s\u00e1bado a las cuatro de la madrugada, cuando dos adolescentes intentaron robarle el coche. Como parte del equipo de intocables que Elon Musk llev\u00f3 al llamado Departamento de Eficiencia Gubernamental, el apodo de \u00abBig Balls\u00bb que le hab\u00edan puesto sus compa\u00f1eros en el ambiente testoster\u00f3nico del nuevo gobierno contrastaba con el aspecto desvalido y descamisado con el que aparec\u00eda sentado en el suelo, limpi\u00e1ndose la nariz ensangrentada con la camiseta.<\/p>\n<p class=\"v-p\">\u00abEl crimen en Washington est\u00e1 totalmente fuera de control\u00bb, decidi\u00f3 el presidente, para justificar el despliegue de la Guardia Nacional. Seg\u00fan un informe oficial del Metropolitan Police Department of the District of Columbia (MPD), los delitos violentos ya hab\u00edan ca\u00eddo un 26% respecto al a\u00f1o anterior, cuando a su vez se hab\u00eda producido un descenso del 35% con respecto a 2023. Seg\u00fan el Washington Post, el gobierno de Trump ya ten\u00eda preparada la orden ejecutiva \u00abpara hacer frente a la epidemia de delincuencia\u00bb a falta de una excusa. La que le proporcion\u00f3 Big Balls.<\/p>\n<p class=\"v-p\">La ley le autorizaba a desplegar a los militares en la capital federal en caso de emergencia para restablecer el orden y proteger las instalaciones del gobierno federal, pero el plazo de 30 d\u00edas expir\u00f3 a final de septiembre, sin que se hayan retirado los efectivos, a los que se hab\u00edan a\u00f1adido tropas de otros estados. El rotativo de la capital asegura que, internamente, el presidente ha extendido esa misi\u00f3n hasta final de febrero. En la orden ejecutiva el presidente dejaba abierto el plazo, que durar\u00eda: \u00ab\u2026 Hasta que yo determine que se han restablecido las condiciones de ley y orden\u00bb, escribi\u00f3.<\/p>\n<p class=\"v-p\">La jueza, sin embargo, ha considerado que su presencia viola varias leyes y que el presidente carec\u00eda de autoridad para enviar all\u00ed tropas de otros estados. \u00abEsta intromisi\u00f3n federal sin precedentes no es normal ni legal\u00bb, contest\u00f3 satisfecho el fiscal general dem\u00f3crata de Washington DC un comunicado. \u00abYa es m\u00e1s que hora de permitir que la Guardia Nacional vuelva a casa: a sus vidas cotidianas, a sus trabajos habituales, a sus familias y a sus hijos\u00bb. La decisi\u00f3n, previsiblemente, queda en manos del Tribunal de Apelaciones y puede que del Supremo<\/p>\n","protected":false},"excerpt":{"rendered":"Desde agosto, unos 2.000 efectivos de la Guardia Nacional patrullan la capital de EE UU, como parte del&hellip;\n","protected":false},"author":2,"featured_media":247801,"comment_status":"","ping_status":"","sticky":false,"template":"","format":"standard","meta":{"footnotes":""},"categories":[42],"tags":[17,18,2797,12022,13,14,26619,2803,11,4771,61,62,63,64,9864,19,20,813,9,10,15,16,12,21,22,1056,65,66,67],"class_list":{"0":"post-247800","1":"post","2":"type-post","3":"status-publish","4":"format-standard","5":"has-post-thumbnail","7":"category-internacional","8":"tag-breaking-news","9":"tag-breakingnews","10":"tag-declara","11":"tag-despliegue","12":"tag-featured-news","13":"tag-featurednews","14":"tag-federal","15":"tag-guardia","16":"tag-headlines","17":"tag-ilegal","18":"tag-internacional","19":"tag-international","20":"tag-international-news","21":"tag-internationalnews","22":"tag-jueza","23":"tag-latest-news","24":"tag-latestnews","25":"tag-nacional","26":"tag-news","27":"tag-noticias","28":"tag-noticias-destacadas","29":"tag-noticiasdestacadas","30":"tag-titulares","31":"tag-ultimas-noticias","32":"tag-ultimasnoticias","33":"tag-washington","34":"tag-world","35":"tag-world-news","36":"tag-worldnews"},"share_on_mastodon":{"url":"https:\/\/pubeurope.com\/@es\/115586932949781727","error":""},"_links":{"self":[{"href":"https:\/\/www.europesays.com\/es\/wp-json\/wp\/v2\/posts\/247800","targetHints":{"allow":["GET"]}}],"collection":[{"href":"https:\/\/www.europesays.com\/es\/wp-json\/wp\/v2\/posts"}],"about":[{"href":"https:\/\/www.europesays.com\/es\/wp-json\/wp\/v2\/types\/post"}],"author":[{"embeddable":true,"href":"https:\/\/www.europesays.com\/es\/wp-json\/wp\/v2\/users\/2"}],"replies":[{"embeddable":true,"href":"https:\/\/www.europesays.com\/es\/wp-json\/wp\/v2\/comments?post=247800"}],"version-history":[{"count":0,"href":"https:\/\/www.europesays.com\/es\/wp-json\/wp\/v2\/posts\/247800\/revisions"}],"wp:featuredmedia":[{"embeddable":true,"href":"https:\/\/www.europesays.com\/es\/wp-json\/wp\/v2\/media\/247801"}],"wp:attachment":[{"href":"https:\/\/www.europesays.com\/es\/wp-json\/wp\/v2\/media?parent=247800"}],"wp:term":[{"taxonomy":"category","embeddable":true,"href":"https:\/\/www.europesays.com\/es\/wp-json\/wp\/v2\/categories?post=247800"},{"taxonomy":"post_tag","embeddable":true,"href":"https:\/\/www.europesays.com\/es\/wp-json\/wp\/v2\/tags?post=247800"}],"curies":[{"name":"wp","href":"https:\/\/api.w.org\/{rel}","templated":true}]}}