{"id":247806,"date":"2025-11-21T09:22:11","date_gmt":"2025-11-21T09:22:11","guid":{"rendered":"https:\/\/www.europesays.com\/es\/247806\/"},"modified":"2025-11-21T09:22:11","modified_gmt":"2025-11-21T09:22:11","slug":"carlos-alcaraz-y-su-equipo-optan-a-un-titulo-mas-antes-del-final-de-temporada","status":"publish","type":"post","link":"https:\/\/www.europesays.com\/es\/247806\/","title":{"rendered":"Carlos Alcaraz y su equipo optan a un t\u00edtulo m\u00e1s antes del final de temporada"},"content":{"rendered":"<p class=\"ft-text\"><strong>Carlos Alcaraz<\/strong>, que ha acabado ya su temporada al quedar <a class=\"ft-link ft-link--decoration\" href=\"https:\/\/www.sport.es\/es\/noticias\/tenis\/cuadro-copa-davis-2025-cruces-semifinales-selecciones-rival-espana-123944387\" rel=\"nofollow noopener\" target=\"_blank\">fuera de la Copa Davis por lesi\u00f3n<\/a>, y sus entrenadores Juan Carlos Ferrero y Samu L\u00f3pez podr\u00edan cerrar un a\u00f1o brillante con un \u00faltimo reconocimiento. Los tres aparecen en la lista de candidatos en diferentes categor\u00edas <strong>de los Premios ATP <\/strong>que se dar\u00e1n a conocer el pr\u00f3ximo 8 de diciembre.<\/p>\n<p class=\"ft-text\">El tenista murciano opta<strong> al\u00a0&#8216;Premio Stefan Edberg a la deportividad&#8217; <\/strong>con el que el organismo ten\u00edstico reconoce distingue\u00bbal jugador que, a lo largo del a\u00f1o, ha mostrado el nivel m\u00e1s alto de profesionalidad e integridad, que compite con sus compa\u00f1eros con un esp\u00edritu ejemplar de juego limpio y promociona este deporte con sus acciones fuera de la pista\u00bb. El murciano comparte nominaci\u00f3n en este apartado con el canadiense <strong>Felix Auger-Aliassime, el b\u00falgaro Grigor Dimitrov y el noruego Casper Ruud. <\/strong>El de El Palmar fue el ganador de este reconocimiento en 2023.<\/p>\n<p class=\"ft-text\">Por primera vez, este premio, as\u00ed como el de Revelaci\u00f3n, estar\u00e1 decidido por\u00a0los miembros del Club de los No. 1 ATP \u2014los 29 jugadores en activo y antiguos que han alcanzado el No. 1 del mundo.<\/p>\n<p class=\"ft-text\">Por su parte, <strong>Juan Carlos Ferrero y Samu L\u00f3pez<\/strong> optan de forma conjunto al galard\u00f3n de &#8216;Entrenador del a\u00f1o&#8217; con el que se premia al entrenador que ayud\u00f3 a su jugador a alcanzar el nivel m\u00e1s alto de rendimiento durante el a\u00f1o. En este apartado compiten con el equipo t\u00e9cnico de Jannik Sinner, Darren Cahill y Simone Vagnozzi; adem\u00e1s del entrenador del sorprendente campe\u00f3n del Masters 1.000 de Shanghai,<strong> Valentin Vacherot, Benjamin Balleret; y Bryan Shelton, entrenador de Ben Shelton, y Frederic Fontang, preparador de Felix Auger-Aliassime. <\/strong>En esta categor\u00eda ser\u00e1n los propios<strong> compa\u00f1eros de profesi\u00f3n los que determinar\u00e1n el ganador.<\/strong><\/p>\n<p>Juventud y veteran\u00eda para la &#8216;Revelaci\u00f3n del a\u00f1o&#8217;<\/p>\n<p class=\"ft-text\">El tercero de los premios que otorga la ATP est\u00e1 dirigido al tenista &#8216;Revelaci\u00f3n del a\u00f1o&#8217;. Este apartado est\u00e1 dirigido al jugador que ha logrado el mayor progreso durante la temporada ATP Tour, valorando grandes victorias, ascensos significativos en el PIF ATP Rankings y su primer t\u00edtulo ATP Tour y aunque no tiene restricci\u00f3n de edad suele estar dirigido, seg\u00fan informa el organismo, a tenistas de la &#8216;Next Gen&#8217;.<strong> Jack Draper, Joao Fonseca, Jakub Mensik y Valentin Vacherot, a sus 27 a\u00f1os, <\/strong>optan a este t\u00edtulo.<\/p>\n<p class=\"ft-text\">Por \u00faltimo, existe una cuarta categor\u00eda para el &#8216;Favorito de los aficionados&#8217;, elegido por votaci\u00f3n popular en un proceso abierto a trav\u00e9s de los medios oficiales de la ATP hasta el 21 de noviembre. Los nominados a la Revelaci\u00f3n del a\u00f1o y al premio\u00a0Stefan Edberg\u00a0a la deportividad se deciden a trav\u00e9s de los votos de la<strong> Asociaci\u00f3n Internacional de periodistas de tenis (ITWA),<\/strong> mientras que los elegidos para el Entrenador del a\u00f1o dependen<strong> de una primera votaci\u00f3n de los miembros de ATP Coach.<\/strong><\/p>\n<p class=\"ft-text\">Los ganadores de los galardones se conocer\u00e1n en la \u2018Semana de los Premios, que comienza a partir del pr\u00f3ximo 8 de diciembre.\u00a0<\/p>\n","protected":false},"excerpt":{"rendered":"Carlos Alcaraz, que ha acabado ya su temporada al quedar fuera de la Copa Davis por lesi\u00f3n, y&hellip;\n","protected":false},"author":2,"featured_media":247807,"comment_status":"","ping_status":"","sticky":false,"template":"","format":"standard","meta":{"footnotes":""},"categories":[274],"tags":[4736,1691,168,25,24,8315,23,167,327,326],"class_list":{"0":"post-247806","1":"post","2":"type-post","3":"status-publish","4":"format-standard","5":"has-post-thumbnail","7":"category-tenis","8":"tag-alcaraz","9":"tag-atp","10":"tag-deportes","11":"tag-es","12":"tag-espana","13":"tag-revelacion","14":"tag-spain","15":"tag-sports","16":"tag-tenis","17":"tag-tennis"},"share_on_mastodon":{"url":"https:\/\/pubeurope.com\/@es\/115586960334337908","error":""},"_links":{"self":[{"href":"https:\/\/www.europesays.com\/es\/wp-json\/wp\/v2\/posts\/247806","targetHints":{"allow":["GET"]}}],"collection":[{"href":"https:\/\/www.europesays.com\/es\/wp-json\/wp\/v2\/posts"}],"about":[{"href":"https:\/\/www.europesays.com\/es\/wp-json\/wp\/v2\/types\/post"}],"author":[{"embeddable":true,"href":"https:\/\/www.europesays.com\/es\/wp-json\/wp\/v2\/users\/2"}],"replies":[{"embeddable":true,"href":"https:\/\/www.europesays.com\/es\/wp-json\/wp\/v2\/comments?post=247806"}],"version-history":[{"count":0,"href":"https:\/\/www.europesays.com\/es\/wp-json\/wp\/v2\/posts\/247806\/revisions"}],"wp:featuredmedia":[{"embeddable":true,"href":"https:\/\/www.europesays.com\/es\/wp-json\/wp\/v2\/media\/247807"}],"wp:attachment":[{"href":"https:\/\/www.europesays.com\/es\/wp-json\/wp\/v2\/media?parent=247806"}],"wp:term":[{"taxonomy":"category","embeddable":true,"href":"https:\/\/www.europesays.com\/es\/wp-json\/wp\/v2\/categories?post=247806"},{"taxonomy":"post_tag","embeddable":true,"href":"https:\/\/www.europesays.com\/es\/wp-json\/wp\/v2\/tags?post=247806"}],"curies":[{"name":"wp","href":"https:\/\/api.w.org\/{rel}","templated":true}]}}