{"id":247812,"date":"2025-11-21T09:26:10","date_gmt":"2025-11-21T09:26:10","guid":{"rendered":"https:\/\/www.europesays.com\/es\/247812\/"},"modified":"2025-11-21T09:26:10","modified_gmt":"2025-11-21T09:26:10","slug":"el-burgos-cf-tendra-un-presupuesto-de-14-millones-de-euros","status":"publish","type":"post","link":"https:\/\/www.europesays.com\/es\/247812\/","title":{"rendered":"El Burgos CF tendr\u00e1 un presupuesto de 14 millones de euros"},"content":{"rendered":"<p>El Burgos Club de F\u00fatbol tendr\u00e1 un presupuesto cercano a los 14 millones de euros para la temporada 2025-2026. Esta es la cifra que presentar\u00e1 Marcelo Figoli en la junta general de\u00a0 accionistas que se celebrar\u00e1 el lunes 24 de noviembre. Adem\u00e1s tambi\u00e9n hablar\u00e1 de las p\u00e9rdidas de la \u00faltima campa\u00f1a 2024-2025, que rondar\u00e1n los 3,2 millones de euros.<\/p>\n<p>De ese presupuesto, la partida mayor corresponde a los gastos en plantilla y cuadro t\u00e9cnico, con una cifra de 8,5 millones de euros.<\/p>\n<p>En cuanto a las p\u00e9rdidas, Marcelo Figoli las justific\u00f3 en los mayores gastos que hubo que afrontar tras los ascensos del filial a Segunda RFEF y del equipo femenino, tambi\u00e9n a Segunda RFEF. Adem\u00e1s, se incrementaron los gastos por el cambio en el banquillo, tras el despido de Jon P\u00e9rez Bolo y sus ayudantes y la llegada de Luis Miguel Ramis y un nuevo cuadro t\u00e9cnico. Por \u00faltimo, se increment\u00f3 el l\u00edmite salarial.<\/p>\n<p>Record\u00f3 Figoli que la ampliaci\u00f3n de capital que se llev\u00f3 a cabo la pasada campa\u00f1a no se utilizar\u00e1 para reducir esta deuda, en parte generada tambi\u00e9n por el CVC. Y explic\u00f3 que el l\u00edmite salarial aprobado para esta campa\u00f1a, de 8,5 millones de euros, est\u00e1 sin utilizar en su totalidad y ser\u00e1 el director deportivo, Michu, el que decida si emplear lo que queda en el pr\u00f3ximo mercado de invierno.<\/p>\n<p>En la junta general de accionistas se presentar\u00e1n todas las cuentas y tambi\u00e9n se atender\u00e1 a las cuestiones que planteen los peque\u00f1os accionistas.<\/p>\n<p>En el cap\u00edtulo de ingresos est\u00e1 el traspaso de Anderson Arroyo, que dej\u00f3 en las arcas del Burgos m\u00e1s de un mill\u00f3n de euros, aunque este ingreso deber\u00e1 aparecer en las cuentas de la temporada 2025-2026. \u00abEspero que la temporada 2025-2026 sea diferente\u00bb, declar\u00f3 Figoli en relaci\u00f3n al cap\u00edtulo de p\u00e9rdidas.<\/p>\n<p><strong>(M\u00e1s informaci\u00f3n, en la edici\u00f3n impresa de este viernes de Diario de Burgos o <a href=\"https:\/\/suscripciones.promecal.es\/DIARIODEBURGOS\" target=\"_blank\" rel=\"nofollow noopener\">aqu\u00ed<\/a>)<\/strong><\/p>\n","protected":false},"excerpt":{"rendered":"El Burgos Club de F\u00fatbol tendr\u00e1 un presupuesto cercano a los 14 millones de euros para la temporada&hellip;\n","protected":false},"author":2,"featured_media":247813,"comment_status":"","ping_status":"","sticky":false,"template":"","format":"standard","meta":{"footnotes":""},"categories":[268],"tags":[10599,10221,168,20356,25,24,280,282,16524,59793,5931,25093,20634,281,23,167],"class_list":{"0":"post-247812","1":"post","2":"type-post","3":"status-publish","4":"format-standard","5":"has-post-thumbnail","7":"category-futbol","8":"tag-accionistas","9":"tag-burgos-cf","10":"tag-deportes","11":"tag-despidos","12":"tag-es","13":"tag-espana","14":"tag-football","15":"tag-futbol","16":"tag-luis-miguel-ramis","17":"tag-marcelo-figoli","18":"tag-michu","19":"tag-real-federacion-espanola-de-futbol","20":"tag-segunda-rfef","21":"tag-soccer","22":"tag-spain","23":"tag-sports"},"share_on_mastodon":{"url":"https:\/\/pubeurope.com\/@es\/115586975946010279","error":""},"_links":{"self":[{"href":"https:\/\/www.europesays.com\/es\/wp-json\/wp\/v2\/posts\/247812","targetHints":{"allow":["GET"]}}],"collection":[{"href":"https:\/\/www.europesays.com\/es\/wp-json\/wp\/v2\/posts"}],"about":[{"href":"https:\/\/www.europesays.com\/es\/wp-json\/wp\/v2\/types\/post"}],"author":[{"embeddable":true,"href":"https:\/\/www.europesays.com\/es\/wp-json\/wp\/v2\/users\/2"}],"replies":[{"embeddable":true,"href":"https:\/\/www.europesays.com\/es\/wp-json\/wp\/v2\/comments?post=247812"}],"version-history":[{"count":0,"href":"https:\/\/www.europesays.com\/es\/wp-json\/wp\/v2\/posts\/247812\/revisions"}],"wp:featuredmedia":[{"embeddable":true,"href":"https:\/\/www.europesays.com\/es\/wp-json\/wp\/v2\/media\/247813"}],"wp:attachment":[{"href":"https:\/\/www.europesays.com\/es\/wp-json\/wp\/v2\/media?parent=247812"}],"wp:term":[{"taxonomy":"category","embeddable":true,"href":"https:\/\/www.europesays.com\/es\/wp-json\/wp\/v2\/categories?post=247812"},{"taxonomy":"post_tag","embeddable":true,"href":"https:\/\/www.europesays.com\/es\/wp-json\/wp\/v2\/tags?post=247812"}],"curies":[{"name":"wp","href":"https:\/\/api.w.org\/{rel}","templated":true}]}}