{"id":247814,"date":"2025-11-21T09:27:14","date_gmt":"2025-11-21T09:27:14","guid":{"rendered":"https:\/\/www.europesays.com\/es\/247814\/"},"modified":"2025-11-21T09:27:14","modified_gmt":"2025-11-21T09:27:14","slug":"la-presentadora-patricia-conde-visita-lanzarote-para-rodar-en-la-isla","status":"publish","type":"post","link":"https:\/\/www.europesays.com\/es\/247814\/","title":{"rendered":"La presentadora Patricia Conde visita Lanzarote para rodar en la isla"},"content":{"rendered":"<p>La presentadora de televisi\u00f3n, actriz y c\u00f3mica Patricia Conde<strong> se encuentra estos d\u00edas en Lanzarote<\/strong> en lo que parece una visita para rodar alg\u00fan proyecto que la vallisoletana tiene entre manos.<\/p>\n<p>En algunas im\u00e1genes publicadas en redes sociales se puede ver a Conde<strong> con la conocida Juana Saavedra<\/strong> en Fem\u00e9s y en una zodiac junto a un<strong> equipo de grabaci\u00f3n <\/strong>en el Puerto Marina Rubic\u00f3n, en Playa Blanca.<\/p>\n<p><img decoding=\"async\" loading=\"lazy\" alt=\"WhatsApp Image 2025 11 21 at 09.33.50\" data-id=\"3624078\" data-resize=\"1\" height=\"440\" src=\"https:\/\/www.europesays.com\/es\/wp-content\/uploads\/2025\/11\/whatsapp-image-2025-11-21-at-09-33-50_1_766x440.jpeg\" title=\"WhatsApp Image 2025 11 21 at 09.33.50\" width=\"766\"\/>\u00a0<\/p>\n<p>Patricia Conde es conocida por colaborar en el programa\u00a0El informal\u00a0y <strong>presentar el famoso programa de humor\u00a0S\u00e9 lo que hicisteis&#8230;<\/strong>\u00a0de\u00a0LaSexta. En su faceta de actriz, durante 2015 y 2016 interpret\u00f3 el personaje de\u00a0Loly en\u00a0Gym Tony, de\u00a0Cuatro, y en 2016 interpret\u00f3 a M\u00f3nica en la serie del\u00a0Chiringuito de Pepe\u00a0de\u00a0Telecinco.<\/p>\n<p><img decoding=\"async\" loading=\"lazy\" alt=\"Patricia Conde con Juana Saavedra\" data-id=\"3623936\" data-resize=\"1\" height=\"440\" src=\"https:\/\/www.europesays.com\/es\/wp-content\/uploads\/2025\/11\/img-5106h_1_766x440.jpeg\" title=\"Patricia Conde con Juana Saavedra\" width=\"766\"\/><\/p>\n<p>Patricia Conde con Juana Saavedra<\/p>\n","protected":false},"excerpt":{"rendered":"La presentadora de televisi\u00f3n, actriz y c\u00f3mica Patricia Conde se encuentra estos d\u00edas en Lanzarote en lo que&hellip;\n","protected":false},"author":2,"featured_media":247815,"comment_status":"","ping_status":"","sticky":false,"template":"","format":"standard","meta":{"footnotes":""},"categories":[174],"tags":[255,146,147,25,24,256,23],"class_list":{"0":"post-247814","1":"post","2":"type-post","3":"status-publish","4":"format-standard","5":"has-post-thumbnail","7":"category-famosos","8":"tag-celebrities","9":"tag-entertainment","10":"tag-entretenimiento","11":"tag-es","12":"tag-espana","13":"tag-famosos","14":"tag-spain"},"share_on_mastodon":{"url":"https:\/\/pubeurope.com\/@es\/115586980192631915","error":""},"_links":{"self":[{"href":"https:\/\/www.europesays.com\/es\/wp-json\/wp\/v2\/posts\/247814","targetHints":{"allow":["GET"]}}],"collection":[{"href":"https:\/\/www.europesays.com\/es\/wp-json\/wp\/v2\/posts"}],"about":[{"href":"https:\/\/www.europesays.com\/es\/wp-json\/wp\/v2\/types\/post"}],"author":[{"embeddable":true,"href":"https:\/\/www.europesays.com\/es\/wp-json\/wp\/v2\/users\/2"}],"replies":[{"embeddable":true,"href":"https:\/\/www.europesays.com\/es\/wp-json\/wp\/v2\/comments?post=247814"}],"version-history":[{"count":0,"href":"https:\/\/www.europesays.com\/es\/wp-json\/wp\/v2\/posts\/247814\/revisions"}],"wp:featuredmedia":[{"embeddable":true,"href":"https:\/\/www.europesays.com\/es\/wp-json\/wp\/v2\/media\/247815"}],"wp:attachment":[{"href":"https:\/\/www.europesays.com\/es\/wp-json\/wp\/v2\/media?parent=247814"}],"wp:term":[{"taxonomy":"category","embeddable":true,"href":"https:\/\/www.europesays.com\/es\/wp-json\/wp\/v2\/categories?post=247814"},{"taxonomy":"post_tag","embeddable":true,"href":"https:\/\/www.europesays.com\/es\/wp-json\/wp\/v2\/tags?post=247814"}],"curies":[{"name":"wp","href":"https:\/\/api.w.org\/{rel}","templated":true}]}}