{"id":247820,"date":"2025-11-21T09:34:14","date_gmt":"2025-11-21T09:34:14","guid":{"rendered":"https:\/\/www.europesays.com\/es\/247820\/"},"modified":"2025-11-21T09:34:14","modified_gmt":"2025-11-21T09:34:14","slug":"cuba-se-hunde-en-una-crisis-sanitaria-sin-precedentes-por-una-ola-de-infecciones-transmitidas-por-mosquitos-que-arrasa-la-isla","status":"publish","type":"post","link":"https:\/\/www.europesays.com\/es\/247820\/","title":{"rendered":"Cuba se hunde en una crisis sanitaria sin precedentes por una ola de infecciones transmitidas por mosquitos que arrasa la isla"},"content":{"rendered":"<p style=\"\">Desde hace m\u00e1s de dos meses Cuba enfrenta una crisis sanitaria nunca antes vista. Una <a href=\"https:\/\/www.abc.es\/sociedad\/transmite-dengue-atento-sintomas-claves-detectarlo-20230906035506-nt.html\" target=\"_self\" data-voc-vtm-id=\"in-text-traffic\" title=\"epidemia de dengue\" data-mrf-link=\"www.abc.es\" rel=\"nofollow noopener\">epidemia de dengue<\/a>, chikungunya y oropouche, con miles de casos semanales, est\u00e1 barriendo el pa\u00eds. Esta emergencia se suma a la energ\u00e9tica, demogr\u00e1fica, alimentaria y la que subyace debajo  &#8230; de todas ellas, <a href=\"https:\/\/www.abc.es\/internacional\/mendigos-cuba-evidencia-pobreza-extrema-20250717184656-nt.html\" target=\"_self\" data-voc-vtm-id=\"in-text-traffic\" title=\"la econ\u00f3mica\" data-mrf-link=\"www.abc.es\" rel=\"nofollow noopener\">la econ\u00f3mica<\/a>.<\/p>\n<p class=\"voc-p\" style=\"\">\u00abEn mi barrio ya han muerto tres personas, entre ellos mi t\u00eda, todos despu\u00e9s de contagiarse con uno de estos virus\u00bb, declara a ABC Alfredo C\u00e9spedes, m\u00e9dico residente en La Habana. \u00abTodos mis vecinos tambi\u00e9n se han enfermado, y yo estaba sano hasta dos d\u00edas\u00bb, lamenta, a la vez que indica que se siente \u00abmuy mal\u00bb y que \u00abapenas me puedo levantar de la cama\u00bb. <a href=\"https:\/\/www.abc.es\/sociedad\/20140903\/abci-diferencias-virus-africa-ebola-201409031317.html\" target=\"_self\" data-voc-vtm-id=\"in-text-traffic\" title=\"Entre los s\u00edntomas\" data-mrf-link=\"www.abc.es\" rel=\"nofollow noopener\">Entre los s\u00edntomas<\/a> que sufren los infectados se cuentan fiebre alta, dolores intenso, inflamaciones musculares, sarpullidos y diarrea. <\/p>\n<p class=\"voc-p\" style=\"\">Seg\u00fan reconoci\u00f3 el Gobierno cubano, que hasta ahora hab\u00eda publicado datos con cuentagotas, m\u00e1s del 30% de la poblaci\u00f3n cubana se ha contagiado de dengue y\/o chikungunya.  El director  director nacional de Epidemiolog\u00eda del Ministerio de Salud (Minsap), Francisco Dur\u00e1n Garc\u00eda, ha calificado la situaci\u00f3n como el \u00abprincipal problema\u00bb de la isla. <\/p>\n<p class=\"voc-p\" style=\"\">Por su parte, la gravedad de la situaci\u00f3n tambi\u00e9n fue expuesta recientemente por la Organizaci\u00f3n Panamericana de la Salud (OPS). Seg\u00fan datos de la entidad, Cuba se ha convertido en el pa\u00eds de las Am\u00e9ricas con mayor incidencia de chikungunya en lo que va de a\u00f1o, con un promedio de 700 casos nuevos diarios en octubre. En 2025, Cuba tambi\u00e9n presenta la mayor tasa de <a href=\"https:\/\/www.abc.es\/sociedad\/europa-alerta-virus-oropouche-tras-detectar-casos-20240809150805-nt.html\" target=\"_self\" data-voc-vtm-id=\"in-text-traffic\" title=\"incidencia de oropouche\" data-mrf-link=\"www.abc.es\" rel=\"nofollow noopener\">incidencia de oropouche<\/a> en las Am\u00e9ricas, muy por encima de Panam\u00e1 y de Brasil. <\/p>\n<p class=\"voc-p\" style=\"\">Esta misma semana, en tan solo una jornada, las autoridades sanitarias registraron m\u00e1s de 3.100 casos nuevos sospechosos de chikungunya en todo el pa\u00eds, una cifra que refleja el grave escenario epidemiol\u00f3gico en la Isla. Pese a que la agencia de noticias Efe indica que actualmente hay 47.125 enfermos ingresados, Dur\u00e1n Garc\u00eda indicado por su parte que solo hay 2.216 pacientes ingresados, mientras 63 enfermos est\u00e1n en salas de terapia intensiva, con 44 casos graves y 19 pacientes en estado cr\u00edtico, todos menores de 18 a\u00f1os, lo que confirma el fuerte impacto en la poblaci\u00f3n infantil.<\/p>\n<p class=\"voc-p\" style=\"\">No obstante, Dur\u00e1n tambi\u00e9n admite que los datos oficiales no captan la magnitud real del problema. \u00abLas cifras que se recogen en las estad\u00edsticas (\u2026) no siempre se corresponden con la realidad\u00bb, advierte, al se\u00f1alar que muchas enfermos no acuden al m\u00e9dico y, por tanto, no aparecen en los registros.<\/p>\n<p>\nSistema de salud colapsados\n<\/p>\n<p class=\"voc-p\" style=\"\">Esta semana han trascendido fotograf\u00edas del Hospital Provincial Carlos Manuel de C\u00e9spedes, en Bayamo, en las que se muestran salas saturadas, pasillos repletos de personas, pacientes acostados directamente en el suelo, enfermeras arrodilladas para poder atenderlos y sueros colocados a nivel del suelo por la ausencia de soportes. Las im\u00e1genes aumentaron las alarmas sobre el deterioro y el colapso del sistema de salud en el pa\u00eds. <\/p>\n<p class=\"voc-p\" style=\"\">\u00abEn mi familia todos pasamos el virus, ni siquiera supimos cu\u00e1l era porque cuando fuimos al hospital no ten\u00edan recursos para hacernos los an\u00e1lisis pertinentes para el diagn\u00f3stico, tampoco ten\u00edan medicamentos para bajar la fiebre y para los sueros \u2014porque hab\u00eda pacientes deshidratados\u2014 hab\u00eda que hacer cola\u00bb, relata Zoraida Garc\u00eda. <\/p>\n<p class=\"voc-p\" style=\"\">Desde Matanzas, una de las provincias m\u00e1s afectadas, Esther dice que ella y su hija lo est\u00e1n pasando muy mal: \u00abDecidimos no ir al m\u00e9dico. \u00bfPara qu\u00e9? Si no tienen nada. En la farmacia tampoco encuentras los medicamentos; mi familia en Miami me tuvo que enviar lo necesario para los dolores y la fiebre; tengo amigos que han tenido que comprar las medicinas en el mercado informal y a precios elevad\u00edsimos\u00bb, lamenta. <\/p>\n<p>\nAumento de muertes\n<\/p>\n<p class=\"voc-p\" style=\"\">Aunque las autoridades solo han admitido tres muertes por dengue en lo que va de 2025, especialistas del sector consultados por ABC afirman que deben ser muchos m\u00e1s. Un m\u00e9dico explic\u00f3 que estas cifras suelen ser manipuladas por el r\u00e9gimen para no levantar las alarmas ni exponer las deficiencias. <\/p>\n<p class=\"voc-p\" style=\"\">\u00abEl paciente llega al hospital con fiebre, eso puede deberse a diferentes factores, pero no podemos saber si es por el virus o no porque no se est\u00e1n haciendo las pruebas. Como m\u00e9dicos, teniendo en cuenta otros s\u00edntomas, sabemos que se trata de uno de esos virus. Ahora, el paciente puede desarrollar complicaciones propias del virus y fallecer, pero en el acta de defunci\u00f3n se pone como causa de muerte, por ejemplo, paro card\u00edaco\u00bb, expone uno de los m\u00e9dicos consultados. <\/p>\n<p class=\"voc-p\" style=\"\">En medio de esta situaci\u00f3n, llegan igualmente denuncias de la red de servicios funerarios, quienes estar\u00edan enfrentando un colapso, incluso superior a los niveles de la pandemia de COVID-19. Entre los reportes se cuentan: demoras de hasta 14 horas para recoger y sepultar cad\u00e1veres, funerarias desbordadas y un d\u00e9ficit cr\u00f3nico de recursos.<\/p>\n<p class=\"voc-p\" style=\"\">\u00abLa Habana est\u00e1 colapsada\u00bb, afirm\u00f3 a &#8216;Mart\u00ed Noticias&#8217; una administradora de la Base Central de Necrolog\u00eda de La Habana, entidad encargada de distribuir los carros f\u00fanebres a 24 funerarias de la capital. Seg\u00fan la fuente, hay m\u00e1s de 160 muertos diarios y los trabajadores funerarios no dan abasto con los escasos recursos que tienen disponibles.  \u00abNo nos han dado la informaci\u00f3n de por qu\u00e9 hay tantos muertos\u00bb, se\u00f1al\u00f3 otra fuente vinculada al sector. Asimismo, alert\u00f3 que la crisis alcanz\u00f3 tambi\u00e9n los cementerios. <\/p>\n<p class=\"voc-p\" style=\"\">La extendida proliferaci\u00f3n de los virus responde, en gran medida, a la grave acumulaci\u00f3n de basura en las calles de todo en el pa\u00eds; la recogida por parte de las autoridades suele tardar varias semanas. Moscas, mosquitos y roedores abundan fundamentalmente en los centros poblacionales. El r\u00e9gimen ha llegado a reconocer falta de recursos, como combustibles, para garantizar la higienizaci\u00f3n e incluso la fumigaci\u00f3n.<\/p>\n","protected":false},"excerpt":{"rendered":"Desde hace m\u00e1s de dos meses Cuba enfrenta una crisis sanitaria nunca antes vista. Una epidemia de dengue,&hellip;\n","protected":false},"author":2,"featured_media":247821,"comment_status":"","ping_status":"","sticky":false,"template":"","format":"standard","meta":{"footnotes":""},"categories":[92],"tags":[63109,1164,2216,21303,25,24,165,166,23],"class_list":{"0":"post-247820","1":"post","2":"type-post","3":"status-publish","4":"format-standard","5":"has-post-thumbnail","7":"category-salud","8":"tag-azotada","9":"tag-cuba","10":"tag-dengue","11":"tag-epidemia","12":"tag-es","13":"tag-espana","14":"tag-health","15":"tag-salud","16":"tag-spain"},"share_on_mastodon":{"url":"","error":""},"_links":{"self":[{"href":"https:\/\/www.europesays.com\/es\/wp-json\/wp\/v2\/posts\/247820","targetHints":{"allow":["GET"]}}],"collection":[{"href":"https:\/\/www.europesays.com\/es\/wp-json\/wp\/v2\/posts"}],"about":[{"href":"https:\/\/www.europesays.com\/es\/wp-json\/wp\/v2\/types\/post"}],"author":[{"embeddable":true,"href":"https:\/\/www.europesays.com\/es\/wp-json\/wp\/v2\/users\/2"}],"replies":[{"embeddable":true,"href":"https:\/\/www.europesays.com\/es\/wp-json\/wp\/v2\/comments?post=247820"}],"version-history":[{"count":0,"href":"https:\/\/www.europesays.com\/es\/wp-json\/wp\/v2\/posts\/247820\/revisions"}],"wp:featuredmedia":[{"embeddable":true,"href":"https:\/\/www.europesays.com\/es\/wp-json\/wp\/v2\/media\/247821"}],"wp:attachment":[{"href":"https:\/\/www.europesays.com\/es\/wp-json\/wp\/v2\/media?parent=247820"}],"wp:term":[{"taxonomy":"category","embeddable":true,"href":"https:\/\/www.europesays.com\/es\/wp-json\/wp\/v2\/categories?post=247820"},{"taxonomy":"post_tag","embeddable":true,"href":"https:\/\/www.europesays.com\/es\/wp-json\/wp\/v2\/tags?post=247820"}],"curies":[{"name":"wp","href":"https:\/\/api.w.org\/{rel}","templated":true}]}}