{"id":247824,"date":"2025-11-21T09:36:12","date_gmt":"2025-11-21T09:36:12","guid":{"rendered":"https:\/\/www.europesays.com\/es\/247824\/"},"modified":"2025-11-21T09:36:12","modified_gmt":"2025-11-21T09:36:12","slug":"ultimas-imagenes-y-su-paso-por-la-tierra","status":"publish","type":"post","link":"https:\/\/www.europesays.com\/es\/247824\/","title":{"rendered":"\u00faltimas im\u00e1genes y su paso por la tierra"},"content":{"rendered":"<p>El cometa <strong>3I\/ATLAS<\/strong> ha capturado la atenci\u00f3n mundial desde su descubrimiento el pasado 1 de julio de 2025 por la red ATLAS en Chile. Este cometa es el tercer objeto confirmado que proviene del espacio interestelar y no forma parte de nuestro sistema solar, lo que lo convierte en un <strong>fen\u00f3meno \u00fanico para la comunidad cient\u00edfica<\/strong>. La NASA y otros observatorios internacionales han revelado nueva informaci\u00f3n y algunas im\u00e1genes que nos permiten comprender mejor su origen y trayectoria, y confirmar que \u00abno es un objeto alien\u00edgena\u00bb.<\/p>\n<p>El 3<a href=\"https:\/\/www.elindependiente.com\/futuro\/2025\/10\/30\/atlas-cometa-interestelar-sorprende-nasa\/\" rel=\"nofollow noopener\" target=\"_blank\">I\/ATLAS<\/a> sigue una \u00f3rbita hiperb\u00f3lica, lo que indica que no forma parte del sistema solar y que proviene del espacio interestelar. Con esto, se une a <strong>otros dos visitantes de origen interestelar conocidos<\/strong>: Oumuamua, detectado en 2017, y 2I\/Borisov, en 2019. Lo que hace \u00fanico al 3I\/ATLAS es que podr\u00eda ser el objeto interestelar m\u00e1s grande, r\u00e1pido y antiguo que se haya observado hasta ahora. Su n\u00facleo tendr\u00eda entre 320 metros y 5,6 kil\u00f3metros de di\u00e1metro, superando en tama\u00f1o a sus predecesores, y ha llegado a alcanzar velocidades de hasta 246.000 kil\u00f3metros por hora durante su paso por nuestro sistema solar.<\/p>\n<p>Adem\u00e1s, este cometa es considerado un \u00abf\u00f3sil espacial\u00bb porque se estima que es unos <strong>3.000 millones de a\u00f1os m\u00e1s antiguo que el Sol.<\/strong> Esto lo convierte en una oportunidad \u00fanica para estudiar la materia primitiva de otros sistemas estelares. Su tr\u00e1nsito por nuestro entorno nos permite comparar la composici\u00f3n y estructura de cuerpos formados en lugares muy distintos al nuestro, ofreciendo valiosa informaci\u00f3n sobre la historia del universo.<\/p>\n<p>Sus \u00faltimos movimientos<\/p>\n<p>El cometa 3I\/ATLAS alcanzar\u00e1 su <strong>m\u00e1xima cercan\u00eda a la Tierra el 19 de diciembre<\/strong> de 2025, a una distancia segura de unos 274 millones de kil\u00f3metros, casi el doble de la distancia que nos separa del Sol. Esto garantiza que <strong>no representa ning\u00fan peligro para nuestro planeta<\/strong>, pese a que circularon rumores que suger\u00edan lo contrario.<\/p>\n<p>Curiosamente, el <strong>3 de octubre de 2025 el cometa pas\u00f3 mucho m\u00e1s cerca de Marte<\/strong>, a unos 28-31 millones de kil\u00f3metros. Durante ese acercamiento, varias naves y telescopios en \u00f3rbita marciana captaron im\u00e1genes muy valiosas. La c\u00e1mara HiRISE del Mars Reconnaissance Orbiter ofreci\u00f3 las fotograf\u00edas m\u00e1s cercanas, mostrando la estructura de la coma y la cola del cometa, formadas por polvo y hielo liberados del n\u00facleo al acercarse al Sol.<\/p>\n<p>Adem\u00e1s de <a href=\"https:\/\/www.elindependiente.com\/internacional\/estados-unidos\/2025\/07\/09\/el-meteorito-mas-grande-de-marte-a-subasta-en-nueva-york-esta-valorado-en-4-millones\/\" rel=\"nofollow noopener\" target=\"_blank\">Marte<\/a>, la NASA ha seguido el <strong>cometa desde distintas posiciones, <\/strong>incluyendo misiones heliof\u00edsicas que pudieron observarlo cuando pasaba detr\u00e1s del Sol respecto a la Tierra, un momento en el que los telescopios terrestres no pod\u00edan verlo directamente.<\/p>\n<p>Observaciones y an\u00e1lisis cient\u00edficos<\/p>\n<p>La NASA, junto con <strong>numerosos observatorios de todo el mundo<\/strong>, ha movilizado una flota de telescopios y naves espaciales para estudiar al 3I\/ATLAS desde distintos \u00e1ngulos y distancias. Entre los instrumentos utilizados se encuentran el telescopio espacial Hubble, la sonda Parker especializada en viento solar, las misiones SOHO, TESS, Swift, SPHEREx y el Gran Telescopio Canarias (GTC), entre otros. <\/p>\n<p>En las \u00faltimas horas, la <strong>NASA public\u00f3 im\u00e1genes in\u00e9ditas captadas desde Marte<\/strong> y otras misiones en \u00f3rbita, que revelan la morfolog\u00eda del cometa y su cola. Estas observaciones confirman que el 3I\/ATLAS se comporta como un cometa cl\u00e1sico. Libera part\u00edculas de hielo y polvo que forman la cola y crean el caracter\u00edstico envoltorio visible, conocido como coma, alrededor de su n\u00facleo s\u00f3lido.<\/p>\n<p><img loading=\"lazy\" decoding=\"async\" width=\"462\" height=\"462\" src=\"data:image\/svg+xml,%3Csvg%20xmlns=\" http:=\"\" alt=\"\" class=\"wp-image-4354751\" data-lazy- data-lazy- data-lazy-src=\"https:\/\/www.europesays.com\/es\/wp-content\/uploads\/2025\/11\/c3-clear-soho.png\"\/>El cometa 3I\/ATLAS  | NASA<\/p>\n<p>Impacto y relevancia cient\u00edfica<\/p>\n<p>El paso del cometa 3I\/ATLAS tiene un <strong>enorme valor cient\u00edfico<\/strong>. Su estudio nos permite:<\/p>\n<ul class=\"wp-block-list\">\n<li>Confirmar y <strong>ampliar el cat\u00e1logo de objetos interestelares<\/strong> que atraviesan el <a href=\"https:\/\/www.elindependiente.com\/futuro\/2025\/11\/12\/la-agencia-espacial-europea-advierte-del-impacto-en-la-tierra-de-una-tormenta-solar-grave\/\" rel=\"nofollow noopener\" target=\"_blank\">sistema solar,<\/a> enriqueciendo nuestro conocimiento de la galaxia.<\/li>\n<li>Investigar la <strong>composici\u00f3n de cuerpos<\/strong> formados en otros sistemas estelares, lo que ayuda a entender la diversidad qu\u00edmica en el universo.<\/li>\n<li><strong>Estudiar la din\u00e1mica orbital<\/strong> de cometas hiperb\u00f3licos y su interacci\u00f3n con el viento solar y los campos magn\u00e9ticos planetarios.<\/li>\n<li>Validar y<strong> mejorar t\u00e9cnicas de observaci\u00f3n<\/strong> y colaboraci\u00f3n internacional en el seguimiento y an\u00e1lisis de objetos cercanos y lejanos.<\/li>\n<\/ul>\n<p>Adem\u00e1s, descarta de manera concluyente cualquier teor\u00eda o rumor sobre supuestas naves extraterrestres. \u00abEste objeto es un cometa. <strong>Se ve y se comporta como un cometa, <\/strong>y toda la evidencia apunta a que es un cometa. Pero este ha venido de fuera del sistema solar, lo que lo hace fascinante\u00bb declaran desde la NASA<\/p>\n<p>Pr\u00f3ximos pasos y seguimiento<\/p>\n<p>Tras su perihelio, que tuvo lugar cerca de la \u00f3rbita de Marte a finales de octubre y su m\u00e1ximo brillo registrado alrededor de esa fecha, <strong>el <a href=\"https:\/\/www.elindependiente.com\/futuro\/2025\/11\/05\/cometa-interestelar-atlas-tierra\/\" rel=\"nofollow noopener\" target=\"_blank\">cometa 3I\/ATLAS<\/a> se aleja del Sol <\/strong>y se dirige hacia la \u00f3rbita de J\u00fapiter. Numerosos cient\u00edficos planean continuar su seguimiento en los pr\u00f3ximos meses. Para ello, utilizar\u00e1n tanto misiones en \u00f3rbita como observatorios terrestres para registrar c\u00f3mo evoluciona su brillo, actividad y trayectoria mientras se aleja del sistema solar.<\/p>\n<p>El objetivo es <strong>tambi\u00e9n evaluar la superficie y el comportamiento del n\u00facleo<\/strong> a medida que las condiciones t\u00e9rmicas cambian. Con ello, proporcionar\u00e1 datos \u00fanicos sobre la resistencia y composici\u00f3n del material interestelar frente a las condiciones solares.<\/p>\n<p><img loading=\"lazy\" decoding=\"async\" width=\"799\" height=\"660\" src=\"data:image\/svg+xml,%3Csvg%20xmlns=\" http:=\"\" alt=\"Imagen del cometa 3I\/Atlas\" class=\"wp-image-4354757\" data-lazy- data-lazy- data-lazy-src=\"https:\/\/www.europesays.com\/es\/wp-content\/uploads\/2025\/11\/mro-hirise-clean-final-799x660.jpg\"\/>Imagen del cometa 3I\/Atlas | NASA<\/p>\n<p>            <a class=\"articulo-relacionado__media\" href=\"https:\/\/www.elindependiente.com\/futuro\/2025\/11\/11\/31-atlas-cometa-interestelar-detectado-primera-vez-radiofrecuencia\/\" title=\"3I\/ATLAS: el cometa interestelar detectado por primera vez mediante radiofrecuencia\" rel=\"nofollow noopener\" target=\"_blank\"><\/p>\n<p>                <img loading=\"lazy\" decoding=\"async\" src=\"data:image\/svg+xml,%3Csvg%20xmlns=\" http:=\"\" width=\"390\" height=\"220\" alt=\"3I\/ATLAS: el cometa interestelar detectado por primera vez mediante radiofrecuencia\" data-lazy-src=\"https:\/\/www.europesays.com\/es\/wp-content\/uploads\/2025\/10\/rss-efe6e2486e13a2fc022fc61e2ed28a6175087f1f257w-390x220.webp.webp\"\/><\/p>\n<p>\t\t\t            <\/a><\/p>\n<p>PUBLICIDAD<\/p>\n","protected":false},"excerpt":{"rendered":"El cometa 3I\/ATLAS ha capturado la atenci\u00f3n mundial desde su descubrimiento el pasado 1 de julio de 2025&hellip;\n","protected":false},"author":2,"featured_media":208766,"comment_status":"","ping_status":"","sticky":false,"template":"","format":"standard","meta":{"footnotes":""},"categories":[81],"tags":[119,123,124,25,24,642,117,121,122,975,23,118,120],"class_list":{"0":"post-247824","1":"post","2":"type-post","3":"status-publish","4":"format-standard","5":"has-post-thumbnail","7":"category-ciencia-y-tecnologia","8":"tag-ciencia","9":"tag-ciencia-y-tecnologia","10":"tag-cienciaytecnologia","11":"tag-es","12":"tag-espana","13":"tag-nasa","14":"tag-science","15":"tag-science-and-technology","16":"tag-scienceandtechnology","17":"tag-seo","18":"tag-spain","19":"tag-technology","20":"tag-tecnologia"},"share_on_mastodon":{"url":"https:\/\/pubeurope.com\/@es\/115587015285645751","error":""},"_links":{"self":[{"href":"https:\/\/www.europesays.com\/es\/wp-json\/wp\/v2\/posts\/247824","targetHints":{"allow":["GET"]}}],"collection":[{"href":"https:\/\/www.europesays.com\/es\/wp-json\/wp\/v2\/posts"}],"about":[{"href":"https:\/\/www.europesays.com\/es\/wp-json\/wp\/v2\/types\/post"}],"author":[{"embeddable":true,"href":"https:\/\/www.europesays.com\/es\/wp-json\/wp\/v2\/users\/2"}],"replies":[{"embeddable":true,"href":"https:\/\/www.europesays.com\/es\/wp-json\/wp\/v2\/comments?post=247824"}],"version-history":[{"count":0,"href":"https:\/\/www.europesays.com\/es\/wp-json\/wp\/v2\/posts\/247824\/revisions"}],"wp:featuredmedia":[{"embeddable":true,"href":"https:\/\/www.europesays.com\/es\/wp-json\/wp\/v2\/media\/208766"}],"wp:attachment":[{"href":"https:\/\/www.europesays.com\/es\/wp-json\/wp\/v2\/media?parent=247824"}],"wp:term":[{"taxonomy":"category","embeddable":true,"href":"https:\/\/www.europesays.com\/es\/wp-json\/wp\/v2\/categories?post=247824"},{"taxonomy":"post_tag","embeddable":true,"href":"https:\/\/www.europesays.com\/es\/wp-json\/wp\/v2\/tags?post=247824"}],"curies":[{"name":"wp","href":"https:\/\/api.w.org\/{rel}","templated":true}]}}