{"id":247829,"date":"2025-11-21T09:39:17","date_gmt":"2025-11-21T09:39:17","guid":{"rendered":"https:\/\/www.europesays.com\/es\/247829\/"},"modified":"2025-11-21T09:39:17","modified_gmt":"2025-11-21T09:39:17","slug":"horario-y-actividades-anuga-select-iberica","status":"publish","type":"post","link":"https:\/\/www.europesays.com\/es\/247829\/","title":{"rendered":"Horario y actividades | ANUGA SELECT IB\u00c9RICA"},"content":{"rendered":"<p>&#13;<br \/>\n\t\t\t\t\t\t\t\t\t\t\t\t&#13;<br \/>\n\t\t\t\t\t\t\t\t\t\t\t\t\tFechas y horarios&#13;<br \/>\n\t\t\t\t\t\t\t\t\t\t\t\t&#13;\n\t\t\t\t\t\t\t\t\t\t\t<\/p>\n<p>Organizada por IFEMA MADRID y KOELNMESSE, <strong>Anuga Select Ib\u00e9rica<\/strong> es un nuevo formato ferial que celebrar\u00e1 su primera edici\u00f3n del <strong>16 al 18 de febrero de 2027<\/strong> en <strong>Madrid<\/strong>.<\/p>\n<p><strong>Anuga Select Ib\u00e9rica<\/strong> aspira a convertirse en el gran escaparate de referencia del mercado alimentario ib\u00e9rico, y a establecer conexiones clave entre Europa, Latinoam\u00e9rica y el Norte de \u00c1frica.<\/p>\n","protected":false},"excerpt":{"rendered":"&#13; &#13; Fechas y horarios&#13; &#13; Organizada por IFEMA MADRID y KOELNMESSE, Anuga Select Ib\u00e9rica es un nuevo&hellip;\n","protected":false},"author":2,"featured_media":247830,"comment_status":"","ping_status":"","sticky":false,"template":"","format":"standard","meta":{"footnotes":""},"categories":[8],"tags":[17,18,25,24,13,14,11,19,20,9,10,15,16,23,12,21,22],"class_list":{"0":"post-247829","1":"post","2":"type-post","3":"status-publish","4":"format-standard","5":"has-post-thumbnail","7":"category-espana","8":"tag-breaking-news","9":"tag-breakingnews","10":"tag-es","11":"tag-espana","12":"tag-featured-news","13":"tag-featurednews","14":"tag-headlines","15":"tag-latest-news","16":"tag-latestnews","17":"tag-news","18":"tag-noticias","19":"tag-noticias-destacadas","20":"tag-noticiasdestacadas","21":"tag-spain","22":"tag-titulares","23":"tag-ultimas-noticias","24":"tag-ultimasnoticias"},"share_on_mastodon":{"url":"https:\/\/pubeurope.com\/@es\/115587027101886235","error":""},"_links":{"self":[{"href":"https:\/\/www.europesays.com\/es\/wp-json\/wp\/v2\/posts\/247829","targetHints":{"allow":["GET"]}}],"collection":[{"href":"https:\/\/www.europesays.com\/es\/wp-json\/wp\/v2\/posts"}],"about":[{"href":"https:\/\/www.europesays.com\/es\/wp-json\/wp\/v2\/types\/post"}],"author":[{"embeddable":true,"href":"https:\/\/www.europesays.com\/es\/wp-json\/wp\/v2\/users\/2"}],"replies":[{"embeddable":true,"href":"https:\/\/www.europesays.com\/es\/wp-json\/wp\/v2\/comments?post=247829"}],"version-history":[{"count":0,"href":"https:\/\/www.europesays.com\/es\/wp-json\/wp\/v2\/posts\/247829\/revisions"}],"wp:featuredmedia":[{"embeddable":true,"href":"https:\/\/www.europesays.com\/es\/wp-json\/wp\/v2\/media\/247830"}],"wp:attachment":[{"href":"https:\/\/www.europesays.com\/es\/wp-json\/wp\/v2\/media?parent=247829"}],"wp:term":[{"taxonomy":"category","embeddable":true,"href":"https:\/\/www.europesays.com\/es\/wp-json\/wp\/v2\/categories?post=247829"},{"taxonomy":"post_tag","embeddable":true,"href":"https:\/\/www.europesays.com\/es\/wp-json\/wp\/v2\/tags?post=247829"}],"curies":[{"name":"wp","href":"https:\/\/api.w.org\/{rel}","templated":true}]}}