{"id":247831,"date":"2025-11-21T09:40:16","date_gmt":"2025-11-21T09:40:16","guid":{"rendered":"https:\/\/www.europesays.com\/es\/247831\/"},"modified":"2025-11-21T09:40:16","modified_gmt":"2025-11-21T09:40:16","slug":"portal-de-noticias-del-gobierno-de-canarias-317","status":"publish","type":"post","link":"https:\/\/www.europesays.com\/es\/247831\/","title":{"rendered":"Portal de Noticias del Gobierno de Canarias"},"content":{"rendered":"<blockquote>\n<p>\u00b7\u00a0\u00a0\u00a0\u00a0\u00a0 Fuerteventura acogi\u00f3 la XX Jornada de Capacitaci\u00f3n de este instrumento p\u00fablico, motor regional de innovaci\u00f3n y apoyo tecnol\u00f3gico<\/p>\n<\/blockquote>\n<p><strong>La Red CIDE del Gobierno de Canarias ha consolidado su papel como impulsora de la innovaci\u00f3n y el desarrollo tecnol\u00f3gico en las islas durante la anualidad 2025, asesorando a m\u00e1s de 1.500 empresas, fomentando la colaboraci\u00f3n entre agentes del conocimiento y promoviendo proyectos de I+D+i que captaron m\u00e1s de 15,6 millones de euros en financiaci\u00f3n.<\/strong><\/p>\n<p>Promovida por la Consejer\u00eda de Universidades, Ciencia e Innovaci\u00f3n y Cultura, a trav\u00e9s de la Agencia Canaria de Investigaci\u00f3n, Innovaci\u00f3n y Sociedad de la Informaci\u00f3n (ACIISI), y cofinanciada por la Uni\u00f3n Europea (FEDER en un 85%), la Red agrupa 27 centros CIDE cuya actividad abarca la Comunidad Aut\u00f3noma de Canarias, ofreciendo servicios especializados a empresas, asociaciones y entidades p\u00fablicas y privadas.<\/p>\n<p>Durante la XX Jornada de Capacitaci\u00f3n, celebrada en el Parque Tecnol\u00f3gico de Fuerteventura, se evaluaron los resultados de la anualidad, se reforzaron capacidades y se definieron retos para el pr\u00f3ximo periodo. Entre los principales logros destacan 4.167 servicios de informaci\u00f3n prestados con apoyo t\u00e9cnico y asesoramiento especializado; 1.564 proyectos de innovaci\u00f3n asesorados, de los cuales 504 se presentaron a convocatorias p\u00fablicas y 242 a programas de innovaci\u00f3n; 291 proyectos aprobados, con un total de 15,6 millones de euros obtenidos; 112 b\u00fasquedas de colaboraci\u00f3n y 38 acuerdos entre empresas y agentes del conocimiento; 28 casos de \u00e9xito identificados, que muestran la contribuci\u00f3n de la innovaci\u00f3n al desarrollo econ\u00f3mico y social del Archipi\u00e9lago.<\/p>\n<p>La Red tambi\u00e9n ha reforzado la capilaridad territorial, asegurando cobertura en todas las islas y acercando servicios a empresas de todos los sectores, con especial atenci\u00f3n a la transformaci\u00f3n digital y la sostenibilidad. Adem\u00e1s, se organizaron 74 eventos y se particip\u00f3 en otros 17, adem\u00e1s de talleres y jornadas de capacitaci\u00f3n interna para el personal t\u00e9cnico de la red.<\/p>\n<p>El acumulado de la convocatoria 2024 muestra resultados destacados: 2.842 empresas atendidas, 7.020 servicios de informaci\u00f3n prestados, 2.749 proyectos asesorados, 500 proyectos aprobados y m\u00e1s de 33 millones de euros captados en financiaci\u00f3n.<\/p>\n<p>En palabras del director de la ACIISI, Javier Franco Hormiga, \u201cla Red CIDE se afianza como un referente en el ecosistema canario de innovaci\u00f3n, ofreciendo herramientas, formaci\u00f3n y asesoramiento que fomentan la colaboraci\u00f3n entre empresas, universidades y centros de investigaci\u00f3n\u201d.<\/p>\n<p>El director destac\u00f3 que en esta Jornada confluy\u00f3 tambi\u00e9n una comitiva de gestores de I+D de Canarias procedentes de las universidades p\u00fablicas, fundaciones universitarias, IAC, ITC, IPNA, PLOCAN y cl\u00fasteres. Tanto el equipo de gestores como el de agentes de la Red CIDE participaron conjuntamente en la visita al Parque Tecnol\u00f3gico de Fuerteventura del 20 de noviembre, donde ambos equipos pudieron interactuar y conocer el trabajo que realizan desde sus respectivas organizaciones para fortalecer y diversificar el tejido productivo regional a trav\u00e9s de sinergias. La Jornada de Capacitaci\u00f3n, como la visita de gestores de I+D, son iniciativas financiadas por la ACIISI.<\/p>\n<p><strong>Capacitaci\u00f3n y retos futuros<\/strong><\/p>\n<p>La jornada reuni\u00f3 a los y las profesionales de la Red CIDE, integrados por fundaciones universitarias, c\u00e1maras de comercio, cl\u00fasteres empresariales, asociaciones sectoriales y entidades especializadas. Las sesiones se centraron en procedimientos internos, servicios avanzados de apoyo empresarial, alineaci\u00f3n con la RIS3+ Canarias y los proyectos estrat\u00e9gicos auton\u00f3micos, as\u00ed como en la visibilizaci\u00f3n de la contribuci\u00f3n de la UE.<\/p>\n<p>Para la anualidad 2025\u20132026, los centros CIDE fijaron retos como aumentar la interoperabilidad entre centros y avanzar hacia la excelencia; impulsar la internacionalizaci\u00f3n del ecosistema I+D+i canario; dar visibilidad a proyectos estrat\u00e9gicos y fomentar la Innovaci\u00f3n Social, y mejorar la transferencia de conocimiento al tejido productivo y reforzar la digitalizaci\u00f3n y sostenibilidad de las empresas.<\/p>\n<p>Durante la jornada tambi\u00e9n se realizaron formaciones sobre aplicaciones de inteligencia artificial para los t\u00e9cnicos de la red, visitas a empresas asesoradas por la Red CIDE y participaci\u00f3n en el IX Foro Internacional del Agua y Energ\u00edas Renovables, Africagua Canarias 2025, integrando charlas, networking y encuentros B2B.<\/p>\n<p>Con presencia en pr\u00e1cticamente todo el Archipi\u00e9lago, la Red CIDE se mantiene como pilar estrat\u00e9gico para acompa\u00f1ar a las empresas en su modernizaci\u00f3n, digitalizaci\u00f3n, transferencia tecnol\u00f3gica y acceso a financiaci\u00f3n p\u00fablica.<\/p>\n<p>El jueves 20 de noviembre se sum\u00f3 a la Jornada el equipo de la Red de Gestores de I+D+i de Canarias, para conocer las instalaciones del Parque Tecnol\u00f3gico de Fuerteventura, as\u00ed como las iniciativas punteras que se est\u00e1n desarrollando all\u00ed.<\/p>\n","protected":false},"excerpt":{"rendered":"\u00b7\u00a0\u00a0\u00a0\u00a0\u00a0 Fuerteventura acogi\u00f3 la XX Jornada de Capacitaci\u00f3n de este instrumento p\u00fablico, motor regional de innovaci\u00f3n y apoyo&hellip;\n","protected":false},"author":2,"featured_media":247832,"comment_status":"","ping_status":"","sticky":false,"template":"","format":"standard","meta":{"footnotes":""},"categories":[5],"tags":[17,18,25,24,13,14,11,19,20,9,10,15,16,23,12,21,22],"class_list":{"0":"post-247831","1":"post","2":"type-post","3":"status-publish","4":"format-standard","5":"has-post-thumbnail","7":"category-titulares","8":"tag-breaking-news","9":"tag-breakingnews","10":"tag-es","11":"tag-espana","12":"tag-featured-news","13":"tag-featurednews","14":"tag-headlines","15":"tag-latest-news","16":"tag-latestnews","17":"tag-news","18":"tag-noticias","19":"tag-noticias-destacadas","20":"tag-noticiasdestacadas","21":"tag-spain","22":"tag-titulares","23":"tag-ultimas-noticias","24":"tag-ultimasnoticias"},"share_on_mastodon":{"url":"https:\/\/pubeurope.com\/@es\/115587030938966132","error":""},"_links":{"self":[{"href":"https:\/\/www.europesays.com\/es\/wp-json\/wp\/v2\/posts\/247831","targetHints":{"allow":["GET"]}}],"collection":[{"href":"https:\/\/www.europesays.com\/es\/wp-json\/wp\/v2\/posts"}],"about":[{"href":"https:\/\/www.europesays.com\/es\/wp-json\/wp\/v2\/types\/post"}],"author":[{"embeddable":true,"href":"https:\/\/www.europesays.com\/es\/wp-json\/wp\/v2\/users\/2"}],"replies":[{"embeddable":true,"href":"https:\/\/www.europesays.com\/es\/wp-json\/wp\/v2\/comments?post=247831"}],"version-history":[{"count":0,"href":"https:\/\/www.europesays.com\/es\/wp-json\/wp\/v2\/posts\/247831\/revisions"}],"wp:featuredmedia":[{"embeddable":true,"href":"https:\/\/www.europesays.com\/es\/wp-json\/wp\/v2\/media\/247832"}],"wp:attachment":[{"href":"https:\/\/www.europesays.com\/es\/wp-json\/wp\/v2\/media?parent=247831"}],"wp:term":[{"taxonomy":"category","embeddable":true,"href":"https:\/\/www.europesays.com\/es\/wp-json\/wp\/v2\/categories?post=247831"},{"taxonomy":"post_tag","embeddable":true,"href":"https:\/\/www.europesays.com\/es\/wp-json\/wp\/v2\/tags?post=247831"}],"curies":[{"name":"wp","href":"https:\/\/api.w.org\/{rel}","templated":true}]}}