{"id":247839,"date":"2025-11-21T09:49:11","date_gmt":"2025-11-21T09:49:11","guid":{"rendered":"https:\/\/www.europesays.com\/es\/247839\/"},"modified":"2025-11-21T09:49:11","modified_gmt":"2025-11-21T09:49:11","slug":"galarreta-no-esta-sancionado-pese-a-llevar-cinco-amarillas","status":"publish","type":"post","link":"https:\/\/www.europesays.com\/es\/247839\/","title":{"rendered":"Galarreta no est\u00e1 sancionado pese a llevar cinco amarillas"},"content":{"rendered":"<p>                        El centrocampista recibi\u00f3 ante el Oviedo la quinta amonestaci\u00f3n del curso, pero en el ciclo acumula cuatro porque se le retir\u00f3 la que vio contra el Alav\u00e9s\n<\/p>\n<p><img src=\"https:\/\/www.mundodeportivo.com\/files\/image_449_220\/files\/fp\/uploads\/2025\/11\/20\/691f58757a8c8.r_d.1084-665-2088.jpeg\" data-full-src=\"https:\/\/www.europesays.com\/es\/wp-content\/uploads\/2025\/11\/691f58757a8c8.jpeg\" alt=\"Horizontal\" width=\"449\" height=\"220\" class=\"nolazy\" decoding=\"async\" fetchpriority=\"high\"\/><\/p>\n<p class=\"caption-title \">A Galarreta le quitaron la amarilla que le mostr\u00f3 S\u00e1nchez Mart\u00ednez frente al Alav\u00e9s<\/p>\n<p>Juan Echeverria<\/p>\n<p>                <img loading=\"lazy\" decoding=\"async\" width=\"60\" height=\"60\" alt=\"Galarreta no est\u00e1 sancionado pese a llevar cinco amarillas\" title=\"\" src=\"\/files\/image_60_60\/uploads\/2021\/07\/27\/60ffba38aaf80.png\" class=\"lazy\"\/><\/p>\n<p>\n                        Actualizado a  21\/11\/2025 08:30 CET\n                    <\/p>\n<p data-gtm-element-container=\"modulo-texto-link\" class=\"paragraph\">Tras el partido con el <strong>Oviedo <\/strong>surgi\u00f3 la duda de una posible sanci\u00f3n a <strong>Galarreta<\/strong>. S\u00ed vio una amarilla, la quinta de este curso en <strong>Liga<\/strong>, pero <strong>no est\u00e1 castigado y podr\u00e1 jugar en Barcelona<\/strong> si Valverde lo estima conveniente. No cumple ciclo porque el <strong>Athletic <\/strong>recurri\u00f3 la amarilla que recibi\u00f3 el de Eibar frente al <strong>Alav\u00e9s <\/strong>y las alegaciones surtieron efecto.<\/p>\n<p data-gtm-element-container=\"modulo-texto-link\" class=\"paragraph\">El <strong>Comit\u00e9 de Disciplina<\/strong> entendi\u00f3 que hab\u00eda un error entre lo recogido en el acta por<strong> S\u00e1nchez Mart\u00ednez<\/strong> en aquel partido y las im\u00e1genes que aport\u00f3 Ibaigane. As\u00ed que la primera amonestaci\u00f3n que se le computa a <strong>Galarreta <\/strong>fue ante el <strong>Mallorca <\/strong>en la octava jornada. Cierto es que ha tardado poco en ponerse en capilla, ya que <strong>ha visto tarjeta en cuatro de los \u00faltimos cinco envites de los leones.<\/strong><\/p>\n<p>    Lee tambi\u00e9n<\/p>\n<p data-gtm-element-container=\"modulo-texto-link\" class=\"paragraph\">Si <strong>Galarreta <\/strong>es amonestado ma\u00f1ana en el<strong> Camp Nou<\/strong> estar\u00e1 sancionado para la visita al <strong>Levante <\/strong>del pr\u00f3ximo s\u00e1bado. El mediocentro <strong>es el \u00fanico rojiblanco apercibido<\/strong> en estos momentos. <strong>Vivian <\/strong>es el siguiente en la clasificaci\u00f3n de las amarillas ligueras con tres en su expediente.<\/p>\n<p>\n        Mostrar comentarios\n    <\/p>\n<p>{\u00aballowComment\u00bb:\u00bballowed\u00bb,\u00bbarticleId\u00bb:\u00bbarticle-1002572814&#8243;,\u00bburl\u00bb:\u00bbhttps:\\\/\\\/www.mundodeportivo.com\\\/futbol\\\/athletic-bilbao\\\/20251121\\\/1002572814\\\/galarreta-esta-sancionado-pese-llevar-cinco-amarillas.html\u00bb,\u00bblivefyre-url\u00bb:\u00bbarticle-1002572814&#8243;}<\/p>\n<p>Cargando siguiente contenido&#8230;\n                <\/p>\n","protected":false},"excerpt":{"rendered":"El centrocampista recibi\u00f3 ante el Oviedo la quinta amonestaci\u00f3n del curso, pero en el ciclo acumula cuatro porque&hellip;\n","protected":false},"author":2,"featured_media":247840,"comment_status":"","ping_status":"","sticky":false,"template":"","format":"standard","meta":{"footnotes":""},"categories":[268],"tags":[168,25,24,280,282,281,23,167],"class_list":{"0":"post-247839","1":"post","2":"type-post","3":"status-publish","4":"format-standard","5":"has-post-thumbnail","7":"category-futbol","8":"tag-deportes","9":"tag-es","10":"tag-espana","11":"tag-football","12":"tag-futbol","13":"tag-soccer","14":"tag-spain","15":"tag-sports"},"share_on_mastodon":{"url":"https:\/\/pubeurope.com\/@es\/115587066721357724","error":""},"_links":{"self":[{"href":"https:\/\/www.europesays.com\/es\/wp-json\/wp\/v2\/posts\/247839","targetHints":{"allow":["GET"]}}],"collection":[{"href":"https:\/\/www.europesays.com\/es\/wp-json\/wp\/v2\/posts"}],"about":[{"href":"https:\/\/www.europesays.com\/es\/wp-json\/wp\/v2\/types\/post"}],"author":[{"embeddable":true,"href":"https:\/\/www.europesays.com\/es\/wp-json\/wp\/v2\/users\/2"}],"replies":[{"embeddable":true,"href":"https:\/\/www.europesays.com\/es\/wp-json\/wp\/v2\/comments?post=247839"}],"version-history":[{"count":0,"href":"https:\/\/www.europesays.com\/es\/wp-json\/wp\/v2\/posts\/247839\/revisions"}],"wp:featuredmedia":[{"embeddable":true,"href":"https:\/\/www.europesays.com\/es\/wp-json\/wp\/v2\/media\/247840"}],"wp:attachment":[{"href":"https:\/\/www.europesays.com\/es\/wp-json\/wp\/v2\/media?parent=247839"}],"wp:term":[{"taxonomy":"category","embeddable":true,"href":"https:\/\/www.europesays.com\/es\/wp-json\/wp\/v2\/categories?post=247839"},{"taxonomy":"post_tag","embeddable":true,"href":"https:\/\/www.europesays.com\/es\/wp-json\/wp\/v2\/tags?post=247839"}],"curies":[{"name":"wp","href":"https:\/\/api.w.org\/{rel}","templated":true}]}}