{"id":247842,"date":"2025-11-21T09:53:09","date_gmt":"2025-11-21T09:53:09","guid":{"rendered":"https:\/\/www.europesays.com\/es\/247842\/"},"modified":"2025-11-21T09:53:09","modified_gmt":"2025-11-21T09:53:09","slug":"me-parece-de-mal-gusto-y-machista","status":"publish","type":"post","link":"https:\/\/www.europesays.com\/es\/247842\/","title":{"rendered":"&#8216;Me parece de mal gusto y machista&#8217;"},"content":{"rendered":"<p>El secretario general del PP, Miguel Tellado, y la periodista de RTVE, Silvia Intxaurrondo, han protagonizado este viernes un encedido encontronazo en directo como consecuencia de la <a href=\"https:\/\/www.huffingtonpost.es\/politica\/el-tribunal-supremo-condena-fiscal-general-revelacion-secretos.html\" rel=\"nofollow noopener\" target=\"_blank\">condena al fiscal general del Estado, \u00c1lvaro Garc\u00eda Ortiz, por reveleaci\u00f3n de secretos<\/a>. En una entrevista en el programa \u00abLa Hora de la 1\u00bb, Tellado ha afeado a la cadena p\u00fablica que se hable de \u00abgolpe blando\u00bb por esta pol\u00e9mica decisi\u00f3n del Supremo.\u00a0<\/p>\n<p><b>\u00abMe molesta que desde una televisi\u00f3n p\u00fablicada, pagada con los impuestos de los espa\u00f1oles, se hable de golpismo judicial. <\/b>Es muy grave y eso no puede suceder en democracia. Al fiscal general del Estado le han condenado por utilizar su cargo para hacer pol\u00edtica en beneficio de Pedro S\u00e1nchez y atacar a una rival pol\u00edtica. Y hoy se utiliza la televisi\u00f3n p\u00fablica para atacar al poder judicial. \u00bfEn qu\u00e9 democracia estamos? Creo que deber\u00edan hacer un an\u00e1lisis muy profundo sobre lo que est\u00e1 haciendo esta televisi\u00f3n. Me parece grave que usted haya permitido que se hable de golpe blando\u00bb, ha dicho Tellado.\u00a0<\/p>\n<p>Intxaurrondo se ha defendido asegurando que ella no hab\u00eda usado ese t\u00e9rmino, pero Tellado le ha atacado de nuevo se\u00f1alando que ella firm\u00f3 un supuesto manifiesto hablando de \u00abgolpismo judicial\u00bb. \u00abLa comprensi\u00f3n de algunos pol\u00edticos&#8230; ya la conocemos\u00bb, ha respondido la periodista vasca.<\/p>\n<p>A continuaci\u00f3n, Intxaurrondo le ha preguntado por las palabras de Ignacio Cosid\u00f3 (PP) en 2019 en las que el entonces portavoz del PP en el Senado dec\u00eda que <a href=\"https:\/\/www.elperiodico.com\/es\/politica\/20181119\/ignacio-cosido-controlaremos-sala-segunda-tribunal-supremo-por-detras-7155122\" target=\"_blank\" rel=\"nofollow noopener\">su partido controlaba por atr\u00e1s la sala Segunda del Supremo<\/a>. Tellado ha visto esta pregunta como una manipulaci\u00f3n \u00abde primer nivel\u00bb.\u00a0\u00abEs la salida al reproche que le estoy haciendo. El Supremo no sigue las indicaciones de nadie.<b> Yo pido respeto al Poder Judicial, dicte lo que dicte. Los jueces y fiscales son profesionales que hacen cumplir la ley<\/b>. Y nadie controla a los jueces de nuestro pa\u00eds. A m\u00ed me gustar\u00eda tener una televisi\u00f3n p\u00fablica que no manipule en un d\u00eda como el de hoy\u00bb, ha respondido Tellado. Intxaurrondo ha insistido con esta cuesti\u00f3n, pero el secretario general del PP se ha limitado a decir que eso forma parte del pasado y la actual direcci\u00f3n del PP no se encontraba entonces al frente del partido.\u00a0<\/p>\n<p>Intxaurrondo ha seguido atacando y le ha preguntado desde cu\u00e1ndo conoc\u00eda el PP nacional los problemas legales del novio de Ayuso. En este punto, Tellado ha acusado a la periodista de \u00abmachista\u00bb por hacer esta pregunta. \u00abNosotros no fiscalizamos las relaciones personales de ning\u00fan miembro del PP. Son cuestiones particulares. Y Ayuso no es responsable de lo que haya podido hacer su pareja cuando ni siquiera lo era. <b>Me parece de mal gusto esa pregunta y hasta me parece machista. <\/b>Estas preguntas hacen da\u00f1o las mujeres que son responsables de sus propias tareas\u00bb, ha explicado.<\/p>\n<p>Intxaurrondo, tirando de iron\u00eda, le ha agradecido esa defensa de la mujer y espera que todas las fuerzas pol\u00edticas tengan la misma. \u00abSe lo digo porque est\u00e1n negociando con Vox en la Comunidad Valenciana\u00bb, le ha dicho. Y Tellado ha vuelto a responder: <b>\u00abSi usted cree que Vox es un partido machista y usted presupone determinadas decisiones, pues creo que se equivoca.<\/b> Pero hoy es un d\u00eda muy dif\u00edcil en RTVE y lo entiendo\u00bb, ha finalizado.\u00a0<\/p>\n<p>Ya sin Tellado en pantalla, la presentadora de RTVE ha criticado las acusaciones por manipulaci\u00f3n. <b>\u00abAcusar de manipular y dejar que lo digan en directo&#8230; Eso no pasa en todas las televisiones p\u00fablicas donde supuestamente se manipula\u00bb,<\/b> ha dicho, en referencia velada a Telemadrid.\u00a0<\/p>\n","protected":false},"excerpt":{"rendered":"El secretario general del PP, Miguel Tellado, y la periodista de RTVE, Silvia Intxaurrondo, han protagonizado este viernes&hellip;\n","protected":false},"author":2,"featured_media":247843,"comment_status":"","ping_status":"","sticky":false,"template":"","format":"standard","meta":{"footnotes":""},"categories":[171],"tags":[146,147,25,24,4375,14219,23,214],"class_list":{"0":"post-247842","1":"post","2":"type-post","3":"status-publish","4":"format-standard","5":"has-post-thumbnail","7":"category-tv","8":"tag-entertainment","9":"tag-entretenimiento","10":"tag-es","11":"tag-espana","12":"tag-miguel-tellado","13":"tag-silvia-intxaurrondo","14":"tag-spain","15":"tag-tv"},"share_on_mastodon":{"url":"https:\/\/pubeurope.com\/@es\/115587082058143926","error":""},"_links":{"self":[{"href":"https:\/\/www.europesays.com\/es\/wp-json\/wp\/v2\/posts\/247842","targetHints":{"allow":["GET"]}}],"collection":[{"href":"https:\/\/www.europesays.com\/es\/wp-json\/wp\/v2\/posts"}],"about":[{"href":"https:\/\/www.europesays.com\/es\/wp-json\/wp\/v2\/types\/post"}],"author":[{"embeddable":true,"href":"https:\/\/www.europesays.com\/es\/wp-json\/wp\/v2\/users\/2"}],"replies":[{"embeddable":true,"href":"https:\/\/www.europesays.com\/es\/wp-json\/wp\/v2\/comments?post=247842"}],"version-history":[{"count":0,"href":"https:\/\/www.europesays.com\/es\/wp-json\/wp\/v2\/posts\/247842\/revisions"}],"wp:featuredmedia":[{"embeddable":true,"href":"https:\/\/www.europesays.com\/es\/wp-json\/wp\/v2\/media\/247843"}],"wp:attachment":[{"href":"https:\/\/www.europesays.com\/es\/wp-json\/wp\/v2\/media?parent=247842"}],"wp:term":[{"taxonomy":"category","embeddable":true,"href":"https:\/\/www.europesays.com\/es\/wp-json\/wp\/v2\/categories?post=247842"},{"taxonomy":"post_tag","embeddable":true,"href":"https:\/\/www.europesays.com\/es\/wp-json\/wp\/v2\/tags?post=247842"}],"curies":[{"name":"wp","href":"https:\/\/api.w.org\/{rel}","templated":true}]}}