{"id":247846,"date":"2025-11-21T09:56:27","date_gmt":"2025-11-21T09:56:27","guid":{"rendered":"https:\/\/www.europesays.com\/es\/247846\/"},"modified":"2025-11-21T09:56:27","modified_gmt":"2025-11-21T09:56:27","slug":"bielsa-hablo-durante-una-hora-y-45-minutos-para-anunciar-que-sigue-en-uruguay-por-que-se-considera-toxico-y-los-roces-internos","status":"publish","type":"post","link":"https:\/\/www.europesays.com\/es\/247846\/","title":{"rendered":"Bielsa habl\u00f3 durante una hora y 45 minutos para anunciar que sigue en Uruguay: por qu\u00e9 se considera \u201ct\u00f3xico\u201d y los roces internos"},"content":{"rendered":"<p class=\"paragraph\"><b>Marcelo Bielsa<\/b> brind\u00f3 una extensa conferencia de prensa (dur\u00f3 una hora y 45 minutos), luego de la contundente derrota de <b>Uruguay por 5-1 frente a Estados Unidos<\/b>. Pese a que la incertidumbre se centraba en su continuidad, <b>el DT confirm\u00f3 que seguir\u00e1 al mando de la <\/b><b>Celeste<\/b><b>. <\/b><\/p>\n<p class=\"paragraph\">\u201cQuer\u00eda comentar lo siguiente, la primera inclinaci\u00f3n que yo tuve fue solicitar una <b>conferencia de prensa <\/b>luego de perder 5-1, porque siempre genera preocupaci\u00f3n y uno debe explicar. La primera pregunta que me hicieron en la conferencia de prensa de <b>Estados Unidos<\/b> contuvo dos ideas: que hab\u00edamos sido un desastre y que romp\u00edamos los ojos. Yo nunca hab\u00eda escuchado frases tan agresivas para componer una pregunta. Evidentemente, tengo que afrontar lo que ha generado esta derrota y someterme a las preguntas que el p\u00fablico se hace. Porque si el encabezado de la primera interrogaci\u00f3n es tan grave, a m\u00ed me qued\u00f3 claro que ten\u00eda que asumir la situaci\u00f3n\u201d, abri\u00f3 el di\u00e1logo con los medios.<\/p>\n<p class=\"paragraph\">Luego, fue consultado sobre si pensaba dar un paso al costado y si ten\u00eda fortaleza y respondi\u00f3: \u201cLa misma fuerza desde el primer d\u00eda para seguir con la <b>selecci\u00f3n<\/b> hasta el <b>Mundial<\/b>. S\u00ed en alg\u00fan momento me plante\u00e9 que no deb\u00eda continuar, no fue en este momento\u201d.<\/p>\n<p><img alt=\"Bielsa confirm\u00f3 que sigue siendo\" class=\"global-image\" decoding=\"async\" fetchpriority=\"low\" height=\"2906\" loading=\"lazy\" src=\"https:\/\/www.europesays.com\/es\/wp-content\/uploads\/2025\/11\/PIZQBDNFFJETNOROVVH7WO3MAY.JPG\" width=\"4240\"\/>Bielsa confirm\u00f3 que sigue siendo el DT de Uruguay (REUTERS\/Henry Romero)<\/p>\n<p class=\"paragraph\">Adem\u00e1s, se refiri\u00f3 a la conversaci\u00f3n que aconteci\u00f3 con la dirigencia de la AUF tras el cimbronazo: \u201cPerder 5-1, por supuesto que no es un episodio que se pueda ignorar. Uno se siente avergonzado cuando se producen resultados de este tipo. Lo que uno hace es analizar y luego compartir las preguntas que surgen para explicar una actuaci\u00f3n tan negativa. En relaci\u00f3n con el presidente, tiene muchas inquietudes, las presenta, las plantea y yo las respondo\u201d.<\/p>\n<p class=\"paragraph\">\u201cYo convers\u00e9 muchas horas con el presidente y con <b>Jorge<\/b> (Giordano) y todo sigue como est\u00e1 hasta el <b>Mundial<\/b>. Eso es la s\u00edntesis de la conversaci\u00f3n. As\u00ed termin\u00f3 la conversaci\u00f3n\u00bb, sum\u00f3.<\/p>\n<p class=\"paragraph\">\u201cCada vez que me hice responsable de las cosas que le pasaban al equipo, yo le\u00eda un mensaje de <b>Ar\u00e9valo R\u00edos<\/b>, que dice: \u2018el cuerpo t\u00e9cnico que se haga responsable\u2019, yo nunca no me hice responsable. Ustedes no pueden se\u00f1alar un momento en el que yo no haya asumido la responsabilidad de los malos momentos. Yo cada vez que dije que me hac\u00eda responsable, expliqu\u00e9 los motivos por los cuales me hac\u00eda responsable, porque sino es muy f\u00e1cil. Siempre me hice responsable y me hice responsable de una manera leg\u00edtima y no enga\u00f1osa, porque siempre resum\u00ed cu\u00e1les fueron los errores que comet\u00ed\u201d.<\/p>\n<p class=\"paragraph\">Por otro lado, indic\u00f3 que los supuestos dichos de los futbolistas en su contra carecen de veracidad: \u201cSe construyen trascendidos. Tambi\u00e9n hay sustentos para que lo que se difunde se lo pueda considerar. Pero en el caso m\u00edo, yo tengo contacto con los jugadores, entonces no puedo guiarme por los trascendidos. Respecto de este tipo de trascendidos, lo que se difunde nunca persigue el bien, por lo atractivo que representa este sitio. Pero siempre que se produce el momento propicio, los que tienen intereses generan que trastabille (el proyecto)\u201d.<\/p>\n<p class=\"paragraph\">\u201cSi los jugadores quieren que me vaya, es muy sencillo. Me dicen: \u2018mire <b>Bielsa<\/b>, queremos que se vaya\u2019. Por eso no me puedo guiar por ning\u00fan trascendido. Las cosas son en la medida que el que la siente las transmite y la dice. Yo tengo la informaci\u00f3n directa y no puedo guiarme por los trascendidos. Lo que no quiere decir que yo no cometa errores\u00bb, expres\u00f3.<\/p>\n<p class=\"paragraph\">\u201cAparte la relaci\u00f3n que los jugadores tienen con el entrenador es: te doy todo, mi esfuerzo, mis convicciones, pero haceme ganar. Ese es un reclamo que cualquier integrante de un equipo le transmite al que conduce. Ahora, si producto de tu gesti\u00f3n perdemos un partido 5-1 y de la manera que se perdi\u00f3 yo no voy a pensar que no pasa nada, es lo que siente un jugador. Ahora, a decir queremos que el entrenador se vaya, hay una distancia\u201d, a\u00f1adi\u00f3.<\/p>\n<p class=\"paragraph\">El ciclo de <b>Bielsa<\/b> al frente de la <b>Celeste<\/b> ha estado marcado por altibajos durante 2025. Aunque el equipo logr\u00f3 el objetivo principal de clasificarse a la pr\u00f3xima <b>Copa del Mundo<\/b>, el balance del a\u00f1o muestra una campa\u00f1a irregular: cuatro victorias, tres empates y tres derrotas, considerando los seis partidos oficiales de las <b>Eliminatorias Sudamericanas<\/b> y los cuatro amistosos disputados. El \u00faltimo encuentro, que termin\u00f3 con una goleada en contra ante el conjunto estadounidense, ha puesto en duda la continuidad del t\u00e9cnico y ha motivado la convocatoria a la conferencia de prensa de esta noche.<\/p>\n<p class=\"paragraph\">El punto de inflexi\u00f3n en la gesti\u00f3n de <b>Bielsa<\/b> se produjo tras la <b>Copa Am\u00e9rica 2024<\/b>, cuando surgieron tensiones internas en el plantel. Un grupo de futbolistas expres\u00f3 p\u00fablicamente su descontento con el manejo del vestuario por parte del entrenador. <b>Agust\u00edn Canobbio<\/b> fue el primero en manifestar su malestar, y poco despu\u00e9s recibi\u00f3 el respaldo de referentes hist\u00f3ricos como <b>Luis Su\u00e1rez<\/b>. Bielsa reconoci\u00f3 que hab\u00eda perdido parte de su ascendencia y liderazgo sobre el grupo, aunque decidi\u00f3 mantenerse firme en su plan de trabajo y continuar en el cargo, a pesar de las cr\u00edticas de algunos aficionados y medios uruguayos que cuestionaron su permanencia.<\/p>\n<p class=\"paragraph\">\u201c<b>Su\u00e1rez dijo lo que dijo y tuvo el efecto que tuvo. Yo nunca respond\u00ed a las afirmaciones, pero s\u00ed las habl\u00e9 internamente con los jugadores. Lo que pas\u00f3 esa vez, no es lo que estamos acostumbrados, o por lo menos no es lo que estaba acostumbrado yo, que los reclamos no se hicieran p\u00fablicos y que no se hagan en el \u00e1mbito privado, pero todo aquello pas\u00f3 y yo no tengo rencor ni revanchismo<\/b>\u201d.<\/p>\n<p class=\"paragraph\">\u201cS\u00ed tengo que recordarlo a <b>Su\u00e1rez<\/b>, no lo recuerdo por lo que dijo sobre m\u00ed, sino por lo que \u00e9l le dio al desarrollo de la <b>Copa Am\u00e9rica<\/b>, que sin \u00e9l hubiese sido mucho m\u00e1s dif\u00edcil. \u00c9l tuvo una presencia de absoluta colaboraci\u00f3n. Paralelamente, queda un resabio: que los jugadores pueden reclamar aquello que no le gusta del entrenador y buscar caminos para vehiculizar ese reclamo. El reclamo tiene un lugar natural. Tendr\u00edan que llegarme a m\u00ed. Aquel episodio marca que se puede reclamar, acusar y hacerlo p\u00fablicamente\u201d.<\/p>\n<p class=\"paragraph\">Con respecto a Canobbio, expres\u00f3: \u201cNunca dej\u00e9 de considerarlo, pas\u00f3 lo que pas\u00f3, pero todos los fines de semana veo su actuaci\u00f3n. Hay jugadores que han tenido equivocaciones de las que considero que no hay regreso, Canobbio no es uno de esos\u201d. <\/p>\n<p class=\"paragraph\">Desde su llegada en junio de 2023 hasta la <b>Copa Am\u00e9rica 2024<\/b>, <b>Bielsa<\/b> dirigi\u00f3 18 partidos, con un saldo de diez triunfos \u2014incluidos dos resonantes ante <b>Brasil<\/b> en <b>Montevideo<\/b> y <b>Argentina<\/b> en la <b>Bombonera<\/b> por <b>Eliminatorias<\/b>\u2014, cinco empates y tres derrotas. Entre estas \u00faltimas se cuenta la eliminaci\u00f3n en semifinales de la <b>Copa Am\u00e9rica<\/b> frente a <b>Colombia<\/b>, que dej\u00f3 a <b>Uruguay<\/b> en el tercer puesto. Tras el conflicto interno, los resultados positivos comenzaron a escasear y la estabilidad del proyecto se vio comprometida.<\/p>\n<p class=\"paragraph\">Fuentes cercanas al entorno de <b>Bielsa<\/b> confiaron a <b>Infobae<\/b> que el t\u00e9cnico percibe una disminuci\u00f3n en el compromiso de algunos jugadores para afrontar los compromisos de la <b>selecci\u00f3n uruguaya<\/b>. <\/p>\n<p class=\"paragraph\">M\u00c1S FRASES DE BIELSA<\/p>\n<p class=\"paragraph\"><b>Situaciones de gol<\/b>: \u201cNosotros hemos disminuido mucho la capacidad de generar goles. Estamos armados para tratar de meter m\u00e1s goles. Pero ese es un problema del equipo no de los delanteros. Pre <b>Copa Am\u00e9rica<\/b>, dispon\u00edamos de muchas pelotas para dar un \u00faltimo pase y centrar con intenci\u00f3n. \u00c9ramos un equipo con perfil ofensivo. En este \u00faltimo per\u00edodo, la pelota no llega con claridad a tres cuartos de cancha. Ese es el problema\u00bb<\/p>\n<p class=\"paragraph\"><b>Sumar jugadores al ciclo:<\/b> \u201cCreo que no. Puede que haya ausencias significativas, pero recuperar determinadas presencias no son caras nuevas\u201d.<\/p>\n<p class=\"paragraph\"><b>Convivencia:<\/b> \u201cYo solo puedo convencer a partir de las cosas de las que no tengo dudas. Toda mi carrera fui valorado por los jugadores, en este per\u00edodo es en donde m\u00e1s maltrato recibo. En algunos casos, concretos, como el de <b>Su\u00e1rez<\/b>, y otros, potenciales. Porque yo nunca tuve problemas con ning\u00fan jugador de <b>Uruguay<\/b>. El que conduce nunca cuenta lo que pasa, porque si no la convivencia se vuelve imposible. Es una regla que permite funcionar. Cuando se usan voceros, se pierde lo que la sinceridad garantiza\u00bb.<\/p>\n<p class=\"paragraph\"><b>Su personalidad<\/b>: \u201cYo soy una persona t\u00edmida, obsesiva, mecanizada. Esos son mis d\u00e9ficits, a m\u00ed me cuesta actuar suelto, desinhibido, amigable. No es mi forma de ser, pero siempre fui calificado positivamente por la gente con la que conviv\u00ed, porque se ve que hay otros valores que pueden generar aceptaci\u00f3n. Evidentemente, no he logrado una aceptaci\u00f3n de este grupo que conduzco. Y cuando uno va a alg\u00fan lugar, las normas no son las que uno tiene, son las del lugar que te recibe, sin dejar de ser uno mismo\u201d.<\/p>\n<p class=\"paragraph\">\u201cYo soy un gran polemista, no por bueno, sino porque me gusta discutir ideas. Lo que no quiero, es que no se comparen argumentos. Dicho esto, <b>Ignacio Alonso<\/b> me dijo que el clima dentro de una <b>selecci\u00f3n uruguaya<\/b> tiene un efecto potenciador de las virtudes de los jugadores\u00bb.<\/p>\n<p class=\"paragraph\">\u201cYo soy t\u00f3xico, relacionarse conmigo empeora a la otra persona. Yo lo vivo con un karma, esa conducta est\u00e1 basada en el miedo. Porque uno no disfruta por ganar, teme por perder. Entonces, esa obsesi\u00f3n est\u00e1 en la b\u00fasqueda de recursos\u201d.<\/p>\n<p class=\"paragraph\">La publicaci\u00f3n de Lucas Torreira reivindicando al Maestro Tabarez: \u201cYo por <b>Torreira<\/b> hice lo m\u00e1ximo: nunca dej\u00e9 de mirar sus partidos. \u00c9l un d\u00eda me llam\u00f3 y le expliqu\u00e9 por qu\u00e9 no fue convocado. Yo tengo que convocarlo si creo que tiene posibilidades. Obviamente, no est\u00e1 de acuerdo y de manera el\u00edptica me lo hace saber. Lo respeto. No lo manoseo\u201d.<\/p>\n","protected":false},"excerpt":{"rendered":"Marcelo Bielsa brind\u00f3 una extensa conferencia de prensa (dur\u00f3 una hora y 45 minutos), luego de la contundente&hellip;\n","protected":false},"author":2,"featured_media":247847,"comment_status":"","ping_status":"","sticky":false,"template":"","format":"standard","meta":{"footnotes":""},"categories":[93],"tags":[168,25,24,3119,281,757,23,3020,167],"class_list":{"0":"post-247846","1":"post","2":"type-post","3":"status-publish","4":"format-standard","5":"has-post-thumbnail","7":"category-deportes","8":"tag-deportes","9":"tag-es","10":"tag-espana","11":"tag-north-america","12":"tag-soccer","13":"tag-south-america-central-america","14":"tag-spain","15":"tag-sport","16":"tag-sports"},"share_on_mastodon":{"url":"https:\/\/pubeurope.com\/@es\/115587094168537870","error":""},"_links":{"self":[{"href":"https:\/\/www.europesays.com\/es\/wp-json\/wp\/v2\/posts\/247846","targetHints":{"allow":["GET"]}}],"collection":[{"href":"https:\/\/www.europesays.com\/es\/wp-json\/wp\/v2\/posts"}],"about":[{"href":"https:\/\/www.europesays.com\/es\/wp-json\/wp\/v2\/types\/post"}],"author":[{"embeddable":true,"href":"https:\/\/www.europesays.com\/es\/wp-json\/wp\/v2\/users\/2"}],"replies":[{"embeddable":true,"href":"https:\/\/www.europesays.com\/es\/wp-json\/wp\/v2\/comments?post=247846"}],"version-history":[{"count":0,"href":"https:\/\/www.europesays.com\/es\/wp-json\/wp\/v2\/posts\/247846\/revisions"}],"wp:featuredmedia":[{"embeddable":true,"href":"https:\/\/www.europesays.com\/es\/wp-json\/wp\/v2\/media\/247847"}],"wp:attachment":[{"href":"https:\/\/www.europesays.com\/es\/wp-json\/wp\/v2\/media?parent=247846"}],"wp:term":[{"taxonomy":"category","embeddable":true,"href":"https:\/\/www.europesays.com\/es\/wp-json\/wp\/v2\/categories?post=247846"},{"taxonomy":"post_tag","embeddable":true,"href":"https:\/\/www.europesays.com\/es\/wp-json\/wp\/v2\/tags?post=247846"}],"curies":[{"name":"wp","href":"https:\/\/api.w.org\/{rel}","templated":true}]}}