{"id":247848,"date":"2025-11-21T09:57:12","date_gmt":"2025-11-21T09:57:12","guid":{"rendered":"https:\/\/www.europesays.com\/es\/247848\/"},"modified":"2025-11-21T09:57:12","modified_gmt":"2025-11-21T09:57:12","slug":"capitulo-25-de-la-ciencia-de-lo-singular-hipoacusias-y-sordera","status":"publish","type":"post","link":"https:\/\/www.europesays.com\/es\/247848\/","title":{"rendered":"Cap\u00edtulo 25 de \u00abLa Ciencia de lo Singular\u00bb: Hipoacusias y sordera"},"content":{"rendered":"<p>        <img decoding=\"async\" src=\"https:\/\/www.europesays.com\/es\/wp-content\/uploads\/2025\/11\/banner-blog_podcast.png\" class=\"w100\"\/><\/p>\n<p>\n\t<b>CIBER | <\/b>  viernes, 21 de noviembre de 2025\n\t<\/p>\n<p>Con este cap\u00edtulo se pone en marcha la nueva temporada del p\u00f3dcast sobre investigaci\u00f3n en enfermedades raras que en esta ocasi\u00f3n versar\u00e1 sobre una condici\u00f3n relativamente com\u00fan, pero presente en muchos s\u00edndromes raros.<\/p>\n<p>La\u00a0<strong>p\u00e9rdida de audici\u00f3n<\/strong>\u00a0es una condici\u00f3n o s\u00edntoma m\u00e1s o menos com\u00fan en la poblaci\u00f3n, pero cuando ponemos el foco en el \u00e1mbito de las enfermedades raras nos encontramos ante otro escenario. \u00a0<\/p>\n<p>Las\u00a0<strong>hipoacusias o sorderas gen\u00e9ticas<\/strong>, es decir, aquellas debidas a un cambio o mutaci\u00f3n en alg\u00fan gen, son, en sentido estricto,\u00a0<strong>enfermedades raras<\/strong>. Esto es as\u00ed porque la frecuencia de esa mutaci\u00f3n en la poblaci\u00f3n es baja, por lo tanto, ese tipo de sordera espec\u00edfico es poco frecuente.<\/p>\n<p>Adem\u00e1s, una sordera en el contexto de una enfermedad rara tendr\u00e1 un cuadro cl\u00ednico muy diferente al de una sordera que no vaya aparejada con un s\u00edndrome u otra sintomatolog\u00eda. Una enfermedad rara con s\u00edntomas graves, adem\u00e1s de hipoacusia, ser\u00e1 distinto de una hipoacusia como consecuencia de exposici\u00f3n a ruido, por ejemplo.<\/p>\n<p>En este cap\u00edtulo,\u00a0<strong><a href=\"https:\/\/www.ciberer.es\/U761\" rel=\"nofollow noopener\" target=\"_blank\">Silvia Murillo<\/a><\/strong>\u00a0nos explica las diferencias entre las hipoacusias gen\u00e9ticas y las hipoacusias adquiridas, y ahonda en algunos de los mecanismos. Ella es investigadora del\u00a0<strong>Instituto de Investigaciones Biom\u00e9dicas Sols-Morreale (IIBM)<\/strong>\u00a0y del\u00a0<strong>CIBERER<\/strong>, y durante el cap\u00edtulo tambi\u00e9n nos habla del potencial de la terapia g\u00e9nica y la terapia celular en el \u00e1mbito de las hipoacusias. \u00a0<\/p>\n<p><a href=\"https:\/\/www.sjdhospitalbarcelona.org\/es\/especialistas\/oliver-heinz-haag\" rel=\"nofollow noopener\" target=\"_blank\"><strong>Oliver Haag<\/strong><\/a>, otorrinolaring\u00f3logo pedi\u00e1trico del\u00a0<strong>Hospital Sant Joan de D\u00e9u<\/strong>, nos cuenta c\u00f3mo el\u00a0<strong>programa de detecci\u00f3n precoz del cribado auditivo<\/strong>\u00a0permite diagnosticar en los primeros meses de vida problemas de audici\u00f3n que, en algunos casos, son consecuencia de una enfermedad rara, y c\u00f3mo este cribado ayuda a iniciar el tratamiento lo antes posible. \u00bfY qu\u00e9\u00a0<strong>tratamientos<\/strong>? Aud\u00edfonos, implantes cocleares, implantes de conducci\u00f3n \u00f3sea u otros. \u00a0<\/p>\n<p>En representaci\u00f3n de los pacientes, contamos con\u00a0<strong>Carmen J\u00e1udenes<\/strong>, directora de\u00a0<a href=\"https:\/\/fiapas.es\/\" rel=\"nofollow noopener\" target=\"_blank\"><strong>FIAPAS<\/strong><\/a><strong>, la Confederaci\u00f3n Espa\u00f1ola de Familias de Personas Sordas<\/strong>, para hablar del\u00a0<strong>impacto en la vida de las personas sordas y sus familias<\/strong>, as\u00ed como destacar algunas cifras relacionadas con la sordera y las enfermedades raras en Espa\u00f1a. Por otro lado, contamos con el testimonio de\u00a0<strong>Arnau<\/strong>, un chico de 17 a\u00f1os, nos cuenta la experiencia de convivir con el\u00a0<strong>s\u00edndrome de Usher<\/strong>. Este s\u00edndrome est\u00e1 caracterizado por afectaciones tanto auditivas como visuales. En el caso de Arnau, padece una\u00a0<strong>sordera bilateral profunda y retinitis pigmentaria<\/strong>, por la cual tiene una reducci\u00f3n del campo visual. \u00a0<\/p>\n<p>Para finalizar el cap\u00edtulo, los cuatro protagonistas comparten desde su punto de vista los\u00a0<strong>retos que plantea la investigaci\u00f3n en hipoacusias<\/strong>.<\/p>\n<p>\u00a0<\/p>\n<p>Puedes\u00a0<strong>escuchar el cap\u00edtulo 25<\/strong>\u00a0tanto en\u00a0<a href=\"https:\/\/open.spotify.com\/episode\/1lZRy5xfjPddYM51qZG7ml?si=e2JNO8tZSJ-_HjVO0T1_3w&amp;nd=1&amp;dlsi=2110cb91caef4cd4\" rel=\"nofollow noopener\" target=\"_blank\">Spotify<\/a>\u00a0como en\u00a0<a href=\"https:\/\/www.ivoox.com\/hipoacusias-sordera-la-ciencia-lo-audios-mp3_rf_162996046_1.html\" rel=\"nofollow noopener\" target=\"_blank\">iVoox<\/a>.<\/p>\n<p>El p\u00f3dcast \u201c<strong>La Ciencia de lo Singular<\/strong>\u201d es una iniciativa de\u00a0<strong>Share4Rare<\/strong>\u00a0y del Centro de Investigaci\u00f3n Biom\u00e9dica en Red de Enfermedades Raras,\u00a0<strong>CIBERER<\/strong>. Suscr\u00edbete a nuestros\u00a0<strong>canales de\u00a0<\/strong><a href=\"https:\/\/open.spotify.com\/show\/1EZ2SsgL1HyYL2WzXkpFus\" rel=\"nofollow noopener\" target=\"_blank\"><strong>Spotify<\/strong><\/a><strong>\u00a0e\u00a0<\/strong><a href=\"https:\/\/www.ivoox.com\/podcast-ciencia-lo-singular_sq_f11839824_1.html\" rel=\"nofollow noopener\" target=\"_blank\"><strong>iVoox<\/strong><\/a>\u00a0para recibir notificaciones del estreno de nuevos cap\u00edtulos.\u00a0<\/p>\n","protected":false},"excerpt":{"rendered":"CIBER | viernes, 21 de noviembre de 2025 Con este cap\u00edtulo se pone en marcha la nueva temporada&hellip;\n","protected":false},"author":2,"featured_media":247849,"comment_status":"","ping_status":"","sticky":false,"template":"","format":"standard","meta":{"footnotes":""},"categories":[92],"tags":[25,24,165,166,23],"class_list":{"0":"post-247848","1":"post","2":"type-post","3":"status-publish","4":"format-standard","5":"has-post-thumbnail","7":"category-salud","8":"tag-es","9":"tag-espana","10":"tag-health","11":"tag-salud","12":"tag-spain"},"share_on_mastodon":{"url":"https:\/\/pubeurope.com\/@es\/115587098032309739","error":""},"_links":{"self":[{"href":"https:\/\/www.europesays.com\/es\/wp-json\/wp\/v2\/posts\/247848","targetHints":{"allow":["GET"]}}],"collection":[{"href":"https:\/\/www.europesays.com\/es\/wp-json\/wp\/v2\/posts"}],"about":[{"href":"https:\/\/www.europesays.com\/es\/wp-json\/wp\/v2\/types\/post"}],"author":[{"embeddable":true,"href":"https:\/\/www.europesays.com\/es\/wp-json\/wp\/v2\/users\/2"}],"replies":[{"embeddable":true,"href":"https:\/\/www.europesays.com\/es\/wp-json\/wp\/v2\/comments?post=247848"}],"version-history":[{"count":0,"href":"https:\/\/www.europesays.com\/es\/wp-json\/wp\/v2\/posts\/247848\/revisions"}],"wp:featuredmedia":[{"embeddable":true,"href":"https:\/\/www.europesays.com\/es\/wp-json\/wp\/v2\/media\/247849"}],"wp:attachment":[{"href":"https:\/\/www.europesays.com\/es\/wp-json\/wp\/v2\/media?parent=247848"}],"wp:term":[{"taxonomy":"category","embeddable":true,"href":"https:\/\/www.europesays.com\/es\/wp-json\/wp\/v2\/categories?post=247848"},{"taxonomy":"post_tag","embeddable":true,"href":"https:\/\/www.europesays.com\/es\/wp-json\/wp\/v2\/tags?post=247848"}],"curies":[{"name":"wp","href":"https:\/\/api.w.org\/{rel}","templated":true}]}}