{"id":247856,"date":"2025-11-21T10:04:42","date_gmt":"2025-11-21T10:04:42","guid":{"rendered":"https:\/\/www.europesays.com\/es\/247856\/"},"modified":"2025-11-21T10:04:42","modified_gmt":"2025-11-21T10:04:42","slug":"el-gobierno-mejora-la-subida-salarial-para-los-funcionarios-un-11-hasta-2028","status":"publish","type":"post","link":"https:\/\/www.europesays.com\/es\/247856\/","title":{"rendered":"El Gobierno mejora la subida salarial para los funcionarios: un 11% hasta 2028"},"content":{"rendered":"<p class=\"paragraph\">El Gobierno ha mejorado<a href=\"https:\/\/www.heraldo.es\/noticias\/nacional\/2025\/11\/20\/el-gobierno-insulta-a-los-funcionarios-con-una-oferta-de-subida-salarial-del-10-hasta-2028-1871848.html\" title=\"El Gobierno &quot;insulta&quot; a los funcionarios con una oferta de subida salarial del 10% hasta 2028\" rel=\"nofollow noopener\" target=\"_blank\"> la<b> oferta salarial <\/b>para los empleados p\u00fablicos<\/a> ofreciendo un incremento del 11 % para el periodo 2025-2028, despu\u00e9s de que este mi\u00e9rcoles los sindicatos<b> rechazaran un alza del 10 <\/b>%, seg\u00fan confirmaron fuentes de la negociaci\u00f3n.<\/p>\n<p class=\"paragraph\">El Ministerio para la Transformaci\u00f3n Digital y de la Funci\u00f3n P\u00fablica ha vuelto a reunirse con los sindicatos<b> CCOO, UGT y CSIF <\/b>para abordar un <b>nuevo acuerdo salarial y de empleo<\/b> para el sector p\u00fablico para este a\u00f1o y los tres pr\u00f3ximos despu\u00e9s de que el anterior caducara en 2024.<\/p>\n<p class=\"paragraph\">Los sindicatos mostraron su rechazo a una propuesta que consideraron insuficiente, hasta el punto de que<b> CCOO amenaz\u00f3 incluso con convocar una huelga general<\/b> en diciembre si el Gobierno no ofrec\u00eda una oferta m\u00e1s ambiciosa.\u00a0<\/p>\n<p>Condiciones<\/p>\n<p class=\"paragraph\">Ese porcentaje del 11% se repartir\u00eda en los cuatro a\u00f1os y tendr\u00eda una parte fija y otra variable, a\u00fan por definir, seg\u00fan las mismas fuentes.<\/p>\n<p class=\"paragraph\">Esta nueva propuesta ha sido trasladada a los sindicatos por la secretaria de Estado de Funci\u00f3n P\u00fablica, <b>Consuelo S\u00e1nchez Naranjo,<\/b> en el marco de una nueva reuni\u00f3n para seguir abordando el marco plurianual de relaciones laborales y salariales de los m\u00e1s de tres millones de empleados p\u00fablicos.<\/p>\n<p class=\"paragraph\">El encuentro de este jueves se convoc\u00f3 despu\u00e9s de que CCOO, UGT y CSIF rechazaran en el d\u00eda de ayer la primera oferta del Gobierno por considerarla insuficiente para que los m\u00e1s de tres millones de empleados p\u00fablicos recuperen y no pierdan poder adquisitivo.<\/p>\n<p class=\"paragraph\"><b> El \u00faltimo acuerdo salarial entre el Gobierno y los sindicatos estuvo vigente entre 2022-2024<\/b>, y contemplaba subidas retributivas con una parte fija y variable. Este pacto permiti\u00f3 elevar los sueldos de los funcionarios en este periodo en torno a un 10% (cuando se firm\u00f3, en el oto\u00f1o de 2022, la inflaci\u00f3n estaba entonces en un 10%), lo que implic\u00f3 un gasto cercano a los 13.000 millones de euros.<\/p>\n","protected":false},"excerpt":{"rendered":"El Gobierno ha mejorado la oferta salarial para los empleados p\u00fablicos ofreciendo un incremento del 11 % para&hellip;\n","protected":false},"author":2,"featured_media":247857,"comment_status":"","ping_status":"","sticky":false,"template":"","format":"standard","meta":{"footnotes":""},"categories":[5],"tags":[17,18,25,24,13,14,4868,582,11,19,20,8719,9,10,15,16,29544,23,12083,12,21,22],"class_list":{"0":"post-247856","1":"post","2":"type-post","3":"status-publish","4":"format-standard","5":"has-post-thumbnail","7":"category-titulares","8":"tag-breaking-news","9":"tag-breakingnews","10":"tag-es","11":"tag-espana","12":"tag-featured-news","13":"tag-featurednews","14":"tag-funcionarios","15":"tag-gobierno","16":"tag-headlines","17":"tag-latest-news","18":"tag-latestnews","19":"tag-mejora","20":"tag-news","21":"tag-noticias","22":"tag-noticias-destacadas","23":"tag-noticiasdestacadas","24":"tag-salarial","25":"tag-spain","26":"tag-subida","27":"tag-titulares","28":"tag-ultimas-noticias","29":"tag-ultimasnoticias"},"share_on_mastodon":{"url":"https:\/\/pubeurope.com\/@es\/115587125300082205","error":""},"_links":{"self":[{"href":"https:\/\/www.europesays.com\/es\/wp-json\/wp\/v2\/posts\/247856","targetHints":{"allow":["GET"]}}],"collection":[{"href":"https:\/\/www.europesays.com\/es\/wp-json\/wp\/v2\/posts"}],"about":[{"href":"https:\/\/www.europesays.com\/es\/wp-json\/wp\/v2\/types\/post"}],"author":[{"embeddable":true,"href":"https:\/\/www.europesays.com\/es\/wp-json\/wp\/v2\/users\/2"}],"replies":[{"embeddable":true,"href":"https:\/\/www.europesays.com\/es\/wp-json\/wp\/v2\/comments?post=247856"}],"version-history":[{"count":0,"href":"https:\/\/www.europesays.com\/es\/wp-json\/wp\/v2\/posts\/247856\/revisions"}],"wp:featuredmedia":[{"embeddable":true,"href":"https:\/\/www.europesays.com\/es\/wp-json\/wp\/v2\/media\/247857"}],"wp:attachment":[{"href":"https:\/\/www.europesays.com\/es\/wp-json\/wp\/v2\/media?parent=247856"}],"wp:term":[{"taxonomy":"category","embeddable":true,"href":"https:\/\/www.europesays.com\/es\/wp-json\/wp\/v2\/categories?post=247856"},{"taxonomy":"post_tag","embeddable":true,"href":"https:\/\/www.europesays.com\/es\/wp-json\/wp\/v2\/tags?post=247856"}],"curies":[{"name":"wp","href":"https:\/\/api.w.org\/{rel}","templated":true}]}}