{"id":247858,"date":"2025-11-21T10:09:08","date_gmt":"2025-11-21T10:09:08","guid":{"rendered":"https:\/\/www.europesays.com\/es\/247858\/"},"modified":"2025-11-21T10:09:08","modified_gmt":"2025-11-21T10:09:08","slug":"federer-debi-haber-ganado-la-final-contra-del-potro-en-el-us-open-2009","status":"publish","type":"post","link":"https:\/\/www.europesays.com\/es\/247858\/","title":{"rendered":"Federer: \u201cDeb\u00ed haber ganado la final contra Del Potro en el US Open 2009\u201d"},"content":{"rendered":"<p class=\"\"><b>El tenista suizo Roger Federer, <\/b>una de las grandes leyendas de la historia del tenis, ha concedido una<a href=\"https:\/\/www.tagesanzeiger.ch\/roger-federer-interview-about-induction-in-the-hall-of-fame-293686127505\" target=\"_self\" rel=\"nofollow noopener\" title=\"https:\/\/www.tagesanzeiger.ch\/roger-federer-interview-about-induction-in-the-hall-of-fame-293686127505\"><b> extensa entrevista al medio suizo Tages Anzeiger <\/b><\/a>despu\u00e9s de confirmarse su entrada en 2026 en el Sal\u00f3n de la Fama del Tenis en reconocimiento a su carrera y tras ser considera por muchos como uno de los mejores tenistas de la historia, e incluso el mejor.<\/p>\n<p class=\"\">Federer asegura que su camino en el tenis ha sido m\u00e1s f\u00e1cil de lo que esperaba. <b>\u201cCreo el camino al Sal\u00f3n de la Fama ha sido m\u00e1s f\u00e1cil de lo que pensaba. Nunca habr\u00eda cre\u00eddo que entrar\u00eda en el Sal\u00f3n de la Fama o que ganar\u00eda Wimbledon. <\/b>S\u00f3lo esperada dar el salto al circuito profesional. Esperaba que no fuese un error dejar el colegio a los 16 a\u00f1os. Pero todo fue m\u00e1s f\u00e1cil y r\u00e1pido de lo que pensaba. Tambi\u00e9n he tenido mis dificultades y contratiempos\u201d<\/p>\n<p class=\"\">Un Federer que tambi\u00e9n se mostr\u00f3 muy sincero a la hora de confesar que no cambiar\u00eda nada de lo vivido en su carrera profesional. <b>\u201cNo cambiar\u00eda nada de lo que hice, me gustar\u00eda vivirlo todo de nuevo, con sus altibajos. <\/b>Todas esas experiencias me han hecho la persona que soy. Nunca intent\u00e9 pretender ser alguien, excepto en la pista, donde pon\u00eda cara de p\u00f3ker para protegerme de mis rivales. Pero m\u00e1s all\u00e1 siempre he intentado ser aut\u00e9ntico, en el \u00e9xito y en la derrota. Ha sido un viaje maravilloso. A veces duro, otras emocional, pero he vivido todas las emociones\u201d.<\/p>\n<p class=\"\">El tenista de Basilea tambi\u00e9n relat\u00f3 que su etapa m\u00e1s dura en el tenis fue el paso de junior a profesionales y la seriedad en el circuito.<b> \u201cLo m\u00e1s dif\u00edcil de todo para m\u00ed fue el paso de juniors a profesionales.<\/b> Al principio era precioso, porque de repente coincid\u00edas en el vestuario con Pete Sampras, Andre Agassi, Tim Henman, Yevgeny Kafelnikov, Carlos Moy\u00e0 y otros. Y pensaba: \u2018\u00a1Esto es lo mejor!\u201d Pero entonces todo se puso serio. Un chaval enrolla su grip en su raqueta con cara de pocos amigos y piensas: \u2018\u00a1Oh, Dios m\u00edo, qu\u00e9 intenso!\u2019 Otro camina a tu lado sin mirarte y piensas: \u2018\u00a1Me quiere ganar a toda costa! \u00bfEs tan importante?\u2019 <b>Esa fase fue muy dura para m\u00ed. Cuando viajas mucho, pierdes con frecuencia y acabas saturado emocionalmente piensas: \u2018No he le\u00eddo la letra peque\u00f1a del contrato\u2019. <\/b>No fueron todos los partidos divertidos. Eso fue serio para m\u00ed. De los 18 a los 20-21 a\u00f1os fueron duros para m\u00ed. Despu\u00e9s ya no me volvi\u00f3 a pasar. Empec\u00e9 a tener buenas expectativas, y ten\u00eda a Mirka (Vavrinec, su mujer) ya en mi equipo. Siempre nos divert\u00edamos. Cuando las cosas se pon\u00edan serias, brome\u00e1bamos m\u00e1s de lo normal y todo esta bien de nuevo\u00bb.<\/p>\n<p class=\"\">Un Federer que tambi\u00e9n agradece la comprensi\u00f3n de sus padres al no entrometerse en sus inicios, algo que el propio Federer quiere aplicarse con su hijo Leo. \u201cAprend\u00ed mucho de mis padres durante mi carrera. No se entromet\u00edan si no hac\u00edan falta. Me llamaban a mi entrenador y a m\u00ed para preguntar qu\u00e9 tal y cuando les dec\u00edamos que iba todo bien no se met\u00edan. No recuerdo que me fueran a visitar cuando entren\u00e9 con la Federaci\u00f3n Suiza, y les pregunt\u00e9 luego si hab\u00edan ido alguna vez. \u201cDos o tres veces\u201d, me dijeron. Y eso en dos a\u00f1os. <b>Ahora estoy intentando hacer un ambiente ideal para mi hijo Leo, de once a\u00f1os. Me veo m\u00e1s de gestor que de entrenador de Leo. No le he presionado, pero desde hace un a\u00f1o quiere jugar m\u00e1s al tenis e intento que lo haga.<\/b> A su edad necesita entrenamientos y partidos, y quiero que Leo tenga buenos entrenadores y compa\u00f1eros para entrenar. Creo que lo est\u00e1 haciendo genial y ya ha competido en alg\u00fan torneo. Me ilusiona mucho apoyarle y no me importan sus resultados, sino que se divierta y progrese. Mi consejo es confiar en los entrenadores. Con Leo me dicen \u2018Aunque est\u00e9s en un segundo plano, tienes que saber qu\u00e9 est\u00e1 pasando\u2019\u201d<\/p>\n<p class=\"\">Tras su retirada Federer asegura que ya ha vuelto a jugar al tenis despu\u00e9s de hacer rehabilitaci\u00f3n y de probar otras disciplinas como el pilates o el golf. <b>\u201cDespu\u00e9s de retirarme hice mucha rehabilitaci\u00f3n. He seguido entrenando pero no he jugado tanto al tenis para proteger mi rodilla. He hecho pilates y estoy probando con el golf, y no sent\u00ed dolor. Y por eso empec\u00e9 a jugar al golf. <\/b>Creo que lo que estoy aprendiendo en el golf me puede beneficiar en un futuro. Es como montar en bicicleta o nadar, nunca se olvida. Ahora juego m\u00e1s al tenis porque me siento mejor de la rodilla. He jugado en verano con Ivo Heuberger y tambi\u00e9n con mis hijos. Mi objetivo es poder jugar algunas exhibiciones y quiz\u00e1s ocurra en 2026. Estoy entrenando de cara a final de a\u00f1o. Deber\u00eda llamar a Pierre Paganini (su primer entrenador) y decirle: \u2018\u00bfQu\u00e9 tengo que hacer ahora? Que se me ha olvidado\u2019. Creo que le llamar\u00e9 la semana que viene.<\/p>\n<p class=\"\">El suizo tambi\u00e9n dej\u00f3 la puerta abierta a realizar una gira de exhibici\u00f3n con Rafa Nadal y ayudar as\u00ed a una buena causa. \u201c<b>Ser\u00eda genial hacer una gira de exhibici\u00f3n con Rafa Nadal. <\/b>Si ahora jug\u00e1semos partidos de exhibici\u00f3n tras nuestras carreras tendr\u00edamos m\u00e1s tiempo y no deber\u00edamos tener prisa de cara al siguiente proyecto. Podr\u00edamos hacerlo por una buena causa, recaudando fondos para mi fundaci\u00f3n e inspirando a los ni\u00f1os. A\u00fan no tenemos nada planeado pero podr\u00edan surgir cosas muy interesantes\u201d<\/p>\n<p class=\"\">Federer tambi\u00e9n quiso recordar su inspirador discurso en la Universidad de Dartmouth y no dud\u00f3 en comparar al tenis con el boxeo y la capacidad de resistencia. \u201cLa capacidad de afrontar los errores, las derrotas y las decepciones forjan a los campeones. As\u00ed es el tenis tambi\u00e9n, siempre pendes de un hilo. Pasas de \u2018\u00a1Qu\u00e9 golpe, estoy imparable hoy!\u2019 a cometer dos errores y perder toda la confianza. Es importante transmitir a los ni\u00f1os la inseguridad que tambi\u00e9n sentimos nosotros. <b>La presi\u00f3n en el tenis es muy grandes y lo importante es cu\u00e1ntos golpes puedes aguantar, como un boxeador.<\/b> Recibir un golpe y seguir adelante. Los intentas esquivar pero alguno te dar\u00e1. No te duelen f\u00edsicamente, pero en el tenis tienes que tener esa mentalidad de boxeador: encajar golpes y levantarte una y otra vez\u201d.<\/p>\n<p class=\"\">En la entrevista Federer tambi\u00e9n confes\u00f3 que hay un partido que s\u00ed que le gustar\u00eda haber ganado y se le escap\u00f3.<b> \u201cMe gustar\u00eda volver a jugar la final del US Open 2009 contra Juan Mart\u00edn del Potro. Deb\u00ed haber ganado ese partido. Tuve dolores de espalda en el calentamiento y luego fall\u00e9 muchos golpes. <\/b>Adem\u00e1s, Del Potro puso fin a mi racha de victorias en el US Open despu\u00e9s de cinco t\u00edtulos seguidos, al igual que me pas\u00f3 en Wimbledon en 2008. Cuando ten\u00eda que defender una racha, el partido era a\u00fan m\u00e1s importante. Pero en Wimbledon ten\u00eda que pasar, porque Nadal se lo merec\u00eda much\u00edsimo. \u2018Est\u00e1 bien\u2019, pens\u00e9. Pero ante Del Potro deber\u00eda haber ganado\u201d.<\/p>\n<p class=\"\">Un Federer que, sin embargo, rest\u00f3 importancia a la dura derrota que sufri\u00f3 ante Djokovic en la ag\u00f3nica final de Wimbledon 2019: <b>\u201cNo me preocup\u00f3 mucho, no s\u00e9 por qu\u00e9. Quiz\u00e1s porque estaban los ni\u00f1os o porque le gan\u00e9 a Nadal en la semifinal.<\/b> Entonces pens\u00e9: \u2018Ya pas\u00f3, he hecho un gran torneo y ha sido una pena haber perdido\u2019. Lo analic\u00e9 con objetividad, y aunque lo record\u00e9 los d\u00edas posteriores, nunca m\u00e1s me obsesion\u00e9 con ello. Para m\u00ed no fue una derrota traum\u00e1tica. Pens\u00e9: \u2018A partir de ahora, ser\u00e1 un buen recuerdo\u2019. No lo merec\u00eda porque hab\u00eda jugado muy bien, pero cuando volv\u00ed a casa los ni\u00f1os vinieron corriendo hacia m\u00ed. Tras relajarme, baj\u00e9 al sal\u00f3n, donde hab\u00eda cerca de 30 personas y pasamos una gran noche\u201d.<\/p>\n<p>Noticias relacionadas<\/p>\n<p class=\"\">Por \u00faltimo Federer habl\u00f3 de la rivalidad que ha mantenido con Nadal y Djokovic a lo largo de su carrera y los cap\u00edtulos que han dado para repasar juntos en un futuro. <b>\u201cMe imagino sentarme con Djokovic y Nadal repasando nuestras carreras. R<\/b>ivalidades como las nuestras crean un v\u00ednculo enorme. Ahora lo veo de forma distinta a antes. Novak a\u00fan no lo entiende y Nadal lo va asimilando poco a poco. Cuando est\u00e1s en activo, como Djokovic, no puedes pensar en ello como yo. Cuanto m\u00e1s tiempo pasa, menos te identificas como tenista y ves m\u00e1s el panorama general. Puedo haberme tomado algo muy a pecho y luego no acordarme. Me encantar\u00eda sentarme a charlar con Djokovic y Nadal sobre los viejos tiempos\u201d.<\/p>\n<p class=\"\"><b>\u00a1Tus opiniones importan!<\/b> Comenta en los art\u00edculos y suscr\u00edbete gratis a nuestra <a href=\"https:\/\/asfan.as.com\/newsletters\/\" target=\"_blank\" rel=\"nofollow noopener\" title=\"https:\/\/asfan.as.com\/newsletters\/\">newsletter<\/a> y a las alertas informativas en la <a href=\"https:\/\/as.com\/aplicacion-de-as-n\/\" target=\"_blank\" rel=\"nofollow noopener\" title=\"https:\/\/as.com\/aplicacion-de-as-n\/\">App<\/a> o el canal de <a href=\"https:\/\/www.whatsapp.com\/channel\/0029VaAasdA7j6g745nz9M10\" target=\"_blank\" rel=\"nofollow noopener\" title=\"https:\/\/www.whatsapp.com\/channel\/0029VaAasdA7j6g745nz9M10\">WhatsApp<\/a>. \u00bfBuscas licenciar contenido? Haz clic <a href=\"https:\/\/profesional.elpais.com\/soluciones-sindicacion?utm_medium=interno&amp;utm_source=crosslinking&amp;utm_campaign=sindicacion_as_pie_articulos\" target=\"_blank\" rel=\"nofollow noopener\" title=\"https:\/\/profesional.elpais.com\/soluciones-sindicacion?utm_medium=interno&amp;utm_source=crosslinking&amp;utm_campaign=sindicacion_as_pie_articulos\">aqu\u00ed<\/a><\/p>\n","protected":false},"excerpt":{"rendered":"El tenista suizo Roger Federer, una de las grandes leyendas de la historia del tenis, ha concedido una&hellip;\n","protected":false},"author":2,"featured_media":247859,"comment_status":"","ping_status":"","sticky":false,"template":"","format":"standard","meta":{"footnotes":""},"categories":[274],"tags":[168,25,24,23,167,327,326],"class_list":{"0":"post-247858","1":"post","2":"type-post","3":"status-publish","4":"format-standard","5":"has-post-thumbnail","7":"category-tenis","8":"tag-deportes","9":"tag-es","10":"tag-espana","11":"tag-spain","12":"tag-sports","13":"tag-tenis","14":"tag-tennis"},"share_on_mastodon":{"url":"https:\/\/pubeurope.com\/@es\/115587145143381859","error":""},"_links":{"self":[{"href":"https:\/\/www.europesays.com\/es\/wp-json\/wp\/v2\/posts\/247858","targetHints":{"allow":["GET"]}}],"collection":[{"href":"https:\/\/www.europesays.com\/es\/wp-json\/wp\/v2\/posts"}],"about":[{"href":"https:\/\/www.europesays.com\/es\/wp-json\/wp\/v2\/types\/post"}],"author":[{"embeddable":true,"href":"https:\/\/www.europesays.com\/es\/wp-json\/wp\/v2\/users\/2"}],"replies":[{"embeddable":true,"href":"https:\/\/www.europesays.com\/es\/wp-json\/wp\/v2\/comments?post=247858"}],"version-history":[{"count":0,"href":"https:\/\/www.europesays.com\/es\/wp-json\/wp\/v2\/posts\/247858\/revisions"}],"wp:featuredmedia":[{"embeddable":true,"href":"https:\/\/www.europesays.com\/es\/wp-json\/wp\/v2\/media\/247859"}],"wp:attachment":[{"href":"https:\/\/www.europesays.com\/es\/wp-json\/wp\/v2\/media?parent=247858"}],"wp:term":[{"taxonomy":"category","embeddable":true,"href":"https:\/\/www.europesays.com\/es\/wp-json\/wp\/v2\/categories?post=247858"},{"taxonomy":"post_tag","embeddable":true,"href":"https:\/\/www.europesays.com\/es\/wp-json\/wp\/v2\/tags?post=247858"}],"curies":[{"name":"wp","href":"https:\/\/api.w.org\/{rel}","templated":true}]}}