{"id":247860,"date":"2025-11-21T10:10:12","date_gmt":"2025-11-21T10:10:12","guid":{"rendered":"https:\/\/www.europesays.com\/es\/247860\/"},"modified":"2025-11-21T10:10:12","modified_gmt":"2025-11-21T10:10:12","slug":"alexander-vinokurov-jr-pasa-de-la-bicicleta-al-equipo-tecnico-del-xds-astana-esciclismo","status":"publish","type":"post","link":"https:\/\/www.europesays.com\/es\/247860\/","title":{"rendered":"Alexander Vinokurov Jr. pasa de la bicicleta al equipo t\u00e9cnico del XDS-Astana &#8211; Esciclismo"},"content":{"rendered":"<ol>\n<li><a href=\"https:\/\/news.google.com\/rss\/articles\/CBMiakFVX3lxTFB4WGcxZVZXa2Vmd2YtUGxGemtjSkZwa2FTeGVYSk50dXFHQlZNSDM4dnJySmJmQ2RBRDZzSjg0OWJFc2lIX2c3TlJuSEd0bmU1eUEwbS01UzhuUVhkRXE4ckM5R2RoeVFDMUE?oc=5\" target=\"_blank\" rel=\"nofollow noopener\">Alexander Vinokurov Jr. pasa de la bicicleta al equipo t\u00e9cnico del XDS-Astana<\/a>&nbsp;&nbsp;Esciclismo<\/li>\n<li><a href=\"https:\/\/news.google.com\/rss\/articles\/CBMivAFBVV95cUxNWlVrbHlYdHJHa2VOZDd3aHZ1elJ2ZjNDRmtDLVdoRTRkM0ZLT3pOMmh0X2w5NWV3dHItRFg3cFRwZXpqYVI2RGlraHlBZFJlVURsTWozSGhfTlNSV0Y2djFla3JqYmVxOXZxSWtBdmppMloyTlZlNDVoU0Y2Q0NjZUFqT2ZFOExqcExaLUpRZzd0TW0yamhUaGtIRXoyUC1yMTZ5SUEzelVqMFVmaUZkM1FBSXphREZ6WE9hYdIBvAFBVV95cUxPSV91R2c1NFRWU0RMOXl4dVo0ZXdLMnNDSXNRU21YS05rbmdLNHIzd3k2TFpwcERvX0d3cWtmdWdsZlNVT0Nnby1NVG1BanptTHZEQ1VRRnFUSWNYTFBPUTJFNjgzendTWVRLNDlBeWVYM2FLV19Ebk1MU3U2VHNLdlloSVZnTVYwdEpDVHdPYU02U2c4YkJhV3RHbzZTVjBXZGJucjhjV2hKaGRkSnhkSXRXTkkySjQwak5tYQ?oc=5\" target=\"_blank\" rel=\"nofollow noopener\">Vinokurov cambia de rol: de promesa del pelot\u00f3n a director deportivo en pr\u00e1cticas con solo 23 a\u00f1os<\/a>&nbsp;&nbsp;MARCA<\/li>\n<li><a href=\"https:\/\/news.google.com\/rss\/articles\/CBMiwAFBVV95cUxQT1NWSnZKc0gzMzRqMG9WRjQ0YkZWRUZLZkxLdTV6MmIxejNNX1AtMHdCblZPRTk2XzFSZ0k5REpmRFFlME0zWXFXbkxfOVM5VmpNeHRRdnN4d1M1V1Zqall5bkNfNFRNeGxXRVl0M1pyLU9xSTFPSnJUOVJBRTBKbUxkZVlXenhEcno1c3dRdldudzhaYjNBZlRmYUF5Ty1mcmdhY0Q4cF9qYWh1d3VqTThSTnF4VWljeTZvZkJZX1_SAdQBQVVfeXFMT042ZkN0UDFYUEctRnZKaHVERmUzTG5uNWNCM2R6RlF2UFVLbmotSEhMbXVYbm1RanQ2am9yTnN3T0NKbjBGVW9WNjIzdHprRnRYNTVMMkU4QV9vLUNmbVpHbTlRLXlJT3QyMHAydVBfalBPTFJQYmRpSUhIY215ZF9nRWhRS1pXbnh0aGE0Qy01VDR5SnZZUi03VmlqUkxFNTkxandFNEpyaUE2a1ptWXhJZ1NRUjd3WlQ2TUxTYTB6WVJNU1FldU8xaFN1OXF6c3lCYmY?oc=5\" target=\"_blank\" rel=\"nofollow noopener\">El hijo de Vinokurov cambia la bici por la direcci\u00f3n deportiva en el Astana<\/a>&nbsp;&nbsp;Diario AS<\/li>\n<li><a href=\"https:\/\/news.google.com\/rss\/articles\/CBMinwFBVV95cUxQcXM3VW5kcW9zVzFtQW5VVXpLZi1XS2p2VW5oaDduUzBiR09WVjFTSHF2c1JzSnc2X1N0eHBZVWZ5dVIzTDRQQ3dYa1ctb3RGX3BIaVRrNnBfWHF6MGpLaFhBNnRlM2IzUWlVUWhYVjhCanZaQXRIeF9icTBEQXRja3VxSy1WRDFJblVNSmpTUVp4NFliaG9aeDZHOW56Wkk?oc=5\" target=\"_blank\" rel=\"nofollow noopener\">Se retir\u00f3 y ahora ser\u00e1 director deportivo en Astana con \u00a123 a\u00f1os!<\/a>&nbsp;&nbsp;Ciclismo Internacional<\/li>\n<li><a href=\"https:\/\/news.google.com\/rss\/articles\/CBMiqwFBVV95cUxQUDhCOElmOFZzcnBvdW81MXQ1aGpUa2JQNXhfWnNXOW55bkRCWDNDNC1QTHJCRzhMV1R6cTRCeEN6RkxnNDlXWkVXRnFHNU1uaTY5bWlndHF3elg4NFRwZmdIRFZDSi1RcUdLRlpyQU5XM2N6VnU3d3RIVmFKbHYyS2k3RTlVUDBxNkVPRkQtNi1tQ1IyOG5CZ0czTVJCY0otVTVicEZ1M25EQzQ?oc=5\" target=\"_blank\" rel=\"nofollow noopener\">\u00a1El hijo de Alexander Vinokourov pasa a ser director deportivo con 23 a\u00f1os!<\/a>&nbsp;&nbsp;Ciclismoaldia.es<\/li>\n<\/ol>\n","protected":false},"excerpt":{"rendered":"Alexander Vinokurov Jr. pasa de la bicicleta al equipo t\u00e9cnico del XDS-Astana&nbsp;&nbsp;Esciclismo Vinokurov cambia de rol: de promesa&hellip;\n","protected":false},"author":2,"featured_media":247861,"comment_status":"","ping_status":"","sticky":false,"template":"","format":"standard","meta":{"footnotes":""},"categories":[273],"tags":[63111,988,313,1757,312,168,158,25,24,3368,48870,10747,23,167,63112],"class_list":{"0":"post-247860","1":"post","2":"type-post","3":"status-publish","4":"format-standard","5":"has-post-thumbnail","7":"category-ciclismo","8":"tag-alexandr","9":"tag-anos","10":"tag-ciclismo","11":"tag-ciclista","12":"tag-cycling","13":"tag-deportes","14":"tag-el","15":"tag-es","16":"tag-espana","17":"tag-junior","18":"tag-kazajo","19":"tag-quien","20":"tag-spain","21":"tag-sports","22":"tag-vinokurov"},"share_on_mastodon":{"url":"https:\/\/pubeurope.com\/@es\/115587148844593711","error":""},"_links":{"self":[{"href":"https:\/\/www.europesays.com\/es\/wp-json\/wp\/v2\/posts\/247860","targetHints":{"allow":["GET"]}}],"collection":[{"href":"https:\/\/www.europesays.com\/es\/wp-json\/wp\/v2\/posts"}],"about":[{"href":"https:\/\/www.europesays.com\/es\/wp-json\/wp\/v2\/types\/post"}],"author":[{"embeddable":true,"href":"https:\/\/www.europesays.com\/es\/wp-json\/wp\/v2\/users\/2"}],"replies":[{"embeddable":true,"href":"https:\/\/www.europesays.com\/es\/wp-json\/wp\/v2\/comments?post=247860"}],"version-history":[{"count":0,"href":"https:\/\/www.europesays.com\/es\/wp-json\/wp\/v2\/posts\/247860\/revisions"}],"wp:featuredmedia":[{"embeddable":true,"href":"https:\/\/www.europesays.com\/es\/wp-json\/wp\/v2\/media\/247861"}],"wp:attachment":[{"href":"https:\/\/www.europesays.com\/es\/wp-json\/wp\/v2\/media?parent=247860"}],"wp:term":[{"taxonomy":"category","embeddable":true,"href":"https:\/\/www.europesays.com\/es\/wp-json\/wp\/v2\/categories?post=247860"},{"taxonomy":"post_tag","embeddable":true,"href":"https:\/\/www.europesays.com\/es\/wp-json\/wp\/v2\/tags?post=247860"}],"curies":[{"name":"wp","href":"https:\/\/api.w.org\/{rel}","templated":true}]}}