{"id":247866,"date":"2025-11-21T10:14:12","date_gmt":"2025-11-21T10:14:12","guid":{"rendered":"https:\/\/www.europesays.com\/es\/247866\/"},"modified":"2025-11-21T10:14:12","modified_gmt":"2025-11-21T10:14:12","slug":"el-video-del-que-todos-hablan","status":"publish","type":"post","link":"https:\/\/www.europesays.com\/es\/247866\/","title":{"rendered":"el v\u00eddeo del que todos hablan"},"content":{"rendered":"<p><a title=\"Nagore Robles\" href=\"https:\/\/www.larazon.es\/gente\/famosos\/nagore-robles-mas-sincera-que-nunca-relacion-sandra-barneda-llevo-bien-todo-mundo_2025100368dfa74d6c793a7e698d777a.html\" target=\"_blank\" rel=\"nofollow noopener\">Nagore Robles<\/a> ha sufrido mucho por amor. Tambi\u00e9n o ha disfrutado. La presentadora sabe a la perfecci\u00f3n que quien lo apuesta todo, puede perder, pero siempre merece la pena seguir intent\u00e1ndolo, cuando se experimentan sentimientos tan bonitos como los que le despierta <a title=\"su amada, Carla Flila\" href=\"https:\/\/www.larazon.es\/gente\/famosos\/primeras-palabras-carla-flila-ruptura-nagore-quiero-voy-querer-toda-vida_2025090668bbff278f77821956b48465.html\" target=\"_blank\" rel=\"nofollow noopener\">su amada, Carla Flila<\/a>. Esa con la que no ha tenido tampoco demasiada suerte, pues recientemente han protagonizado una <b>dolorosa ruptura, aunque parece que est\u00e1n poniendo soluci\u00f3n a sus diferencias<\/b>. <\/p>\n<p>Poco a poco se van dejando ver de nuevo juntas y en las \u00faltimas semanas han dado mayor normalidad a sus citas. Esto ha hecho creer a todos que han decidido darse una nueva oportunidad en su historia de amor, aunque no han querido pronunciarse sobre las negociaciones \u00edntimas que han mantenido hasta llegar hasta este punto. Y es que la \u00faltima vez que supimos lo que sent\u00edan, Nagore estaba completamente devastada, en pleno duelo por su ruptura, encajando un nuevo traspi\u00e9s amoroso. Ahora <b>reaparece m\u00e1s feliz que nunca, contagiada por el esp\u00edritu de la Navidad<\/b> y, para sorpresa de algunos, con Carla Flila a su lado. <\/p>\n<p>Nagore Robles prepara su Navidad de vuelta con su novia<\/p>\n<p>Para algunos, la Navidad comienza el mismo d\u00eda que se quita la decoraci\u00f3n de Halloween. Al menos as\u00ed sucede en centros comerciales y tiendas a pie de calle, adelantando cada vez m\u00e1s los villancicos. Esto empuja a muchos a poner los adornos navide\u00f1os en sus hogares, ante la ilusi\u00f3n de tan m\u00e1gicas fiestas. Este es el caso de <b>Nagore Robles, quien ya se ha animado a desempolvar el \u00e1rbol, las guirnaldas y las bolas. <\/b><\/p>\n<p>As\u00ed lo muestra a sus fans en su cuenta personal de Instagram, mostrando c\u00f3mo viste su hogar con aires navide\u00f1os junto a las dos mujeres de su vida: su madre Puri y su novia, Carla Flila. Un momento que ayuda a generar recuerdos bonitos para atesorar en la memoria, que ella ha resumido en un v\u00eddeo repleto de muestras de cari\u00f1o e ilusi\u00f3n navide\u00f1a: <b>\u201cDerriti\u00e9ndome con este v\u00eddeo. No soy muy navide\u00f1a, pero s\u00e9 que a ellas les hace ilusi\u00f3n y eso a m\u00ed me hace muy feliz\u201d<\/b>, escribe la presentadora de \u2018Gran Hermano\u2019 en su post. <\/p>\n<p>As\u00ed deja constancia de nuevos planes junto a Carla, despu\u00e9s de tres meses separadas. Rompieron este verano para sorpresa de muchos. Ambas dec\u00edan estar enamoradas y tambi\u00e9n estar pas\u00e1ndolo mal, pero entend\u00edan necesario emprender un camino que le alejase de la otra. Al final han terminado recorri\u00e9ndolo de nuevo juntas, d\u00e1ndose una nueva oportunidad. Al menos eso es lo que todos entienden, aunque <b>las protagonistas a\u00fan no han aclarado en qu\u00e9 punto est\u00e1n de su relaci\u00f3n<\/b> y si, efectivamente, el amor ha vuelto a triunfar entre ellas. <\/p>\n","protected":false},"excerpt":{"rendered":"Nagore Robles ha sufrido mucho por amor. Tambi\u00e9n o ha disfrutado. La presentadora sabe a la perfecci\u00f3n que&hellip;\n","protected":false},"author":2,"featured_media":247867,"comment_status":"","ping_status":"","sticky":false,"template":"","format":"standard","meta":{"footnotes":""},"categories":[174],"tags":[255,146,147,25,24,256,23],"class_list":{"0":"post-247866","1":"post","2":"type-post","3":"status-publish","4":"format-standard","5":"has-post-thumbnail","7":"category-famosos","8":"tag-celebrities","9":"tag-entertainment","10":"tag-entretenimiento","11":"tag-es","12":"tag-espana","13":"tag-famosos","14":"tag-spain"},"share_on_mastodon":{"url":"https:\/\/pubeurope.com\/@es\/115587165014223533","error":""},"_links":{"self":[{"href":"https:\/\/www.europesays.com\/es\/wp-json\/wp\/v2\/posts\/247866","targetHints":{"allow":["GET"]}}],"collection":[{"href":"https:\/\/www.europesays.com\/es\/wp-json\/wp\/v2\/posts"}],"about":[{"href":"https:\/\/www.europesays.com\/es\/wp-json\/wp\/v2\/types\/post"}],"author":[{"embeddable":true,"href":"https:\/\/www.europesays.com\/es\/wp-json\/wp\/v2\/users\/2"}],"replies":[{"embeddable":true,"href":"https:\/\/www.europesays.com\/es\/wp-json\/wp\/v2\/comments?post=247866"}],"version-history":[{"count":0,"href":"https:\/\/www.europesays.com\/es\/wp-json\/wp\/v2\/posts\/247866\/revisions"}],"wp:featuredmedia":[{"embeddable":true,"href":"https:\/\/www.europesays.com\/es\/wp-json\/wp\/v2\/media\/247867"}],"wp:attachment":[{"href":"https:\/\/www.europesays.com\/es\/wp-json\/wp\/v2\/media?parent=247866"}],"wp:term":[{"taxonomy":"category","embeddable":true,"href":"https:\/\/www.europesays.com\/es\/wp-json\/wp\/v2\/categories?post=247866"},{"taxonomy":"post_tag","embeddable":true,"href":"https:\/\/www.europesays.com\/es\/wp-json\/wp\/v2\/tags?post=247866"}],"curies":[{"name":"wp","href":"https:\/\/api.w.org\/{rel}","templated":true}]}}