{"id":247868,"date":"2025-11-21T10:15:11","date_gmt":"2025-11-21T10:15:11","guid":{"rendered":"https:\/\/www.europesays.com\/es\/247868\/"},"modified":"2025-11-21T10:15:11","modified_gmt":"2025-11-21T10:15:11","slug":"annie-leibovitz-abre-su-mirada-en-el-muelle-de-bateria-de-a-coruna","status":"publish","type":"post","link":"https:\/\/www.europesays.com\/es\/247868\/","title":{"rendered":"Annie Leibovitz\u00a0abre su mirada en el muelle de Bater\u00eda de A Coru\u00f1a"},"content":{"rendered":"<p>\t\t\t\t\t\tLa fot\u00f3grafa m\u00e1s famosa gu\u00eda por primera vez \u00abWonderland\u00bb un d\u00eda antes de su apertura al p\u00fablico de la mano de la Fundaci\u00f3n Marta Ortega P\u00e9rez<br \/>\n\t\t\t\t\t\t\t\t\t\t\t\t<strong>21 nov 2025<\/strong> . Actualizado a las 10:07 h.\t\t\t\t\t\t<\/p>\n<p class=\"first-paragraph txt\">\u00abEs una visita especial\u00bb. As\u00ed presentan desde la Fundaci\u00f3n Marta Ortega P\u00e9rez el<strong> recorrido guiado por Wonderland por su autora, Annie Leibovitz. Es la primera vez que el centro MOP, en el muelle de Bater\u00eda de A Coru\u00f1a,<\/strong> cuenta con el artista para presentar su obra a los medios. As\u00ed, de la mano de la fot\u00f3grafa\u00a0m\u00e1s famosa del mundo, La Voz entra en la primera gran retrospectiva en Espa\u00f1a de la obra de Leibovitz. \u00abEstoy muy orgullosa de lo que Marta Ortega y Carlos\u00a0Torretta han hecho aqu\u00ed. Reconozco su pasi\u00f3n por la fotograf\u00eda y eso me animado a participar en su proyecto. A Coru\u00f1a es un lugar bell\u00edsimo\u00bb, afirm\u00f3 la fot\u00f3grafa al inicio de su presentaci\u00f3n.<\/p>\n<p class=\"txt\">La exposici\u00f3n, que este s\u00e1bado abre al p\u00fablico que podr\u00e1 visitarla hasta el pr\u00f3ximo 1 de mayo, aborda el deslumbrante universo fotogr\u00e1fico de la artista en toda su amplitud. A trav\u00e9s de su mirada, empieza un recorrido con cuatro secciones diferenciadas que nunca antes se han presentado de forma conjunta en una \u00fanica muestra.<\/p>\n<p class=\"txt\">\n<p>\t\t\t\t\t\t\t\t\t\t\t\t&#13;<br \/>\n\t\t\t\t\t\t\t\t&#13;<br \/>\n&#13;<br \/>\n&#13;<\/p>\n<p>\t\t\t&#13;<br \/>\n\t&#13;<\/p>\n<p>\t\t\t<a href=\"https:\/\/www.lavozdegalicia.es\/noticia\/sociedad\/2025\/11\/19\/modelos-personalidades-mundo-moda-disfrutan-exposicion-annie-leibovitz-coruna\/00031763563557488203518.htm\" data-analytics=\"link-embed\" rel=\"nofollow noopener\" target=\"_blank\">Figuras c\u00e9lebres de la moda y el arte se re\u00fanen para\u00a0la exposici\u00f3n de Annie Leibovitz en A Coru\u00f1a<\/a><\/p>\n<p class=\"a-min-author\">\n<p>\t\t\t\t\t\t\t\t\t\t\t<a href=\"https:\/\/www.lavozdegalicia.es\/firmas\/caterina-devesa\" rel=\"nofollow noopener\" target=\"_blank\"> \tC. Devesa<\/a><\/p>\n<p>\t&#13;<br \/>\n\t&#13;<br \/>\n&#13;<\/p>\n<p class=\"txt\">Nada m\u00e1s entrar en los antiguos silos restaurados por la Fundaci\u00f3n MOP para acoger estas muestras, el visitante se encontrar\u00e1, como ya es costumbre, con una pieza audiovisual sobre la obra del artista, en este caso Leibovitz. La instalaci\u00f3n inmersiva de su trabajo\u00a0 con los Rolling Stones es la primera parada de una visita que contin\u00faa a trav\u00e9s de otras dos secciones,\u00a0Early Years\u00a0y\u00a0Stream of Consciousness. En ellas Leibovitz explica la\u00a0evoluci\u00f3n de los c\u00f3digos de su fot\u00f3grafa en sus diferentes estilos, plasmando su proceso de creaci\u00f3n y su voz narrativa.<\/p>\n<p class=\"txt\">La \u00faltima parte de la muestra, la que da t\u00edtulo a la exposici\u00f3n,\u00a0Wonderland, que en espa\u00f1ol se traduce como mundo maravilloso, re\u00fane\u00a0cien impresiones, muchas de las cuales nunca antes han sido expuestas, adem\u00e1s de instalaciones de v\u00eddeo de su trabajo en el mundo del estilo y la moda.<\/p>\n<p>&#13;<br \/>\n\tArchivado en:&#13;<br \/>\n\t\t\t\t\t<a href=\"https:\/\/www.lavozdegalicia.es\/temas\/annie-leibovitz\/\" target=\"_blank\" class=\"mg-l\" rel=\"nofollow noopener\">Annie Leibovitz<\/a>&#13;<br \/>\n\t\t\t\t\t<a href=\"https:\/\/www.lavozdegalicia.es\/temas\/a-coruna-ciudad\/\" target=\"_blank\" class=\"mg-l\" rel=\"nofollow noopener\">A Coru\u00f1a ciudad<\/a>&#13;<br \/>\n\t\t\t\t\t<a href=\"https:\/\/www.lavozdegalicia.es\/temas\/fotografia\/\" target=\"_blank\" class=\"mg-l\" rel=\"nofollow noopener\">Fotograf\u00eda<\/a>&#13;<br \/>\n\t\t\t\t\t<a href=\"https:\/\/www.lavozdegalicia.es\/temas\/arte\/\" target=\"_blank\" class=\"mg-l\" rel=\"nofollow noopener\">Arte<\/a>&#13;<br \/>\n\t\t\t\t\t<a href=\"https:\/\/www.lavozdegalicia.es\/temas\/rolling-stones\/\" target=\"_blank\" class=\"mg-l\" rel=\"nofollow noopener\">Rolling Stones<\/a>&#13;<br \/>\n\t&#13;<\/p>\n","protected":false},"excerpt":{"rendered":"La fot\u00f3grafa m\u00e1s famosa gu\u00eda por primera vez \u00abWonderland\u00bb un d\u00eda antes de su apertura al p\u00fablico de&hellip;\n","protected":false},"author":2,"featured_media":247869,"comment_status":"","ping_status":"","sticky":false,"template":"","format":"standard","meta":{"footnotes":""},"categories":[173],"tags":[39615,37067,229,233,231,230,232,234,146,147,25,24,244,6997,23],"class_list":{"0":"post-247868","1":"post","2":"type-post","3":"status-publish","4":"format-standard","5":"has-post-thumbnail","7":"category-arte-y-diseno","8":"tag-a-coruna-ciudad","9":"tag-annie-leibovitz","10":"tag-arte","11":"tag-arte-y-diseno","12":"tag-arts","13":"tag-arts-and-design","14":"tag-design","15":"tag-diseno","16":"tag-entertainment","17":"tag-entretenimiento","18":"tag-es","19":"tag-espana","20":"tag-fotografia","21":"tag-rolling-stones","22":"tag-spain"},"share_on_mastodon":{"url":"https:\/\/pubeurope.com\/@es\/115587168549343117","error":""},"_links":{"self":[{"href":"https:\/\/www.europesays.com\/es\/wp-json\/wp\/v2\/posts\/247868","targetHints":{"allow":["GET"]}}],"collection":[{"href":"https:\/\/www.europesays.com\/es\/wp-json\/wp\/v2\/posts"}],"about":[{"href":"https:\/\/www.europesays.com\/es\/wp-json\/wp\/v2\/types\/post"}],"author":[{"embeddable":true,"href":"https:\/\/www.europesays.com\/es\/wp-json\/wp\/v2\/users\/2"}],"replies":[{"embeddable":true,"href":"https:\/\/www.europesays.com\/es\/wp-json\/wp\/v2\/comments?post=247868"}],"version-history":[{"count":0,"href":"https:\/\/www.europesays.com\/es\/wp-json\/wp\/v2\/posts\/247868\/revisions"}],"wp:featuredmedia":[{"embeddable":true,"href":"https:\/\/www.europesays.com\/es\/wp-json\/wp\/v2\/media\/247869"}],"wp:attachment":[{"href":"https:\/\/www.europesays.com\/es\/wp-json\/wp\/v2\/media?parent=247868"}],"wp:term":[{"taxonomy":"category","embeddable":true,"href":"https:\/\/www.europesays.com\/es\/wp-json\/wp\/v2\/categories?post=247868"},{"taxonomy":"post_tag","embeddable":true,"href":"https:\/\/www.europesays.com\/es\/wp-json\/wp\/v2\/tags?post=247868"}],"curies":[{"name":"wp","href":"https:\/\/api.w.org\/{rel}","templated":true}]}}