{"id":247877,"date":"2025-11-21T10:21:05","date_gmt":"2025-11-21T10:21:05","guid":{"rendered":"https:\/\/www.europesays.com\/es\/247877\/"},"modified":"2025-11-21T10:21:05","modified_gmt":"2025-11-21T10:21:05","slug":"la-escuela-de-salud-programa-una-charla-sobre-el-bienestar-animal-para-el-lunes-24","status":"publish","type":"post","link":"https:\/\/www.europesays.com\/es\/247877\/","title":{"rendered":"La Escuela de Salud programa una charla sobre el bienestar animal para el lunes 24"},"content":{"rendered":"<p class=\"uk-article-meta\">\n\t\tEscrito en 21 Noviembre 2025.\t<\/p>\n<p>\t\t\t\t\t\t<img decoding=\"async\" class=\"uk-align-right\" src=\"https:\/\/www.europesays.com\/es\/wp-content\/uploads\/2025\/11\/Cartel_charla_bienestar_animal_intro.jpg\" alt=\"\"\/><\/p>\n<p>La Escuela de Salud ha organizado una charla sobre el bienestar animal centrada en la vacunaci\u00f3n y la desparasitaci\u00f3n. Dicha charla informativa tendr\u00e1 lugar el lunes 24 de noviembre a las 19:00 horas en el Centro Cultural Jerome Mintz (Casa de la Cultura).<\/p>\n<p>&#13;<br \/>\n &#13;<\/p>\n<p>La charla ser\u00e1 impartida por la veterinaria local D\u00f1a. Yolanda P\u00e9rez Guti\u00e9rrez, propietaria del Centro Veterinario Bevet. Tras la exposici\u00f3n del tema, se llevar\u00e1 a cabo un debate en el que se atender\u00e1n las dudas, consultas y sugerencias de los asistentes.<\/p>\n<p>&#13;<\/p>\n<p>Cuidar a nuestras mascotas es un deber que tenemos con ellas. Las vacunas y desparasitaciones son dos de los pilares fundamentales en el cuidado de la salud de nuestras mascotas. Un plan de vacunaci\u00f3n adecuado protege a los perros y gatos de enfermedades infecciosas graves, mientras que la desparasitaci\u00f3n previene infestaciones que pueden afectar tanto a los animales como a los humanos.<\/p>\n<p>&#13;<\/p>\n<p>La Escuela de Salud es un proyecto promovido por la Delegaci\u00f3n de Salud del Ayuntamiento, con la inestimable colaboraci\u00f3n de Farmacia Mate, que pretende acercar a la ciudadan\u00eda temas importantes sobre la salud y el bienestar.<\/p>\n","protected":false},"excerpt":{"rendered":"Escrito en 21 Noviembre 2025. La Escuela de Salud ha organizado una charla sobre el bienestar animal centrada&hellip;\n","protected":false},"author":2,"featured_media":247878,"comment_status":"","ping_status":"","sticky":false,"template":"","format":"standard","meta":{"footnotes":""},"categories":[92],"tags":[39861,39864,39862,39863,25,24,165,166,23],"class_list":{"0":"post-247877","1":"post","2":"type-post","3":"status-publish","4":"format-standard","5":"has-post-thumbnail","7":"category-salud","8":"tag-ayuntamiento-de-benalup-casas-viejas","9":"tag-benalup","10":"tag-benalup-casas-viejas","11":"tag-benalup-casas-viejas-cadiz","12":"tag-es","13":"tag-espana","14":"tag-health","15":"tag-salud","16":"tag-spain"},"share_on_mastodon":{"url":"https:\/\/pubeurope.com\/@es\/115587192698013464","error":""},"_links":{"self":[{"href":"https:\/\/www.europesays.com\/es\/wp-json\/wp\/v2\/posts\/247877","targetHints":{"allow":["GET"]}}],"collection":[{"href":"https:\/\/www.europesays.com\/es\/wp-json\/wp\/v2\/posts"}],"about":[{"href":"https:\/\/www.europesays.com\/es\/wp-json\/wp\/v2\/types\/post"}],"author":[{"embeddable":true,"href":"https:\/\/www.europesays.com\/es\/wp-json\/wp\/v2\/users\/2"}],"replies":[{"embeddable":true,"href":"https:\/\/www.europesays.com\/es\/wp-json\/wp\/v2\/comments?post=247877"}],"version-history":[{"count":0,"href":"https:\/\/www.europesays.com\/es\/wp-json\/wp\/v2\/posts\/247877\/revisions"}],"wp:featuredmedia":[{"embeddable":true,"href":"https:\/\/www.europesays.com\/es\/wp-json\/wp\/v2\/media\/247878"}],"wp:attachment":[{"href":"https:\/\/www.europesays.com\/es\/wp-json\/wp\/v2\/media?parent=247877"}],"wp:term":[{"taxonomy":"category","embeddable":true,"href":"https:\/\/www.europesays.com\/es\/wp-json\/wp\/v2\/categories?post=247877"},{"taxonomy":"post_tag","embeddable":true,"href":"https:\/\/www.europesays.com\/es\/wp-json\/wp\/v2\/tags?post=247877"}],"curies":[{"name":"wp","href":"https:\/\/api.w.org\/{rel}","templated":true}]}}