{"id":247881,"date":"2025-11-21T10:23:09","date_gmt":"2025-11-21T10:23:09","guid":{"rendered":"https:\/\/www.europesays.com\/es\/247881\/"},"modified":"2025-11-21T10:23:09","modified_gmt":"2025-11-21T10:23:09","slug":"es-un-momento-extraordinario-incluso-segun-los-estandares-de-silicon-valley","status":"publish","type":"post","link":"https:\/\/www.europesays.com\/es\/247881\/","title":{"rendered":"\u00abEs un momento extraordinario, incluso seg\u00fan los est\u00e1ndares de Silicon Valley\u201d"},"content":{"rendered":"<p>La semana en materia tecnol\u00f3gica ha venido marcada, sin ning\u00fan g\u00e9nero de dudas, por la llegada oficial de <a href=\"https:\/\/www.larazon.es\/tecnologia-consumo\/epoca-rumores-llegado-fin-google-lanza-pone-disposicion-usuarios-hoy-mismo-gemini-3-gran-mejora-razonamiento-comprension-matices_20251118691c981939b3f1652bf762d7.html\" rel=\"nofollow noopener\" target=\"_blank\">Gemini 3<\/a>. El nuevo modelo de inteligencia artificial desarrollado por Google ha supuesto un <b>salto cualitativo en cuanto a su capacidad de razonamiento y comprensi\u00f3n de matices. <\/b><\/p>\n<p>Los resultados de los bancos de prueba han elevado a Gemini 3 por encima de la competencia y han hecho reflotar la ilusi\u00f3n por un sector, el de la inteligencia artificial, en el que <b>en las \u00faltimas semanas las palabras m\u00e1s repetidas eran \u201cburbuja tecnol\u00f3gica\u201d<\/b>, ya fuera para hablar de los indicios de ella <a href=\"https:\/\/www.larazon.es\/tecnologia-consumo\/jensen-huang-ceo-nvidia-tranquiliza-mundo-situacion-burbuja-pese-presion-bolsa-nuestra-perspectiva-vemos-algo-muy-diferente_20251120691f030f360d0840bceca7eb.html\" rel=\"nofollow noopener\" target=\"_blank\">o para despejarlos<\/a>, como hiciera Jensen Huang, CEO de NVIDIA, durante la presentaci\u00f3n de resultados trimestrales de su compa\u00f1\u00eda el mi\u00e9rcoles.<\/p>\n<p>Google ten\u00eda puestas muchas esperanzas tanto en las capacidades como en el impacto y la acogida que iba a producirse con Gemini 3 y en el nuevo <b>impulso y motivaci\u00f3n que puede ofrecer a cuanto se desarrolla en Silicon Valley<\/b>, una cuesti\u00f3n que Sundar Pichai, director ejecutivo de Google y de Alphabet, su matriz, ha puesto en valor.<\/p>\n<p>La mayor irrupci\u00f3n tecnol\u00f3gica desde los m\u00f3viles y la nube<\/p>\n<p>Desde su posici\u00f3n y experiencia y <b>tras haber cumplido una d\u00e9cada como m\u00e1ximo dirigente de Google<\/b>, Pichai, de 53 a\u00f1os, reconoce que la pasi\u00f3n por la tecnolog\u00eda es algo que sigue estando muy presente en cuanto se cuece al sur de la Bah\u00eda de San Francisco, en California.<\/p>\n<p>Desde su punto de vista, y tal como destac\u00f3 <a href=\"https:\/\/www.youtube.com\/watch?v=BYx63PKKPvg\" rel=\"nofollow noopener\" target=\"_blank\">en el programa Newsnight de la BBC<\/a>, lanzamientos como Gemini 3 no hacen sino reafirmar ese punto as\u00ed como la importancia de la inteligencia artificial, que, considera, <b>ser\u00e1 un nuevo salto tecnol\u00f3gico generacional<\/b>: \u201cEs un momento extraordinario, incluso seg\u00fan los est\u00e1ndares de Silicon Valley. Cada d\u00e9cada o m\u00e1s tienes estos puntos de inflexi\u00f3n y tienes una nueva tecnolog\u00eda\u201d, ensalz\u00f3 el inform\u00e1tico nacido en Madurai, India.<\/p>\n<p>Para Sundar Pichai, resulta adem\u00e1s evidente que la evoluci\u00f3n de la inteligencia artificial est\u00e1 resultando en una motivaci\u00f3n adicional para los nuevos estudiantes, en especial para aquellos que llegan a la universidad. El curso de la historia reciente ha progresado con una <b>tecnolog\u00eda fundamental en cada \u00e9poca<\/b>, y a la actual le toca, desde la perspectiva del CEO de Google y Alphabet, evolucionar junto a la inteligencia artificial:<\/p>\n<blockquote class=\"blockquote\">\n<p class=\"blockquote__quote\">\u201cEra el ordenador personal en alg\u00fan punto, luego Internet llegaba en los \u00faltimos a\u00f1os de los 90, despu\u00e9s fueron los m\u00f3viles, luego la nube y ahora es claramente la \u00e9poca de la IA, y ese es el entusiasmo que probablemente sienten alrededor en las universidades\u201d<\/p>\n<\/blockquote>\n<p>Y es que un avance necesita no solo ser bueno, sino que su <b>adopci\u00f3n por parte de los usuarios acompa\u00f1e hasta que su expansi\u00f3n<\/b> y, la necesidad de \u00e9l, lo convierta en algo imprescindible para la generaci\u00f3n entre la que nace y para las venideras. Con la inteligencia artificial, Sundar Pichai dej\u00f3 claro durante su entrevista con la cadena de televisi\u00f3n p\u00fablica brit\u00e1nica que estamos ante ese punto de inflexi\u00f3n tecnol\u00f3gico de nuestra era.<\/p>\n","protected":false},"excerpt":{"rendered":"La semana en materia tecnol\u00f3gica ha venido marcada, sin ning\u00fan g\u00e9nero de dudas, por la llegada oficial de&hellip;\n","protected":false},"author":2,"featured_media":247882,"comment_status":"","ping_status":"","sticky":false,"template":"","format":"standard","meta":{"footnotes":""},"categories":[81],"tags":[119,123,124,25,24,117,121,122,23,118,120],"class_list":{"0":"post-247881","1":"post","2":"type-post","3":"status-publish","4":"format-standard","5":"has-post-thumbnail","7":"category-ciencia-y-tecnologia","8":"tag-ciencia","9":"tag-ciencia-y-tecnologia","10":"tag-cienciaytecnologia","11":"tag-es","12":"tag-espana","13":"tag-science","14":"tag-science-and-technology","15":"tag-scienceandtechnology","16":"tag-spain","17":"tag-technology","18":"tag-tecnologia"},"share_on_mastodon":{"url":"https:\/\/pubeurope.com\/@es\/115587200061052576","error":""},"_links":{"self":[{"href":"https:\/\/www.europesays.com\/es\/wp-json\/wp\/v2\/posts\/247881","targetHints":{"allow":["GET"]}}],"collection":[{"href":"https:\/\/www.europesays.com\/es\/wp-json\/wp\/v2\/posts"}],"about":[{"href":"https:\/\/www.europesays.com\/es\/wp-json\/wp\/v2\/types\/post"}],"author":[{"embeddable":true,"href":"https:\/\/www.europesays.com\/es\/wp-json\/wp\/v2\/users\/2"}],"replies":[{"embeddable":true,"href":"https:\/\/www.europesays.com\/es\/wp-json\/wp\/v2\/comments?post=247881"}],"version-history":[{"count":0,"href":"https:\/\/www.europesays.com\/es\/wp-json\/wp\/v2\/posts\/247881\/revisions"}],"wp:featuredmedia":[{"embeddable":true,"href":"https:\/\/www.europesays.com\/es\/wp-json\/wp\/v2\/media\/247882"}],"wp:attachment":[{"href":"https:\/\/www.europesays.com\/es\/wp-json\/wp\/v2\/media?parent=247881"}],"wp:term":[{"taxonomy":"category","embeddable":true,"href":"https:\/\/www.europesays.com\/es\/wp-json\/wp\/v2\/categories?post=247881"},{"taxonomy":"post_tag","embeddable":true,"href":"https:\/\/www.europesays.com\/es\/wp-json\/wp\/v2\/tags?post=247881"}],"curies":[{"name":"wp","href":"https:\/\/api.w.org\/{rel}","templated":true}]}}