{"id":247890,"date":"2025-11-21T10:32:13","date_gmt":"2025-11-21T10:32:13","guid":{"rendered":"https:\/\/www.europesays.com\/es\/247890\/"},"modified":"2025-11-21T10:32:13","modified_gmt":"2025-11-21T10:32:13","slug":"estuve-muy-de-bajon-tras-el-partido","status":"publish","type":"post","link":"https:\/\/www.europesays.com\/es\/247890\/","title":{"rendered":"Estuve muy de baj\u00f3n tras el partido"},"content":{"rendered":"<p class=\"c-paragraph\"><a href=\"https:\/\/www.20minutos.es\/tags\/deportes\/carlos-alcaraz.html\" title=\"Carlos Alcaraz\" rel=\"nofollow noopener\" target=\"_blank\">Carlos Alcaraz<\/a> no jugar\u00e1 la <a href=\"https:\/\/www.20minutos.es\/tags\/deportes\/copa-davis.html\" title=\"Copa Davis\" rel=\"nofollow noopener\" target=\"_blank\">Copa Davis<\/a> despu\u00e9s de confirmar este martes que sufre un edema muscular que le impide saltar a la pista este jueves. No obstante, el tenista murciano, que ahora piensa en su recuperaci\u00f3n,<b> ha recordado algunos de los momentos m\u00e1s complicados de su carrera <\/b>y ha hablado de su rivalidad con<a href=\"https:\/\/www.20minutos.es\/tags\/deportes\/jannik-sinner.html\" title=\"Jannik Sinner\" rel=\"nofollow noopener\" target=\"_blank\"> Jannik Sinner<\/a> en una entrevista con<a href=\"https:\/\/www.marca.com\/tenis\/copa-davis\/2025\/11\/19\/carlos-alcaraz-cerca-sentarme-mesa-big-three.html\" rel=\"nofollow noreferrer noopener\" target=\"_blank\"> Marca<\/a>.\u00a0<\/p>\n<p class=\"c-paragraph\">Hace poco m\u00e1s de un a\u00f1o, <a href=\"https:\/\/www.20minutos.es\/tags\/deportes\/rafa-nadal.html\" title=\"Rafa Nadal\" rel=\"nofollow noopener\" target=\"_blank\">Rafa Nadal <\/a>anunci\u00f3 que dejaba el tenis profesional, el cual pudo disputar varios partidos tanto contra Alcaraz, como junto a \u00e9l, <b>como pareja de dobles representando a Espa\u00f1a.<\/b> El de el Palmar y Marcel Granollers perdieron ante la pareja holandesa en dos sets en la Copa Davis del curso pasado, algo que certific\u00f3 el adi\u00f3s de Nadal del tenis.\u00a0<\/p>\n<p class=\"c-paragraph\">\u00abFue muy duro a la vez que triste. Yo di mi punto en el individual, <b>pero tambi\u00e9n jugu\u00e9 el dobles y me siento responsable de no poder avanzar.<\/b> Fue un momento muy dif\u00edcil\u00bb, explica Alcaraz en la entrevista.\u00a0<\/p>\n<p class=\"c-paragraph\">No obstante, el pupilo de<a href=\"https:\/\/www.20minutos.es\/tags\/deportes\/juan-carlos-ferrero.html\" title=\"Juan Carlos Ferrero\" rel=\"nofollow noopener\" target=\"_blank\"> Juan Carlos Ferrero <\/a>apunta a que la derrota en los Juegos Ol\u00edmpicos de Par\u00eds junto al balear fue m\u00e1s peor: \u00abFue m\u00e1s duro perder el dobles en los Juegos Ol\u00edmpicos de Par\u00eds con \u00e9l que la Copa Davis. <b>Estuve muy de baj\u00f3n despu\u00e9s del partido\u00bb.\u00a0<\/b><\/p>\n<p class=\"c-paragraph\">Asimismo, &#8216;Carlitos&#8217;, que perdi\u00f3 la final de las ATP Finals contra Sinner, tambi\u00e9n ha hablado de su rivalidad con el italiano y de si este est\u00e1 obsesionado con \u00e9l. <b>\u00abCreo que los dos. \u00c9l ha perdido dos o tres partidos los dos \u00faltimos a\u00f1os y la gran mayor\u00eda han sido conmigo. <\/b>Jannik tiene que ver y pensar lo que tiene que mejorar para vencer al jugador al que no ha podido vencer m\u00e1s veces\u00bb, explica.\u00a0<\/p>\n<p class=\"c-paragraph\">\u00abEn cambio, yo s\u00ed que he perdido con m\u00e1s jugadores, pero mi pensamiento es intentar mejorar y hacer las cosas para que<b> la pr\u00f3xima vez que nos enfrentemos sea mucho mejor jugador\u00bb, concluye.\u00a0<\/b><\/p>\n","protected":false},"excerpt":{"rendered":"Carlos Alcaraz no jugar\u00e1 la Copa Davis despu\u00e9s de confirmar este martes que sufre un edema muscular que&hellip;\n","protected":false},"author":2,"featured_media":247891,"comment_status":"","ping_status":"","sticky":false,"template":"","format":"standard","meta":{"footnotes":""},"categories":[274],"tags":[4736,415,168,4083,25,24,4207,23,167,327,326,20877],"class_list":{"0":"post-247890","1":"post","2":"type-post","3":"status-publish","4":"format-standard","5":"has-post-thumbnail","7":"category-tenis","8":"tag-alcaraz","9":"tag-carlos","10":"tag-deportes","11":"tag-desvela","12":"tag-es","13":"tag-espana","14":"tag-las","15":"tag-spain","16":"tag-sports","17":"tag-tenis","18":"tag-tennis","19":"tag-una"},"share_on_mastodon":{"url":"https:\/\/pubeurope.com\/@es\/115587235349982735","error":""},"_links":{"self":[{"href":"https:\/\/www.europesays.com\/es\/wp-json\/wp\/v2\/posts\/247890","targetHints":{"allow":["GET"]}}],"collection":[{"href":"https:\/\/www.europesays.com\/es\/wp-json\/wp\/v2\/posts"}],"about":[{"href":"https:\/\/www.europesays.com\/es\/wp-json\/wp\/v2\/types\/post"}],"author":[{"embeddable":true,"href":"https:\/\/www.europesays.com\/es\/wp-json\/wp\/v2\/users\/2"}],"replies":[{"embeddable":true,"href":"https:\/\/www.europesays.com\/es\/wp-json\/wp\/v2\/comments?post=247890"}],"version-history":[{"count":0,"href":"https:\/\/www.europesays.com\/es\/wp-json\/wp\/v2\/posts\/247890\/revisions"}],"wp:featuredmedia":[{"embeddable":true,"href":"https:\/\/www.europesays.com\/es\/wp-json\/wp\/v2\/media\/247891"}],"wp:attachment":[{"href":"https:\/\/www.europesays.com\/es\/wp-json\/wp\/v2\/media?parent=247890"}],"wp:term":[{"taxonomy":"category","embeddable":true,"href":"https:\/\/www.europesays.com\/es\/wp-json\/wp\/v2\/categories?post=247890"},{"taxonomy":"post_tag","embeddable":true,"href":"https:\/\/www.europesays.com\/es\/wp-json\/wp\/v2\/tags?post=247890"}],"curies":[{"name":"wp","href":"https:\/\/api.w.org\/{rel}","templated":true}]}}