{"id":247896,"date":"2025-11-21T10:37:08","date_gmt":"2025-11-21T10:37:08","guid":{"rendered":"https:\/\/www.europesays.com\/es\/247896\/"},"modified":"2025-11-21T10:37:08","modified_gmt":"2025-11-21T10:37:08","slug":"fue-un-heroe-para-muchos","status":"publish","type":"post","link":"https:\/\/www.europesays.com\/es\/247896\/","title":{"rendered":"Fue un h\u00e9roe para muchos"},"content":{"rendered":"<p class=\"paragraph\">Este jueves falleci\u00f3 un m\u00edtico m\u00fasico ingl\u00e9s, perteneciente a una legendaria banda de los a\u00f1os 80 y 90 que <b>firm\u00f3 memorables himnos<\/b> que permanecen inmortales en el imaginario popular.<a href=\"https:\/\/www.heraldo.es\/noticias\/internacional\/2025\/11\/20\/muere-63-anos-gary-mani-mounfield-bajista-stone-roses-primal-scream-1872154.html\" title=\"Muere a los 63 a\u00f1os Gary &#039;Mani&#039; Mounfield, bajista de &#039;The Stone Roses&#039; y &#039;Primal Scream\" rel=\"nofollow noopener\" target=\"_blank\"> Una partida que ha entristecido enormemente a Amaral, que profesa una gran admiraci\u00f3n por este grupo.\u00a0<\/a><\/p>\n<p class=\"paragraph\"><b>Se trata de Gary &#8216;Mani&#8217; Mounfield, el bajista de Stone Roses, <\/b>que muri\u00f3 a los 63 a\u00f1os tras haber firmado una carrera musical extraordinaria ya que cabe recordar que tambi\u00e9n fue integrante de Primal Scream.\u00a0<\/p>\n<p class=\"paragraph\">Eva Amaral y Juan Aguirre son seguidores de Stone Roses ya que vivieron la eclosi\u00f3n de sus canciones a finales de los 80 y principios de los 90 en primera persona. Es por ello que han querido hacerle un peque\u00f1o pero muy bonito homenaje a Mani a trav\u00e9s de sus redes sociales. En concreto, los zaragozanos <b>han compartido en sus stories de Instagram la m\u00edtica canci\u00f3n I wanna be adored, <\/b>el hit que abre el disco hom\u00f3nimo con el que Stone Roses debut\u00f3 en la m\u00fasica en 1989. Adem\u00e1s, tambi\u00e9n muestran la ic\u00f3nica portada de ese \u00e1lbum.\u00a0<\/p>\n<p class=\"paragraph\">La noticia de la muerte de Mani se confirm\u00f3 este jueves por parte de su familia. <b>\u00abCon el coraz\u00f3n lleno de pena, <\/b>debo anunciar el triste fallecimiento de mi hermano Gary &#8216;Mani&#8217; Mounfield. RIP RKID\u00bb, escribi\u00f3 Greg Mounfield, hermano del bajista, en una publicaci\u00f3n de Facebook.<\/p>\n<p class=\"paragraph\">El musico habr\u00eda fallecido en su domicilio de Stockport (noroeste de Inglaterra)<b> tras \u00abdesplomarse\u00bb <\/b>y que, pese a haber llamado a una ambulancia, no pudieron reanimarlo.<\/p>\n<p class=\"paragraph\">Mounfield se uni\u00f3 en 1987 a Stone Roses, unos a\u00f1os despu\u00e9s de sus inicios, y form\u00f3 parte de la banda de M\u00e1nchester hasta su ruptura en 1996. Posteriormente, toc\u00f3 con el conjunto escoc\u00e9s de rock Primal Scream hasta 2011, cuando <b>lo abandon\u00f3 para volver a reunirse con los Roses en su regreso a los escenarios <\/b>y las actuaciones en directo.<\/p>\n<p class=\"paragraph\">Tras conocer la noticia, el vocalista de The Stone Roses, Ian Brown, lider\u00f3 los tributos al m\u00fasico con un mensaje publicado en la red social X: <b>\u00abDescansa en paz Mani X\u00bb.<\/b><\/p>\n<p class=\"paragraph\">Liam Gallagher, cantante de &#8216;Oasis&#8217;, otra de las grandes bandas mancunianas, tambi\u00e9n dijo estar \u00abtotalmente conmocionado y absolutamente devastado\u00bb tras conocer la muerte de Mounfield, a quien calific\u00f3 como<b> \u00absu h\u00e9roe y el de otros muchos\u00bb.<\/b><\/p>\n<p class=\"paragraph\">El fallecimiento del bajista se produce dos a\u00f1os despu\u00e9s de la muerte de su esposa Imelda<b> a causa de un c\u00e1ncer de intestino. <\/b>Con ella tuvo dos hijos gemelos en 2013.\u00a0<\/p>\n","protected":false},"excerpt":{"rendered":"Este jueves falleci\u00f3 un m\u00edtico m\u00fasico ingl\u00e9s, perteneciente a una legendaria banda de los a\u00f1os 80 y 90&hellip;\n","protected":false},"author":2,"featured_media":167020,"comment_status":"","ping_status":"","sticky":false,"template":"","format":"standard","meta":{"footnotes":""},"categories":[174],"tags":[11669,255,146,147,25,24,256,4920,23,63114],"class_list":{"0":"post-247896","1":"post","2":"type-post","3":"status-publish","4":"format-standard","5":"has-post-thumbnail","7":"category-famosos","8":"tag-amaral","9":"tag-celebrities","10":"tag-entertainment","11":"tag-entretenimiento","12":"tag-es","13":"tag-espana","14":"tag-famosos","15":"tag-muerte","16":"tag-spain","17":"tag-stone-roses"},"share_on_mastodon":{"url":"https:\/\/pubeurope.com\/@es\/115587256785074982","error":""},"_links":{"self":[{"href":"https:\/\/www.europesays.com\/es\/wp-json\/wp\/v2\/posts\/247896","targetHints":{"allow":["GET"]}}],"collection":[{"href":"https:\/\/www.europesays.com\/es\/wp-json\/wp\/v2\/posts"}],"about":[{"href":"https:\/\/www.europesays.com\/es\/wp-json\/wp\/v2\/types\/post"}],"author":[{"embeddable":true,"href":"https:\/\/www.europesays.com\/es\/wp-json\/wp\/v2\/users\/2"}],"replies":[{"embeddable":true,"href":"https:\/\/www.europesays.com\/es\/wp-json\/wp\/v2\/comments?post=247896"}],"version-history":[{"count":0,"href":"https:\/\/www.europesays.com\/es\/wp-json\/wp\/v2\/posts\/247896\/revisions"}],"wp:featuredmedia":[{"embeddable":true,"href":"https:\/\/www.europesays.com\/es\/wp-json\/wp\/v2\/media\/167020"}],"wp:attachment":[{"href":"https:\/\/www.europesays.com\/es\/wp-json\/wp\/v2\/media?parent=247896"}],"wp:term":[{"taxonomy":"category","embeddable":true,"href":"https:\/\/www.europesays.com\/es\/wp-json\/wp\/v2\/categories?post=247896"},{"taxonomy":"post_tag","embeddable":true,"href":"https:\/\/www.europesays.com\/es\/wp-json\/wp\/v2\/tags?post=247896"}],"curies":[{"name":"wp","href":"https:\/\/api.w.org\/{rel}","templated":true}]}}