{"id":247914,"date":"2025-11-21T10:49:09","date_gmt":"2025-11-21T10:49:09","guid":{"rendered":"https:\/\/www.europesays.com\/es\/247914\/"},"modified":"2025-11-21T10:49:09","modified_gmt":"2025-11-21T10:49:09","slug":"portal-de-noticias-del-gobierno-de-canarias-318","status":"publish","type":"post","link":"https:\/\/www.europesays.com\/es\/247914\/","title":{"rendered":"Portal de Noticias del Gobierno de Canarias"},"content":{"rendered":"<blockquote>\n<p>La Consejer\u00eda present\u00f3 su proyecto, reconocido por su car\u00e1cter innovador y su aportaci\u00f3n a la inclusi\u00f3n, en el VII Congreso Internacional Universidad y Discapacidad, que se celebra en Granada hasta este viernes<\/p>\n<\/blockquote>\n<p>La Consejer\u00eda de Educaci\u00f3n, Formaci\u00f3n Profesional, Actividad F\u00edsica y Deportes del Gobierno de Canarias, dirigida por Poli Su\u00e1rez, present\u00f3 en el VII Congreso Internacional Universidad y Discapacidad, que se celebra en Granada hasta este viernes, su proyecto pionero de itinerarios de Formaci\u00f3n Profesional Adaptada, convirti\u00e9ndose as\u00ed en la \u00fanica administraci\u00f3n educativa auton\u00f3mica con participaci\u00f3n en el evento.<\/p>\n<p>El congreso, uno de los principales encuentros internacionales dedicados a la inclusi\u00f3n en la educaci\u00f3n superior, est\u00e1 organizado por la Universidad de Granada, Fundaci\u00f3n ONCE e Inserta Empleo y ha reunido desde el mi\u00e9rcoles a representantes de universidades nacionales e internacionales, la Agencia Nacional de Evaluaci\u00f3n de la Calidad y Acreditaci\u00f3n (ANECA), Fundaci\u00f3n Universia, entidades vinculadas a Naciones Unidas, organizaciones de discapacidad como Autismo Espa\u00f1a o Salud Mental Espa\u00f1a, grandes compa\u00f1\u00edas como Acciona y expertos internacionales en pol\u00edticas inclusivas.<\/p>\n<p>En este entorno eminentemente universitario, la participaci\u00f3n de Canarias destac\u00f3 de manera singular por aportar el \u00fanico proyecto procedente de una consejer\u00eda auton\u00f3mica no universitaria, y por visibilizar el papel transformador de la Formaci\u00f3n Profesional en el acceso a la ciudadan\u00eda plena, consolid\u00e1ndose como una herramienta clave para la igualdad de oportunidades, impulsando la inclusi\u00f3n y facilitando que m\u00e1s personas accedan a nuevas oportunidades.<\/p>\n<p>La ponencia titulada \u201cNuevos caminos hacia la inclusi\u00f3n: itinerarios formativos de la Formaci\u00f3n Profesional Adaptada para personas con discapacidad intelectual\u201d fue presentada por dos t\u00e9cnicas de la Direcci\u00f3n General de Formaci\u00f3n Profesional y Ense\u00f1anzas de R\u00e9gimen Especial, y coordinadoras del programa en la Consejer\u00eda de Educaci\u00f3n, Mar\u00eda Victoria Molina y Leticia Y\u00e1nez. Su intervenci\u00f3n abri\u00f3 la sesi\u00f3n dentro del grupo de trabajo del congreso dedicado a las pr\u00e1cticas inclusivas del estudiantado con discapacidad intelectual y del neurodesarrollo, en un espacio que compartieron con experiencias de universidades de Portugal, Italia, Francia, Chile y Espa\u00f1a.<\/p>\n<p><strong>Proyecto pionero<\/strong><\/p>\n<p>La comunicaci\u00f3n ofreci\u00f3 a los participantes algunas pinceladas sobre el desarrollo y consolidaci\u00f3n de los Itinerarios Formativos de la Formaci\u00f3n Profesional Adaptada en Canarias, una iniciativa impulsada por la Consejer\u00eda y dise\u00f1ada para mejorar el acceso, permanencia y transici\u00f3n al empleo de j\u00f3venes y adultos con discapacidad intelectual.<\/p>\n<p>Durante la exposici\u00f3n, Molina y Y\u00e1nez detallaron la evoluci\u00f3n del programa, que ha pasado de 56 itinerarios en el curso pasado a los a 66 de este, impartidos en centros p\u00fablicos y concertados de todas las islas. Estas ense\u00f1anzas, en sus modalidades IFE+16 e IFC+21, combinan formaci\u00f3n en el centro educativo con estancias en empresas e incorporan metodolog\u00edas basadas en el DUA (Dise\u00f1o Universal para el Aprendizaje), docencia compartida, acompa\u00f1amiento personalizado y adaptaci\u00f3n curricular de las ense\u00f1anzas.<\/p>\n<p>Adem\u00e1s, subrayaron que las siete familias profesionales ofertadas en Canarias \u2014Administraci\u00f3n, Comercio, Agraria, Imagen Personal, Hosteler\u00eda, Limpieza y Servicios Auxiliares\u2014 est\u00e1n vinculadas a los sectores con mayores oportunidades de inserci\u00f3n laboral para este colectivo, de acuerdo con distintos estudios nacionales. El modelo se refuerza adem\u00e1s con la formaci\u00f3n del profesorado.<\/p>\n<p>El proyecto suscit\u00f3 especial inter\u00e9s entre los asistentes por situar la Formaci\u00f3n Profesional en el centro de las pol\u00edticas inclusivas, al conectar formaci\u00f3n, autonom\u00eda personal, participaci\u00f3n social y empleabilidad.<\/p>\n<p>La difusi\u00f3n del proyecto se ampliar\u00e1 con la publicaci\u00f3n oficial de la comunicaci\u00f3n en el libro de actas del congreso, editado por Fundaci\u00f3n ONCE con ISBN, lo que permitir\u00e1 que el modelo canario sea consultado como referencia entre universidades, investigadores y entidades especializadas.<\/p>\n","protected":false},"excerpt":{"rendered":"La Consejer\u00eda present\u00f3 su proyecto, reconocido por su car\u00e1cter innovador y su aportaci\u00f3n a la inclusi\u00f3n, en el&hellip;\n","protected":false},"author":2,"featured_media":247915,"comment_status":"","ping_status":"","sticky":false,"template":"","format":"standard","meta":{"footnotes":""},"categories":[8],"tags":[17,18,25,24,13,14,11,19,20,9,10,15,16,23,12,21,22],"class_list":{"0":"post-247914","1":"post","2":"type-post","3":"status-publish","4":"format-standard","5":"has-post-thumbnail","7":"category-espana","8":"tag-breaking-news","9":"tag-breakingnews","10":"tag-es","11":"tag-espana","12":"tag-featured-news","13":"tag-featurednews","14":"tag-headlines","15":"tag-latest-news","16":"tag-latestnews","17":"tag-news","18":"tag-noticias","19":"tag-noticias-destacadas","20":"tag-noticiasdestacadas","21":"tag-spain","22":"tag-titulares","23":"tag-ultimas-noticias","24":"tag-ultimasnoticias"},"share_on_mastodon":{"url":"https:\/\/pubeurope.com\/@es\/115587302381915953","error":""},"_links":{"self":[{"href":"https:\/\/www.europesays.com\/es\/wp-json\/wp\/v2\/posts\/247914","targetHints":{"allow":["GET"]}}],"collection":[{"href":"https:\/\/www.europesays.com\/es\/wp-json\/wp\/v2\/posts"}],"about":[{"href":"https:\/\/www.europesays.com\/es\/wp-json\/wp\/v2\/types\/post"}],"author":[{"embeddable":true,"href":"https:\/\/www.europesays.com\/es\/wp-json\/wp\/v2\/users\/2"}],"replies":[{"embeddable":true,"href":"https:\/\/www.europesays.com\/es\/wp-json\/wp\/v2\/comments?post=247914"}],"version-history":[{"count":0,"href":"https:\/\/www.europesays.com\/es\/wp-json\/wp\/v2\/posts\/247914\/revisions"}],"wp:featuredmedia":[{"embeddable":true,"href":"https:\/\/www.europesays.com\/es\/wp-json\/wp\/v2\/media\/247915"}],"wp:attachment":[{"href":"https:\/\/www.europesays.com\/es\/wp-json\/wp\/v2\/media?parent=247914"}],"wp:term":[{"taxonomy":"category","embeddable":true,"href":"https:\/\/www.europesays.com\/es\/wp-json\/wp\/v2\/categories?post=247914"},{"taxonomy":"post_tag","embeddable":true,"href":"https:\/\/www.europesays.com\/es\/wp-json\/wp\/v2\/tags?post=247914"}],"curies":[{"name":"wp","href":"https:\/\/api.w.org\/{rel}","templated":true}]}}