{"id":247924,"date":"2025-11-21T11:01:11","date_gmt":"2025-11-21T11:01:11","guid":{"rendered":"https:\/\/www.europesays.com\/es\/247924\/"},"modified":"2025-11-21T11:01:11","modified_gmt":"2025-11-21T11:01:11","slug":"como-es-el-extrano-cuadro-de-klimt-que-se-convirtio-en-la-obra-de-arte-moderno-mas-cara-vendida-en-una-subasta","status":"publish","type":"post","link":"https:\/\/www.europesays.com\/es\/247924\/","title":{"rendered":"C\u00f3mo es el extra\u00f1o cuadro de Klimt que se convirti\u00f3 en la obra de arte moderno m\u00e1s cara vendida en una subasta"},"content":{"rendered":"<p class=\"article-body__paragraph\">La primera subasta de <b>Sotheby\u2019s <\/b>en su nueva sede en el edificio Breuer de Nueva York termin\u00f3 con la venta de un extra\u00f1o cuadro de <b>Gustav Klimt<\/b>, por una cifra hist\u00f3rica de 236,4 millones de d\u00f3lares.<\/p>\n<p class=\"article-body__paragraph\">Con esta subasta, la pintura del austriaco fallecido en 1918 se convirti\u00f3 en la obra de <a href=\"https:\/\/www.latercera.com\/etiqueta\/arte\/\" target=\"_blank\" rel=\"noreferrer nofollow noopener\" title=\"https:\/\/www.latercera.com\/etiqueta\/arte\/\">arte<\/a> moderno m\u00e1s cara vendida en una subasta, y en la segunda obra de arte m\u00e1s cara subastada.<\/p>\n<p class=\"article-body__paragraph\">Se trata de <b>Retrato de Elisabeth Lederer<\/b>, cuadro elaborado por Klimt entre 1914 y 1916, el cual muestra a una mujer que luce un brillante vestido blanco, sobre un fondo celeste.<\/p>\n<p class=\"article-body__paragraph\">La pieza tambi\u00e9n se posicion\u00f3 como la m\u00e1s cara subastada por Sotheby\u2019s, casa especializada que cuenta con m\u00e1s de 280 a\u00f1os de historia.<\/p>\n<p class=\"article-body__paragraph\">Salvator Mundi de Leonardo da Vinci figura como la obra m\u00e1s cara vendida en una subasta. Fue vendida por Christie\u2019s en 2017, por una suma de 450 millones de d\u00f3lares.<\/p>\n<p class=\"article-body__paragraph\">La reciente adquisici\u00f3n de Retrato de Elisabeth Lederer llev\u00f3 a que resalte entre un selecto grupo de obras de arte que se han vendido por m\u00e1s de 100 millones de d\u00f3lares.<\/p>\n<p class=\"article-body__paragraph\">Desnudo reclinado de Amedeo Modigliani, de 1917, fue vendida por 157,2 millones de d\u00f3lares, mientras que otras creaciones de artistas como Andy Warhol, Francis Bacon y Pablo Picasso tambi\u00e9n han superado esa cifra.<\/p>\n<p><img alt=\"\" class=\"global-image\" decoding=\"async\"  src=\"https:\/\/www.europesays.com\/es\/wp-content\/uploads\/2025\/11\/I7NAZCQCPFAFBLJB3HOTNLBPNU.jpg\"  fetchpriority=\"low\" loading=\"lazy\"\/>C\u00f3mo es el extra\u00f1o cuadro de Klimt que se convirti\u00f3 en la obra de arte moderno m\u00e1s cara vendida en una subasta Sotheby&#8217;s \/ Tendencias  C\u00f3mo fue la subasta de Retrato de Elisabeth Lederer de Gustav Klimt<\/p>\n<p class=\"article-body__paragraph\">Al menos seis postores compitieron con ofertas para conseguir el cuadro de Klimt, seg\u00fan informaciones reunidas por el <a href=\"https:\/\/www.wsj.com\/\" rel=\"nofollow noopener\" target=\"_blank\">Wall Street Journal<\/a>.<\/p>\n<p class=\"article-body__paragraph\">Finalmente, una persona que se contact\u00f3 por tel\u00e9fono consigui\u00f3 quedarse con Retrato de Elisabeth Lederer, tras una re\u00f1ida puja de 20 minutos en la que los montos se dispararon en incrementos multimillonarios.<\/p>\n<p class=\"article-body__paragraph\">El director ejecutivo de Sotheby\u2019s, Charles Stewart, coment\u00f3 que m\u00e1s de 25.000 personas acudieron a la galer\u00eda Breuer desde su inauguraci\u00f3n la semana pasada, con el objetivo de apreciar la mencionada obra de Klimt.<\/p>\n<p class=\"article-body__paragraph\">\u201cLa gente quer\u00eda tener la oportunidad de ver este cuadro\u201d, asegur\u00f3.<\/p>\n<p class=\"article-body__paragraph\">Previamente, la obra de Klimt m\u00e1s cara vendida en una subasta era La dama del abanico. Fue adquirida en 2023 por una suma de 108,8 millones de d\u00f3lares .<\/p>\n<p class=\"article-body__paragraph\">Antes de que el cuadro Retrato de Elisabeth Lederer fuese subastado este martes 18 de noviembre, la obra pertenec\u00eda al ejecutivo de cosm\u00e9ticos Leonard Lauder, quien falleci\u00f3 en junio de este a\u00f1o.<\/p>\n<p class=\"article-body__paragraph\">El heredero de Est\u00e9e Lauder y su hermano menor, Ronald Lauder, quien hoy tiene 81 a\u00f1os, eran conocidos por ser admiradores de Klimt y por coleccionar arte.<\/p>\n<p class=\"article-body__paragraph\">Inicialmente, Sotheby\u2019s hab\u00eda declarado que esperaba obtener 150 millones de d\u00f3lares por Retrato de Elisabeth Lederer. Sin embargo, el entusiasmo por la la obra llev\u00f3 a que alcanzara los 236,4 millones de d\u00f3lares.<\/p>\n","protected":false},"excerpt":{"rendered":"La primera subasta de Sotheby\u2019s en su nueva sede en el edificio Breuer de Nueva York termin\u00f3 con&hellip;\n","protected":false},"author":2,"featured_media":247925,"comment_status":"","ping_status":"","sticky":false,"template":"","format":"standard","meta":{"footnotes":""},"categories":[173],"tags":[229,2875,40397,233,231,230,5835,209,232,234,62759,146,147,25,24,40398,4962,35760,503,63119,40400,23,14612,21362],"class_list":{"0":"post-247924","1":"post","2":"type-post","3":"status-publish","4":"format-standard","5":"has-post-thumbnail","7":"category-arte-y-diseno","8":"tag-arte","9":"tag-arte-contemporaneo","10":"tag-arte-moderno","11":"tag-arte-y-diseno","12":"tag-arts","13":"tag-arts-and-design","14":"tag-cuadro","15":"tag-cultura","16":"tag-design","17":"tag-diseno","18":"tag-elisabeth-lederer","19":"tag-entertainment","20":"tag-entretenimiento","21":"tag-es","22":"tag-espana","23":"tag-gustav-klimt","24":"tag-klimt","25":"tag-la-tercera","26":"tag-pintura","27":"tag-retrato-de-elisabeth-lederer","28":"tag-sothebys","29":"tag-spain","30":"tag-subasta","31":"tag-subastas"},"share_on_mastodon":{"url":"https:\/\/pubeurope.com\/@es\/115587349717989681","error":""},"_links":{"self":[{"href":"https:\/\/www.europesays.com\/es\/wp-json\/wp\/v2\/posts\/247924","targetHints":{"allow":["GET"]}}],"collection":[{"href":"https:\/\/www.europesays.com\/es\/wp-json\/wp\/v2\/posts"}],"about":[{"href":"https:\/\/www.europesays.com\/es\/wp-json\/wp\/v2\/types\/post"}],"author":[{"embeddable":true,"href":"https:\/\/www.europesays.com\/es\/wp-json\/wp\/v2\/users\/2"}],"replies":[{"embeddable":true,"href":"https:\/\/www.europesays.com\/es\/wp-json\/wp\/v2\/comments?post=247924"}],"version-history":[{"count":0,"href":"https:\/\/www.europesays.com\/es\/wp-json\/wp\/v2\/posts\/247924\/revisions"}],"wp:featuredmedia":[{"embeddable":true,"href":"https:\/\/www.europesays.com\/es\/wp-json\/wp\/v2\/media\/247925"}],"wp:attachment":[{"href":"https:\/\/www.europesays.com\/es\/wp-json\/wp\/v2\/media?parent=247924"}],"wp:term":[{"taxonomy":"category","embeddable":true,"href":"https:\/\/www.europesays.com\/es\/wp-json\/wp\/v2\/categories?post=247924"},{"taxonomy":"post_tag","embeddable":true,"href":"https:\/\/www.europesays.com\/es\/wp-json\/wp\/v2\/tags?post=247924"}],"curies":[{"name":"wp","href":"https:\/\/api.w.org\/{rel}","templated":true}]}}