{"id":247926,"date":"2025-11-21T11:03:13","date_gmt":"2025-11-21T11:03:13","guid":{"rendered":"https:\/\/www.europesays.com\/es\/247926\/"},"modified":"2025-11-21T11:03:13","modified_gmt":"2025-11-21T11:03:13","slug":"las-reacciones-al-despido-de-lecquio-por-presunto-maltrato-silencio-de-ana-rosa-y-ana-obregon-gritos-de-alegria-en-el-nuevo-salvame","status":"publish","type":"post","link":"https:\/\/www.europesays.com\/es\/247926\/","title":{"rendered":"Las reacciones al despido de Lecquio por presunto maltrato: silencio de Ana Rosa y Ana Obreg\u00f3n, gritos de alegr\u00eda en el nuevo &#8216;S\u00e1lvame&#8217;\u2026"},"content":{"rendered":"<p><a class=\"v-mdl-ath__fig-a\" href=\"https:\/\/www.elcorreo.com\/autor\/silvia-osorio-3311.html\" title=\"Silvia Osorio\" rel=\"nofollow noopener\" target=\"_blank\"><br \/>\n<img decoding=\"async\" class=\"v-mdl-ath__img\" src=\"https:\/\/www.europesays.com\/es\/wp-content\/uploads\/2025\/07\/autor-3311-foto-1.jpeg\" alt=\"Silvia Osorio\"\/><br \/>\n<\/a><\/p>\n<p class=\"v-mdl-ath__p v-mdl-ath__p--6\">\nViernes, 21 de noviembre 2025, 11:29<\/p>\n<p class=\"v-p\">El<a href=\"https:\/\/www.elcorreo.com\/gente-estilo\/mediaset-prescinde-alessandro-lecquio-20251119195720-ntrc.html#vtm_modulosEngag=mod-rel:gente-estilo:noticia:1:cmp:1-not\" target=\"_blank\" title=\"Mediaset prescinde de Alessandro Lecquio\" data-voc-vtm-id=\"in-text-traffic\" data-mrf-link=\"www.elcorreo.com\" rel=\"nofollow noopener\"> despido fulminante de Alessandro Lecquio <\/a>de Mediaset por presunto maltrato ha provocado un tsunami informativo en la cr\u00f3nica rosa en Espa\u00f1a. La <a href=\"https:\/\/www.elcorreo.com\/gente-estilo\/patadas-amenazas-celos-antonia-dellatte-relata-pesadilla-20251012182341-nt.html\" target=\"_blank\" title=\"Patadas, amenazas, celos... Antonia Dell&#039;Atte relata la \u00abpesadilla\u00bb de los \u00abmalos tratos\u00bb de Alessandro Lequio\" data-voc-vtm-id=\"in-text-traffic\" data-mrf-link=\"www.elcorreo.com\" rel=\"nofollow noopener\">entrevista <\/a>de su exmujer Antonia dell&#8217;Atte en &#8216;El Pa\u00eds&#8217; el pasado mes de octubre, en la que relat\u00f3 el \u00abinfierno\u00bb vivido durante su corto matrimonio a finales de los 80, ha acabado con la carrera televisiva del tertuliano, vinculado a la cadena privada desde hace casi tres d\u00e9cadas y amigo \u00edntimo de Ana Rosa Quintana. Las reacciones no se han hecho esperar, pero han sido muy diferentes en el entorno del conde y en otras televisiones.<\/p>\n<p><a href=\"http:\/\/www.elcorreo.com\/gente-estilo\/antonia-dellatte-sobre-despido-lecquio-brindando-vino-20251120084441-nt.html#vtm_modulosEngag=mod-rel:gente-estilo:noticia:1:cmp:1-not\" class=\"v-a-link\" aria-label=\"Imagen\" rel=\"nofollow noopener\" target=\"_blank\"><\/p>\n<p><img decoding=\"async\" loading=\"lazy\" src=\"https:\/\/www.europesays.com\/es\/wp-content\/uploads\/2025\/11\/combo-lequio-antonia-kY8E--366x256@El Correo.jpg\" class=\"v-a-img\" width=\"258\" height=\"180\" alt=\"\" data-voc-vtm-id=\"in-text-traffic\"\/><\/p>\n<p><\/a><\/p>\n<p class=\"v-p\">Este jueves, al d\u00eda siguiente de confirmarse el cese del italiano, todas las miradas estaban puestas en los programas que Unicorn Content, la productora que la veterana periodista dirige y cuyos espacios copan gran parte del parrilla de Telecinco. Ana Rosa, que es madrina de su hija peque\u00f1a -fruto de su matrimonio con Mar\u00eda Palacios-, fue la primera en salir en pantalla en &#8216;El Programa de Ana Rosa&#8217; y opt\u00f3 por el silencio. Seg\u00fan informaron varios medios, la veterana periodista se neg\u00f3 a despedir a su amigo pero la direcci\u00f3n de Mediaset le forz\u00f3 a tomar esta decisi\u00f3n.<\/p>\n<p class=\"v-p\">Tampoco Patricia Pardo en &#8216;Vamos a ver&#8217; dijo nada. Los dos programas en los que trabajaba Lecquio han apostado por esta estrategia y no mencionar su despido. Tampoco se refirieron al controvertido asunto por la tarde en &#8216;El Tiempo justo&#8217;, presentado por Joaqu\u00edn Prat.<\/p>\n<p class=\"v-p\">La exmodelo, madre de Clemente, hijo mayor del arist\u00f3crata, llevaba d\u00e9cadas denunciando los malos tratos. En 1991 lleg\u00f3 a interponer una denuncia, pero acab\u00f3 retir\u00e1ndola. La entrevista en &#8216;El Pa\u00eds&#8217; result\u00f3 demoledora. La exmodelo italiana narr\u00f3 los terribles episodios de violencia sufrida durante sus cuatro a\u00f1os de matrimonio. Golpes, insultos, vejaciones&#8230; Una \u00abpesadilla\u00bb, describi\u00f3 Antonia. \u00abLa primera patada que me dio Lecquio, estando embarazada, fue a la vuelta de la luna de miel\u00bb, asegur\u00f3.<\/p>\n<p class=\"v-p\">Tras la publicaci\u00f3n de sus declaraciones, &#8216;El Pa\u00eds&#8217; revela que el abogado de la italiana se puso en contacto con Mediaset y le hizo entrega de la documentaci\u00f3n judicial, desde la primera denuncia hasta la causa que en 2004 su ex abri\u00f3 contra ella por calumnias, ya que le llam\u00f3 \u00abmaltratador\u00bb en varios programas. El citado medio asegura que la cadena privada no ha dudado en ning\u00fan momento del testimonio de Antonia. <\/p>\n<blockquote class=\"twitter-tweet\">\n<p lang=\"es\" dir=\"ltr\">\ud83d\udca3\ud83d\udca5 <a href=\"https:\/\/twitter.com\/hashtag\/NoSomos19N?src=hash&amp;ref_src=twsrc%5Etfw\" rel=\"nofollow noopener\" target=\"_blank\">#NoSomos19N<\/a> se entera en pleno directo de la NOTICIA BOMBA del despido de Alessandro Lecquio de Mediaset y se lia la mundial. (Carlota hasta se emociona)<\/p>\n<p>19 de noviembre de 2025, d\u00eda que va a pasar para la historia de Espa\u00f1a. POR FIN <a href=\"https:\/\/t.co\/MX3ThbVAjc\" rel=\"nofollow\">pic.twitter.com\/MX3ThbVAjc<\/a><\/p>\n<p>\u2014 Salvamista \u2728 (@elfrikidelatv_) <a href=\"https:\/\/twitter.com\/elfrikidelatv_\/status\/1991209253768478754?ref_src=twsrc%5Etfw\" rel=\"nofollow noopener\" target=\"_blank\">November 19, 2025<\/a><\/p><\/blockquote>\n<p>\u00abEs una victoria de todas las mujeres\u00bb<\/p>\n<p class=\"v-p\">Tras tomar la decisi\u00f3n, Telecinco se la comunic\u00f3 a Ana Rosa Quintana y cay\u00f3 como una losa. &#8216;El Pa\u00eds&#8217; tambi\u00e9n informa que el mi\u00e9rcoles se produjo una reuni\u00f3n con todos los colaboradores de los programas y se les pidi\u00f3 que no hablaran. La periodista s\u00ed se posicion\u00f3 hace un mes tras las dur\u00edsimas declaraciones de la que fue musa de Armani. Entonces, sali\u00f3 en defensa del conde: \u00abEs amigo m\u00edo, soy la madrina de su hija y quiero a su mujer, Mar\u00eda. \u00c9l lleva su vida profesional como le parece y tiene edad suficiente para hacer lo que le parezca. Est\u00e1 siendo criticado por unos y comprendido por otros. \u00c9l es fuerte\u00bb, dijo en un photocall y no en su programa.<\/p>\n<p class=\"v-p\">El jueves por la tarde, en Antena 3, la m\u00e1xima rival de Telecinco por las audiencias, tambi\u00e9n reapareci\u00f3 Ana Obreg\u00f3n. Fue en &#8216;Y ahora Sonsoles&#8217;. Fue toda una coincidencia. Pero la ex de Lecquio y madre su hijo Ales, fallecido por c\u00e1ncer, ni fue preguntada ni ella sac\u00f3 el tema. La actriz, bi\u00f3loga y presentadora, que comenz\u00f3 su relaci\u00f3n con el italiano cuando este a\u00fan estaba casado con Antonia dell&#8217;Atte particip\u00f3 en el programa como si no hubiese pasado nada.<\/p>\n<p class=\"v-p\">Donde s\u00ed celebraron el despido de Lecquio fue en el plat\u00f3 del nuevo &#8216;S\u00e1lvame&#8217; presentado por Mar\u00eda Pati\u00f1o y Carlota Corredera. &#8216;No somos nadie&#8217;, que se emite en el Ten TV, recibi\u00f3 en directo la noticia. Hubo, incluso gritos de alegr\u00eda. Fue en este programa donde Antonia ofreci\u00f3 sus <a href=\"https:\/\/www.elcorreo.com\/gente-estilo\/antonia-dellatte-sobre-despido-lecquio-brindando-vino-20251120084441-nt.html\" target=\"_blank\" title=\"Antonia Dell&#039;Atte, sobre el despido de Lecquio: \u00abEstoy brindando con vino\u00bb\" data-voc-vtm-id=\"in-text-traffic\" data-mrf-link=\"www.elcorreo.com\" rel=\"nofollow noopener\">primeras palabras <\/a>tras la decisi\u00f3n de Mediaset: \u00ab38 a\u00f1os, toda la prensa c\u00f3mplice\u00bb, comenz\u00f3 diciendo entre l\u00e1grimas. <\/p>\n<p class=\"v-p\">La exmodelo asegur\u00f3 haber llorado de felicidad. \u00abEstoy brindando con vino. Estoy festej\u00e1ndolo con mi hijo, con mi madre, mi familia&#8230; Es una victoria de la verdad\u00bb, a\u00f1adi\u00f3. Corredera no dud\u00f3 en apoyar a la italiana de forma tajante: \u00ab\u00bfEres consciente de que esta victoria no es solo tuya, sino de todas las mujeres?\u00bb, lanz\u00f3 la presentadora gallega.<\/p>\n<p>Reporta un error<\/p>\n<p><script async src=\"https:\/\/platform.twitter.com\/widgets.js\" charset=\"utf-8\"><\/script><\/p>\n","protected":false},"excerpt":{"rendered":"Viernes, 21 de noviembre 2025, 11:29 El despido fulminante de Alessandro Lecquio de Mediaset por presunto maltrato ha&hellip;\n","protected":false},"author":2,"featured_media":247927,"comment_status":"","ping_status":"","sticky":false,"template":"","format":"standard","meta":{"footnotes":""},"categories":[171],"tags":[20708,41564,683,5702,146,147,25,24,11823,15652,5083,524,11898,15039,9173,2465,25286,2807,23,214],"class_list":{"0":"post-247926","1":"post","2":"type-post","3":"status-publish","4":"format-standard","5":"has-post-thumbnail","7":"category-tv","8":"tag-alegria","9":"tag-alessandro-lecquio","10":"tag-ana","11":"tag-despido","12":"tag-entertainment","13":"tag-entretenimiento","14":"tag-es","15":"tag-espana","16":"tag-gritos","17":"tag-lecquio","18":"tag-maltrato","19":"tag-nuevo","20":"tag-obregon","21":"tag-presunto","22":"tag-reaccion","23":"tag-rosa","24":"tag-salvame","25":"tag-silencio","26":"tag-spain","27":"tag-tv"},"share_on_mastodon":{"url":"https:\/\/pubeurope.com\/@es\/115587357787469969","error":""},"_links":{"self":[{"href":"https:\/\/www.europesays.com\/es\/wp-json\/wp\/v2\/posts\/247926","targetHints":{"allow":["GET"]}}],"collection":[{"href":"https:\/\/www.europesays.com\/es\/wp-json\/wp\/v2\/posts"}],"about":[{"href":"https:\/\/www.europesays.com\/es\/wp-json\/wp\/v2\/types\/post"}],"author":[{"embeddable":true,"href":"https:\/\/www.europesays.com\/es\/wp-json\/wp\/v2\/users\/2"}],"replies":[{"embeddable":true,"href":"https:\/\/www.europesays.com\/es\/wp-json\/wp\/v2\/comments?post=247926"}],"version-history":[{"count":0,"href":"https:\/\/www.europesays.com\/es\/wp-json\/wp\/v2\/posts\/247926\/revisions"}],"wp:featuredmedia":[{"embeddable":true,"href":"https:\/\/www.europesays.com\/es\/wp-json\/wp\/v2\/media\/247927"}],"wp:attachment":[{"href":"https:\/\/www.europesays.com\/es\/wp-json\/wp\/v2\/media?parent=247926"}],"wp:term":[{"taxonomy":"category","embeddable":true,"href":"https:\/\/www.europesays.com\/es\/wp-json\/wp\/v2\/categories?post=247926"},{"taxonomy":"post_tag","embeddable":true,"href":"https:\/\/www.europesays.com\/es\/wp-json\/wp\/v2\/tags?post=247926"}],"curies":[{"name":"wp","href":"https:\/\/api.w.org\/{rel}","templated":true}]}}