{"id":247930,"date":"2025-11-21T11:05:12","date_gmt":"2025-11-21T11:05:12","guid":{"rendered":"https:\/\/www.europesays.com\/es\/247930\/"},"modified":"2025-11-21T11:05:12","modified_gmt":"2025-11-21T11:05:12","slug":"los-16-estrenos-de-cine-del-21-de-noviembre-llegan-con-fuerza","status":"publish","type":"post","link":"https:\/\/www.europesays.com\/es\/247930\/","title":{"rendered":"Los 16 estrenos de cine del 21 de noviembre llegan con fuerza"},"content":{"rendered":"<p><strong>El 21 de noviembre<\/strong> llega con una cartelera amplia y muy variada. Son <a href=\"https:\/\/www.sensacine.com\/peliculas\/estrenos\/es\/mes\/mes-2025-11\/\" rel=\"nofollow noopener\" target=\"_blank\"><strong>16 estrenos<\/strong><\/a> que llenan las salas de fantas\u00eda, acci\u00f3n, drama, animaci\u00f3n y documental. La oferta permite que cada espectador encuentre algo a su medida. A continuaci\u00f3n tienes todas las pel\u00edculas que se estrenan este viernes, explicadas de forma clara y con el director integrado en cada resumen.<\/p>\n<p>\u201cDr\u00e1cula\u201d<\/p>\n<p><strong>Luc Besson<\/strong> presenta una nueva visi\u00f3n del mito.\u00a0 Sigue a un pr\u00edncipe del siglo XV condenado a la inmortalidad que en el Londres victoriano cree reencontrar a su amor perdido. El director emplea una combinaci\u00f3n de fantas\u00eda, romance y terror que revitaliza el cl\u00e1sico.<\/p>\n<p>\u201cWicked: \u00abParte II\u00bb<\/p>\n<p>Otro de los estrenos viene dirigido por<strong> Jon M. Chu, <\/strong>quien\u00a0sigue con la historia de las dos brujas de Oz y mantiene su relaci\u00f3n. En esta entrega se enfrentan a decisiones que marcar\u00e1n su futuro. Chu mantiene el esp\u00edritu del musical y da m\u00e1s peso al conflicto emocional.<\/p>\n<p>\u201cThe Running Man\u201d<\/p>\n<p><strong>Edgar Wright<\/strong> es el director de un thriller de acci\u00f3n en el que un padre acepta participar en un concurso letal con la finalidad de rescatar a su hija. El director le da su estilo din\u00e1mico a la historia y la transforma en una cr\u00edtica hacia las limitaciones del espect\u00e1culo televisivo.<\/p>\n<p>\u201cLa bala\u201d<\/p>\n<p><strong>Carlos Iglesias<\/strong> lleva a la pantalla el viaje de un sacerdote que intenta cumplir la promesa de recuperar el cuerpo de su t\u00eda, enfermera de la Divisi\u00f3n Azul. En el camino descubre heridas familiares que siguen abiertas. Iglesias opta por un tono sencillo y muy humano.<\/p>\n<p>\u201cAlpha\u201d<\/p>\n<p>Entre los estrenos de esta semana destaca el de <strong>Julia Ducournau <\/strong>que cuenta la historia de una chica de trece a\u00f1os que regresa a casa con un tatuaje inesperado. Ese gesto da inicio a un proceso de transformaci\u00f3n familiar. La directora se centra en la adolescencia y en los conflictos que aparecen cuando las reglas dejan de funcionar.<\/p>\n<p>\u201cSisu: Camino a la venganza\u201d<\/p>\n<p><strong>Jalmari Helander<\/strong> recupera el esp\u00edritu de los h\u00e9roes solitarios. El personaje principal vive afectado por la guerra y opta por saldar cuentas con el causante de su infortunio. Helander opta por una acci\u00f3n directa y un personaje que, aun en silencio, ejerce fuerza.<\/p>\n<p>\u201cEn silencio. La resiliencia de Isco Alarc\u00f3n\u201d<\/p>\n<p><strong>Sara S\u00e1lamo<\/strong> firma un documental \u00edntimo donde sigue al futbolista en su proceso de recuperaci\u00f3n despu\u00e9s de una lesi\u00f3n grave. La directora mira m\u00e1s all\u00e1 del deporte y se acerca a la vulnerabilidad, el miedo y el esfuerzo por reconstruirse.<\/p>\n<p>\u201cCiudad sin sue\u00f1o\u201d<\/p>\n<p><strong>Guillermo Galoe<\/strong> debuta con la historia de un chico gitano que teme perder su hogar por un posible desalojo. El director combina un entorno realista con un retrato muy cercano de la adolescencia y de la importancia de la comunidad.<\/p>\n<p>\u201cJay Kelly\u201d<\/p>\n<p><strong>Noah Baumbach<\/strong> dirige esta comedia dram\u00e1tica centrada en un hombre famoso que nunca ha terminado de entenderse a s\u00ed mismo. Baumbach se mueve con soltura entre el humor y la introspecci\u00f3n y construye un protagonista lleno de dudas.<\/p>\n<p>\u201cSue\u00f1os en Oslo\u201d<\/p>\n<p><strong>Dag Johan Haugerud<\/strong> muestra la vida de Johanne, una adolescente que escribe en su diario el amor que siente por su profesora de franc\u00e9s. La madre y la abuela leen esas p\u00e1ginas y descubren una voz que no conoc\u00edan. El director trata la historia con calma y mucha delicadeza.<\/p>\n<p>\u201cReina madre\u201d<\/p>\n<p><strong>Manele Labidi<\/strong> dirige una historia familiar donde Amel y Amor intentan sacar a su familia adelante mientras su hija Mouna inventa un amigo imaginario para lidiar con sus miedos. Labidi apuesta por una mirada c\u00e1lida y cercana a la infancia.<\/p>\n<p>\u201cOlivia y el terremoto invisible\u201d<\/p>\n<p><strong>Irene Iborra<\/strong> presenta una pel\u00edcula de animaci\u00f3n que sigue a Olivia, una ni\u00f1a que intenta mantener a su familia que ha sido desahuciada. La directora construye un relato que habla de responsabilidad, afecto y resistencia.<\/p>\n<p>\u201cAullar\u201d<\/p>\n<p><strong>Sergio Siruela y Ezekiel Montes<\/strong> dirigen otro de los estrenos de esta semana, donde Mamen, trabajadora de un club nocturno, se descoloca al reencontrarse con su padre despu\u00e9s de a\u00f1os de ausencia. Los directores muestran un ambiente tenso y un conflicto que mezcla pasado y presente.<\/p>\n<p>\u201cEl tigre perdido\u201d<\/p>\n<p><strong>Chantelle Murray<\/strong> firma una aventura animada protagonizada por Teo, un canguro adoptado que empieza a tener visiones y necesita descubrir sus ra\u00edces. La pel\u00edcula mezcla viaje, humor y un mensaje sobre el hogar y la identidad.<\/p>\n<p>\u201cLa historia de Frank y Nina\u201d<\/p>\n<p><strong>Paola Randi<\/strong> dirige la historia desde la mirada de un adolescente mudo que observa la relaci\u00f3n entre Frank y Nina. La directora se centra en los v\u00ednculos afectivos y en las segundas oportunidades.<\/p>\n<p>\u201cElla en mil pedazos\u201d<\/p>\n<p><strong>Ram\u00f3n Luque<\/strong> presenta el drama de una joven que intenta recomponerse tras una etapa marcada por fracturas personales. El director sigue de cerca ese proceso y apuesta por un tono \u00edntimo.<\/p>\n<p>Una semana de cine<\/p>\n<p><strong>Los 16 estrenos del 21 de noviembre<\/strong> forman una de las carteleras m\u00e1s completas del mes. Hay grandes producciones, \u00f3peras primas, cine social, animaci\u00f3n y documentales que se alejan del enfoque deportivo. Con tanta variedad, el fin de semana se convierte en una oportunidad perfecta para volver a las salas.<\/p>\n<p>Para seguir descubriendo m\u00e1s planes por Madrid <a href=\"https:\/\/okdiario.com\/okplanes\/ciria-expone-galeria-distrito001-serie-reciente-15762275\" rel=\"nofollow noopener\" target=\"_blank\">haz click aqu\u00ed.<\/a><\/p>\n","protected":false},"excerpt":{"rendered":"El 21 de noviembre llega con una cartelera amplia y muy variada. Son 16 estrenos que llenan las&hellip;\n","protected":false},"author":2,"featured_media":247931,"comment_status":"","ping_status":"","sticky":false,"template":"","format":"standard","meta":{"footnotes":""},"categories":[169],"tags":[177,146,147,25,24,176,175,23],"class_list":{"0":"post-247930","1":"post","2":"type-post","3":"status-publish","4":"format-standard","5":"has-post-thumbnail","7":"category-cine","8":"tag-cine","9":"tag-entertainment","10":"tag-entretenimiento","11":"tag-es","12":"tag-espana","13":"tag-film","14":"tag-movies","15":"tag-spain"},"share_on_mastodon":{"url":"https:\/\/pubeurope.com\/@es\/115587365514899963","error":""},"_links":{"self":[{"href":"https:\/\/www.europesays.com\/es\/wp-json\/wp\/v2\/posts\/247930","targetHints":{"allow":["GET"]}}],"collection":[{"href":"https:\/\/www.europesays.com\/es\/wp-json\/wp\/v2\/posts"}],"about":[{"href":"https:\/\/www.europesays.com\/es\/wp-json\/wp\/v2\/types\/post"}],"author":[{"embeddable":true,"href":"https:\/\/www.europesays.com\/es\/wp-json\/wp\/v2\/users\/2"}],"replies":[{"embeddable":true,"href":"https:\/\/www.europesays.com\/es\/wp-json\/wp\/v2\/comments?post=247930"}],"version-history":[{"count":0,"href":"https:\/\/www.europesays.com\/es\/wp-json\/wp\/v2\/posts\/247930\/revisions"}],"wp:featuredmedia":[{"embeddable":true,"href":"https:\/\/www.europesays.com\/es\/wp-json\/wp\/v2\/media\/247931"}],"wp:attachment":[{"href":"https:\/\/www.europesays.com\/es\/wp-json\/wp\/v2\/media?parent=247930"}],"wp:term":[{"taxonomy":"category","embeddable":true,"href":"https:\/\/www.europesays.com\/es\/wp-json\/wp\/v2\/categories?post=247930"},{"taxonomy":"post_tag","embeddable":true,"href":"https:\/\/www.europesays.com\/es\/wp-json\/wp\/v2\/tags?post=247930"}],"curies":[{"name":"wp","href":"https:\/\/api.w.org\/{rel}","templated":true}]}}